{"id":7658,"date":"2016-02-25T18:30:18","date_gmt":"2016-02-25T17:30:18","guid":{"rendered":"http:\/\/www.2muve.de\/?p=7658"},"modified":"2016-02-28T18:41:44","modified_gmt":"2016-02-28T17:41:44","slug":"ismaninger-winterlauf-teil-3-214-kilometer","status":"publish","type":"post","link":"https:\/\/www.2muve.de\/index.php\/ismaninger-winterlauf-teil-3-214-kilometer\/","title":{"rendered":"Ismaninger Winterlauf Teil 3: 21,4 Kilometer"},"content":{"rendered":"<p>Hall\u00f6chen zusammen,<\/p>\n<p>irgendwann hat jede Serie ihr Ende, so auch die Ismaninger Winterlaufserie. Am 21. Februar waren die 21,4 Kilometer dran, also etwas mehr als Halbmarathondistanz. Wie jedes Mal hatten wir uns vorgenommen, dieses Mal mehr zu trainieren und wie jedes Mal stellten wir am Wettbewerbstag fest, dass sich das Trainingspensum verringert anstatt erh\u00f6ht hatte. Am Tag zuvor war noch Sturm und Dauerregen angesagt, zum Gl\u00fcck blieb es aber bei etwas Sturm und auch der war <a href=\"http:\/\/winterlaufserie.net\/wp\/wp-content\/uploads\/2011\/10\/3.Lauf-21.400m.pdf\" target=\"_blank\">an der Isar<\/a> kaum zu merken. Ich war die Tage zuvor wieder krank geworden und fragte mich, warum ich trotzdem mit solcher Vorfreude und Motivation auf den Start wartete \ud83d\ude09 .<\/p>\n<p><a href=\"http:\/\/www.sbrunner.net\/?attachment_id=7648\" rel=\"attachment wp-att-7648\"><img loading=\"lazy\" decoding=\"async\" src=\"http:\/\/www.sbrunner.net\/wp-content\/uploads\/2016\/02\/winterlauf21K_03-193x300.jpg\" alt=\"winterlauf21K_03\" width=\"193\" height=\"300\" class=\"alignnone size-medium wp-image-7648\" \/><\/a><\/p>\n<p>Nie zuvor war ich einen Halbmarathon gelaufen, nicht im Training und als Wettkampf sowieso noch nicht. Schon die <a href=\"http:\/\/www.sbrunner.net\/?p=7578\" target=\"_blank\">17 Kilometer<\/a> beim letzten Mal waren anstrengend und da hatte ich mehr trainiert. Aber trotzdem hatte ich ein gutes Gef\u00fchl und freute mich auf die sportliche Herausforderung. Krankheitsbedingt hatte ich in der Woche nur wenig gemacht und hatte so ein gewisses Bewegungsdefizit \ud83d\ude09 . <\/p>\n<p><a href=\"http:\/\/www.sbrunner.net\/?attachment_id=7646\" rel=\"attachment wp-att-7646\"><img loading=\"lazy\" decoding=\"async\" src=\"http:\/\/www.sbrunner.net\/wp-content\/uploads\/2016\/02\/winterlauf21K_01-300x169.jpg\" alt=\"winterlauf21K_01\" width=\"300\" height=\"169\" class=\"alignnone size-medium wp-image-7646\" \/><\/a><\/p>\n<p>Wir starteten gemeinsam ziemlich weit hinten und liefen los. Nachdem wir uns schon eine Weile nicht mehr gesehen hatten, wechselten wir schon bald in den Ratschmodus. Trotzdem waren wir nach einer Weile \u00fcber 10km\/h schnell, hatten aber nicht das Gef\u00fchl, dass das zu schnell sein w\u00fcrde. Nachdem wir ein St\u00fcck gelaufen waren, kam pl\u00f6tzlich hinter uns die Meldung &#8222;wir bleiben jetzt hinter euch, ihr zieht uns gut mit&#8220; \ud83d\ude09 . Und so hatten wir dann die beiden hinter uns und steuerten so ihr Tempo. &#8222;Bei euch sieht das so locker aus und ihr k\u00f6nnt sogar noch ratschen&#8220;. Da fiel Night Owl nur eines ein: &#8222;Seid froh, dass ihr uns nicht von vorne seht \ud83d\ude09 &#8220; Denn mit der Zeit wurde es doch anstrengend. Aber dank Ratschen konnten wir das auch vor uns selbst gut verstecken.<\/p>\n<p><a href=\"http:\/\/www.sbrunner.net\/?attachment_id=7647\" rel=\"attachment wp-att-7647\"><img loading=\"lazy\" decoding=\"async\" src=\"http:\/\/www.sbrunner.net\/wp-content\/uploads\/2016\/02\/winterlauf21K_02-300x169.jpg\" alt=\"winterlauf21K_02\" width=\"300\" height=\"169\" class=\"alignnone size-medium wp-image-7647\" \/><\/a><\/p>\n<p>Nach etwas \u00fcber der H\u00e4lfte gab es dann aber Probleme. Night Owl hatte Schmerzen im Knie und dann pl\u00f6tzlich so stark, dass es nicht mehr ging. &#8222;Ich kann nicht mehr, lauf weiter&#8220; &#8211; &#8222;Wirklich?&#8220; &#8211; &#8222;Ja, passt schon&#8220;. Okay&#8230; Ich lief also weiter. Die beiden hinter uns waren zuerst noch bei Night Owl, nach einer Weile trennten aber auch die sich und das M\u00e4dl lief mir hinterher, w\u00e4hrend ihr Kollege auch mit Schmerzen bei Night Owl blieb. So musste ich mich das restliche St\u00fcck alleine motivieren. Zum Gl\u00fcck kam dann auch die Versorgungsstation und nach einem Becher Tee hatte ich wieder Energie.<\/p>\n<p>Bis Kilometer 17 lief das alles ganz gut, aber dann wurde es richtig lang. Die letzten Kilometer zogen sich gef\u00fchlt ganz sch\u00f6n und ich diskutierte schon mit mir selber aus, dass ich heute keinen zwei Kilometer langen Schlusssprint machen muss. Nun ging wirklich die Kraft aus, wobei da auch eine ganze Menge Kopf dabei ist. Schlie\u00dflich wusste ich ja, dass es nur noch ein paar Kilometer sein w\u00fcrden. Und ich wartete auf die n\u00e4chsten Kilometerschilder und auf den Moment, dass der Weg wieder weg von der Isar geht. Als es endlich so weit war, musste ich nur noch weiterlaufen und das tat ich dann auch. Den Schlusssprint gab&#8217;s in abgemilderter Form auf dem letzten Kilometer, dann war ich kurz vor dem Ziel, zog nochmal an und hatte es geschafft!<\/p>\n<p>Mein erster Halbmarathon, komplett durchgelaufen, keine (Geh-)Pause, ein super Gef\u00fchl und tats\u00e4chlich fitter als auf dem rutschigen 17-Kilometer-Lauf. Ich war \u00fcberw\u00e4ltigt! Ich holte zwei Becher Tee, setzte mich ins Gras beim Zieleinlauf und freute mich \u00fcber die Endorphine. Ich konnte gar nicht glauben, dass ich es wirklich geschafft hatte. Und ich f\u00fchlte mich so unbeschreiblich gut \ud83d\ude00 ! Einen halben Becher Tee sp\u00e4ter kam das M\u00e4dl durch&#8217;s Ziel gelaufen und setzte sich zu mir. Ich gab ihr den Becher Tee, der eigentlich f\u00fcr Night Owl gedacht war und wir tauschten uns \u00fcber unsere Erfahrungen aus. Nachdem der Tee leer getrunken war, holte sie zwei neue Becher und ich begr\u00fc\u00dfte Night Owl und den Kollegen und dann kam auch schon der Tee f\u00fcr die beiden.<\/p>\n<p>Night Owl und ich freuten uns \u00fcber unseren Halbmarathon, tranken Tee und packten dann unsere Sachen, um noch einen gem\u00fctlichen Ratschnachmittag zu verbringen. Schlie\u00dflich hatten wir nur die halbe Strecke zum Plaudern, die gedanklichen Selbstgespr\u00e4che danach z\u00e4hlen nicht \ud83d\ude09 . So planten wir zuk\u00fcnftige gemeinsame L\u00e4ufe, Wanderungen und Reisen \ud83d\ude42 .<\/p>\n<p>Und hier sind meine Ergebnisse:<\/p>\n<ul>\n<li>Platz: 148<\/li>\n<li>Platz in AK: 19<\/li>\n<li>Zeit auf Sieger: 00:50:10<\/li>\n<li>Zeit auf AK-Sieger: 00:39:50<\/li>\n<li>Distanz: 21.400m<\/li>\n<li>\u00d8-Geschwindigkeit: 9,94 km\/h<\/li>\n<li>Zeit pro km: 00:06:02<\/li>\n<li>Nettozeit: 02:09:13<\/li>\n<li>Bruttozeit: 02:15:14<\/li>\n<\/ul>\n<p>Ergebnisse der Serie:<\/p>\n<ul>\n<li>Platz: 90<\/li>\n<li>Platz in AK: 10<\/li>\n<li>Zeit auf Sieger: 01:56:48<\/li>\n<li>Zeit auf AK-Sieger: 01:36:44<\/li>\n<li>Zeit: 05:09:08<\/li>\n<\/ul>\n<p>Und wieder ist da Potenzial f\u00fcr mehr. Es w\u00e4re sch\u00f6n, mal die zwei Stunden Marke zu schaffen. Aber daf\u00fcr gibt&#8217;s dieses Jahr ja noch ein paar Gelegenheiten \ud83d\ude00 ! Die Endorphine hielten jedenfalls noch bis zum n\u00e4chsten Tag an \ud83d\ude42 .<\/p>\n<p>Liebe Gr\u00fc\u00dfe,<br \/>\nEarly Bird \ud83d\ude42<\/p>\n[sgpx gpx=&#8220;\/wp-content\/uploads\/gpx\/hm_ismaning.gpx&#8220;] <\/p>\n","protected":false},"excerpt":{"rendered":"<p>Hall\u00f6chen zusammen, irgendwann hat jede Serie ihr Ende, so auch die Ismaninger Winterlaufserie. Am 21. Februar waren die 21,4 Kilometer dran, also etwas mehr als Halbmarathondistanz. Wie jedes Mal hatten wir uns vorgenommen, dieses Mal mehr zu trainieren und wie &hellip; <a href=\"https:\/\/www.2muve.de\/index.php\/ismaninger-winterlauf-teil-3-214-kilometer\/\">Weiter<\/a><\/p>\n","protected":false},"author":1,"featured_media":7659,"comment_status":"open","ping_status":"open","sticky":false,"template":"","format":"standard","meta":{"kt_blocks_editor_width":"","footnotes":""},"categories":[36],"tags":[72,71,35],"class_list":["post-7658","post","type-post","status-publish","format-standard","has-post-thumbnail","hentry","category-muvefast","tag-21k","tag-halbmarathon","tag-ismaninger-winterlauf"],"_links":{"self":[{"href":"https:\/\/www.2muve.de\/index.php\/wp-json\/wp\/v2\/posts\/7658","targetHints":{"allow":["GET"]}}],"collection":[{"href":"https:\/\/www.2muve.de\/index.php\/wp-json\/wp\/v2\/posts"}],"about":[{"href":"https:\/\/www.2muve.de\/index.php\/wp-json\/wp\/v2\/types\/post"}],"author":[{"embeddable":true,"href":"https:\/\/www.2muve.de\/index.php\/wp-json\/wp\/v2\/users\/1"}],"replies":[{"embeddable":true,"href":"https:\/\/www.2muve.de\/index.php\/wp-json\/wp\/v2\/comments?post=7658"}],"version-history":[{"count":2,"href":"https:\/\/www.2muve.de\/index.php\/wp-json\/wp\/v2\/posts\/7658\/revisions"}],"predecessor-version":[{"id":7661,"href":"https:\/\/www.2muve.de\/index.php\/wp-json\/wp\/v2\/posts\/7658\/revisions\/7661"}],"wp:featuredmedia":[{"embeddable":true,"href":"https:\/\/www.2muve.de\/index.php\/wp-json\/wp\/v2\/media\/7659"}],"wp:attachment":[{"href":"https:\/\/www.2muve.de\/index.php\/wp-json\/wp\/v2\/media?parent=7658"}],"wp:term":[{"taxonomy":"category","embeddable":true,"href":"https:\/\/www.2muve.de\/index.php\/wp-json\/wp\/v2\/categories?post=7658"},{"taxonomy":"post_tag","embeddable":true,"href":"https:\/\/www.2muve.de\/index.php\/wp-json\/wp\/v2\/tags?post=7658"}],"curies":[{"name":"wp","href":"https:\/\/api.w.org\/{rel}","templated":true}]}}