{"id":7734,"date":"2016-03-19T20:39:14","date_gmt":"2016-03-19T19:39:14","guid":{"rendered":"http:\/\/www.2muve.de\/?p=7734"},"modified":"2019-01-28T10:20:42","modified_gmt":"2019-01-28T09:20:42","slug":"laufkalender-2016","status":"publish","type":"post","link":"https:\/\/www.2muve.de\/index.php\/laufkalender-2016\/","title":{"rendered":"Laufkalender"},"content":{"rendered":"<p>Hier ein \u00dcberblick \u00fcber das aktuelle und vergangene Laufjahr(e). Die Liste wird regelm\u00e4\u00dfig aktualisiert &#8211; wenn wir also weitere L\u00e4ufe planen, dann findet ihr sie hier \ud83d\ude42 . Und wenn ihr weitere Vorschl\u00e4ge habt, dann nur her damit!<\/p>\n<hr \/>\n<h2>2019<\/h2>\n<p><span style=\"text-decoration: underline;\"><strong>Januar<\/strong><\/span><br \/>\n13. Januar &#8211; Ismaninger Winterlauf, 17 km<\/p>\n<p><span style=\"text-decoration: underline;\"><strong>Februar<\/strong><\/span><br \/>\n24. Februar &#8211; Ismaninger Winterlauf, 21,4 km<\/p>\n<h2>2018<\/h2>\n<p><span style=\"text-decoration: underline;\"><strong>April<\/strong><\/span><br \/>\n21. April &#8211; <a href=\"https:\/\/www.2muve.de\/index.php\/andechstrail-2018\/\" rel=\"noopener\" target=\"_blank\">Andechstrail<\/a>, 8,4 km<br \/>\n29. April &#8211; <a href=\"https:\/\/www.2muve.de\/index.php\/landshut-laeuft-2018\/\" rel=\"noopener\" target=\"_blank\">Landshut l\u00e4uft<\/a>, 10,2 km<\/p>\n<p><span style=\"text-decoration: underline;\"><strong>Juli<\/strong><\/span><br \/>\n22. Juli &#8211; <a href=\"https:\/\/www.2muve.de\/index.php\/hopepossibility-run\/\" rel=\"noopener\" target=\"_blank\">Hope&#038;Possibility Run<\/a>, 5 km<\/p>\n<p><span style=\"text-decoration: underline;\"><strong>September<\/strong><\/span><br \/>\n9. September &#8211; <a href=\"https:\/\/www.sbrunner.net\/?p=9880\" rel=\"noopener\" target=\"_blank\">Run for Life<\/a>, 10 km<br \/>\n16. September &#8211; <a href=\"https:\/\/www.sbrunner.net\/?p=9878\" rel=\"noopener\" target=\"_blank\">Alt\u00f6tting Halbmarathon<\/a>, 21 km<\/p>\n<p><span style=\"text-decoration: underline;\"><strong>Oktober<\/strong><\/span><br \/>\n20. Oktober &#8211; <a href=\"https:\/\/www.2muve.de\/index.php\/altmuehltrail-2018\/\" rel=\"noopener\" target=\"_blank\">Altm\u00fchltrail<\/a>, 26 km<\/p>\n<p><span style=\"text-decoration: underline;\"><strong>Dezember<\/strong><\/span><br \/>\n16. Dezember &#8211; Ismaninger Winterlauf, 13 km<\/p>\n<hr \/>\n<h2>2017<\/h2>\n<p><span style=\"text-decoration: underline;\"><strong>Januar<\/strong><\/span><br \/>\n15. Januar &#8211; Ismaninger Winterlauf, 17 km<\/p>\n<p><span style=\"text-decoration: underline;\"><strong>April<\/strong><\/span><br \/>\n22. April &#8211; <a href=\"https:\/\/www.2muve.de\/index.php\/rueckblick-andechs-trail-2017\/\">Andechs Trail, 8,4 km<\/a><\/p>\n<p><span style=\"text-decoration: underline;\"><strong>September<\/strong><\/span><\/p>\n<p>10. September &#8211; <a href=\"http:\/\/www.sbrunner.net\/?p=8988\" rel=\"noopener\" target=\"_blank\">Run for Life, 10 km<\/a><\/p>\n<p><span style=\"text-decoration: underline;\"><strong>Oktober<\/strong><\/span><br \/>\n21. Oktober &#8211; <a href=\"https:\/\/www.2muve.de\/index.php\/altmuehltrail-2017\/\">Altm\u00fchltrail, 9 km<\/a><\/p>\n<hr \/>\n<h2>2016<\/h2>\n<p><span style=\"text-decoration: underline;\"><strong>Januar<\/strong><\/span><br \/>\n17. Januar &#8211; <a href=\"https:\/\/www.2muve.de\/index.php\/ismaninger-winterlauf-teil-2-17-kilometer\/\">Ismaninger Winterlauf, 17 km<\/a><\/p>\n<p><span style=\"text-decoration: underline;\"><strong>Februar<\/strong><\/span><br \/>\n21. Februar &#8211; <a href=\"https:\/\/www.2muve.de\/index.php\/ismaninger-winterlauf-teil-3-214-kilometer\/\">Ismaninger Winterlauf, 21,4 km<\/a><\/p>\n<p><span style=\"text-decoration: underline;\"><strong>April<\/strong><\/span><br \/>\n16. April &#8211; <a href=\"https:\/\/www.2muve.de\/index.php\/unser-erster-trail-run-der-andechs-expert-trail\/\">Andechs Trail, 15 km<\/a><br \/>\n24. April &#8211; <a href=\"https:\/\/www.2muve.de\/index.php\/unsere-ersten-halbmarathon-medaillen\/\">Landshut l\u00e4uft, 21,1 km<\/a><\/p>\n<p><span style=\"text-decoration: underline;\"><strong>Juli<\/strong><\/span><br \/>\n10. Juli &#8211; <a href=\"https:\/\/www.2muve.de\/index.php\/run4trees\/\">run4trees, 21,1 km<\/a><\/p>\n<p><span style=\"text-decoration: underline;\"><strong>September<\/strong><\/span><br \/>\n11. September &#8211; Run for Life, 10 km<br \/>\n18. September &#8211; <a href=\"https:\/\/www.2muve.de\/index.php\/25-omv-halbmarathon-altoetting\/\">Alt\u00f6tting Halbmarathon, 21 km<\/a><\/p>\n<p><span style=\"text-decoration: underline;\"><strong>Oktober<\/strong><\/span><br \/>\n22. Oktober &#8211; <a href=\"https:\/\/www.2muve.de\/index.php\/altmuehltrail-in-und-um-dollnstein\/\">Altm\u00fchltrail, 26 km<\/a><\/p>\n<p><span style=\"text-decoration: underline;\"><strong>Dezember<\/strong><\/span><br \/>\n11. Dezember &#8211; Ismaninger Winterlauf, 13 km<\/p>\n<div id=\"kad-wp-gallery61\" class=\"kad-wp-gallery kad-light-wp-gallery clearfix kt-gallery-column-5 rowtight\"><div class=\"tcol-lg-25 tcol-md-25 tcol-sm-3 tcol-xs-4 tcol-ss-6 g_item\"><div class=\"grid_item kad_gallery_fade_in gallery_item\"><a href=\"https:\/\/www.2muve.de\/wp-content\/uploads\/2016\/05\/landshut02-1.jpg\" data-rel=\"lightbox\" class=\"lightboxhover\"><img loading=\"lazy\" decoding=\"async\" src=\"https:\/\/www.2muve.de\/wp-content\/uploads\/2016\/05\/landshut02-1-300x300.jpg\" width=\"300\" height=\"300\" alt=\"\" srcset=\"https:\/\/www.2muve.de\/wp-content\/uploads\/2016\/05\/landshut02-1-300x300.jpg 300w, https:\/\/www.2muve.de\/wp-content\/uploads\/2016\/05\/landshut02-1-150x150.jpg 150w\" sizes=\"auto, (max-width: 300px) 100vw, 300px\" class=\"light-dropshaddow\"\/><\/a><\/div><\/div><div class=\"tcol-lg-25 tcol-md-25 tcol-sm-3 tcol-xs-4 tcol-ss-6 g_item\"><div class=\"grid_item kad_gallery_fade_in gallery_item\"><a href=\"https:\/\/www.2muve.de\/wp-content\/uploads\/2016\/05\/landshut04.jpg\" data-rel=\"lightbox\" class=\"lightboxhover\"><img loading=\"lazy\" decoding=\"async\" src=\"https:\/\/www.2muve.de\/wp-content\/uploads\/2016\/05\/landshut04-300x300.jpg\" width=\"300\" height=\"300\" alt=\"Unsere ersten Medaillen\" srcset=\"https:\/\/www.2muve.de\/wp-content\/uploads\/2016\/05\/landshut04-300x300.jpg 300w, https:\/\/www.2muve.de\/wp-content\/uploads\/2016\/05\/landshut04-150x150.jpg 150w, https:\/\/www.2muve.de\/wp-content\/uploads\/2016\/05\/landshut04-400x400.jpg 400w, https:\/\/www.2muve.de\/wp-content\/uploads\/2016\/05\/landshut04-365x365.jpg 365w\" sizes=\"auto, (max-width: 300px) 100vw, 300px\" class=\"light-dropshaddow\"\/><\/a><\/div><\/div><div class=\"tcol-lg-25 tcol-md-25 tcol-sm-3 tcol-xs-4 tcol-ss-6 g_item\"><div class=\"grid_item kad_gallery_fade_in gallery_item\"><a href=\"https:\/\/www.2muve.de\/wp-content\/uploads\/2016\/04\/IMG_20160417_191815.jpg\" data-rel=\"lightbox\" class=\"lightboxhover\"><img loading=\"lazy\" decoding=\"async\" src=\"https:\/\/www.2muve.de\/wp-content\/uploads\/2016\/04\/IMG_20160417_191815-300x300.jpg\" width=\"300\" height=\"300\" alt=\"Vor dem Start\" srcset=\"https:\/\/www.2muve.de\/wp-content\/uploads\/2016\/04\/IMG_20160417_191815-300x300.jpg 300w, https:\/\/www.2muve.de\/wp-content\/uploads\/2016\/04\/IMG_20160417_191815-150x150.jpg 150w, https:\/\/www.2muve.de\/wp-content\/uploads\/2016\/04\/IMG_20160417_191815-600x600.jpg 600w, https:\/\/www.2muve.de\/wp-content\/uploads\/2016\/04\/IMG_20160417_191815-800x800.jpg 800w, https:\/\/www.2muve.de\/wp-content\/uploads\/2016\/04\/IMG_20160417_191815-400x400.jpg 400w, https:\/\/www.2muve.de\/wp-content\/uploads\/2016\/04\/IMG_20160417_191815-730x730.jpg 730w, https:\/\/www.2muve.de\/wp-content\/uploads\/2016\/04\/IMG_20160417_191815-365x365.jpg 365w\" sizes=\"auto, (max-width: 300px) 100vw, 300px\" class=\"light-dropshaddow\"\/><\/a><\/div><\/div><div class=\"tcol-lg-25 tcol-md-25 tcol-sm-3 tcol-xs-4 tcol-ss-6 g_item\"><div class=\"grid_item kad_gallery_fade_in gallery_item\"><a href=\"https:\/\/www.2muve.de\/wp-content\/uploads\/2016\/02\/winterlauf21K_01.jpg\" data-rel=\"lightbox\" class=\"lightboxhover\"><img loading=\"lazy\" decoding=\"async\" src=\"https:\/\/www.2muve.de\/wp-content\/uploads\/2016\/02\/winterlauf21K_01-300x300.jpg\" width=\"300\" height=\"300\" alt=\"Ismaninger Winterlauf 2016\" srcset=\"https:\/\/www.2muve.de\/wp-content\/uploads\/2016\/02\/winterlauf21K_01-300x300.jpg 300w, https:\/\/www.2muve.de\/wp-content\/uploads\/2016\/02\/winterlauf21K_01-150x150.jpg 150w\" sizes=\"auto, (max-width: 300px) 100vw, 300px\" class=\"light-dropshaddow\"\/><\/a><\/div><\/div><div class=\"tcol-lg-25 tcol-md-25 tcol-sm-3 tcol-xs-4 tcol-ss-6 g_item\"><div class=\"grid_item kad_gallery_fade_in gallery_item\"><a href=\"https:\/\/www.2muve.de\/wp-content\/uploads\/2016\/11\/altmuehl20-e1478778752153.jpg\" data-rel=\"lightbox\" class=\"lightboxhover\"><img loading=\"lazy\" decoding=\"async\" src=\"https:\/\/www.2muve.de\/wp-content\/uploads\/2016\/11\/altmuehl20-e1478778752153-300x300.jpg\" width=\"300\" height=\"300\" alt=\"Ersch\u00f6pft und gl\u00fccklich im Ziel\"  class=\"light-dropshaddow\"\/><\/a><\/div><\/div><\/div>\n<hr \/>\n","protected":false},"excerpt":{"rendered":"<p>Hier ein \u00dcberblick \u00fcber das aktuelle und vergangene Laufjahr(e). Die Liste wird regelm\u00e4\u00dfig aktualisiert &#8211; wenn wir also weitere L\u00e4ufe planen, dann findet ihr sie hier \ud83d\ude42 . Und wenn ihr weitere Vorschl\u00e4ge habt, dann nur her damit! 2019 Januar &hellip; <a href=\"https:\/\/www.2muve.de\/index.php\/laufkalender-2016\/\">Weiter<\/a><\/p>\n","protected":false},"author":1,"featured_media":7739,"comment_status":"open","ping_status":"closed","sticky":false,"template":"","format":"standard","meta":{"kt_blocks_editor_width":"","footnotes":""},"categories":[36],"tags":[83,35,73,64,82],"class_list":["post-7734","post","type-post","status-publish","format-standard","has-post-thumbnail","hentry","category-muvefast","tag-andechs-trail","tag-ismaninger-winterlauf","tag-joggen","tag-laufen","tag-laufkalender"],"_links":{"self":[{"href":"https:\/\/www.2muve.de\/index.php\/wp-json\/wp\/v2\/posts\/7734","targetHints":{"allow":["GET"]}}],"collection":[{"href":"https:\/\/www.2muve.de\/index.php\/wp-json\/wp\/v2\/posts"}],"about":[{"href":"https:\/\/www.2muve.de\/index.php\/wp-json\/wp\/v2\/types\/post"}],"author":[{"embeddable":true,"href":"https:\/\/www.2muve.de\/index.php\/wp-json\/wp\/v2\/users\/1"}],"replies":[{"embeddable":true,"href":"https:\/\/www.2muve.de\/index.php\/wp-json\/wp\/v2\/comments?post=7734"}],"version-history":[{"count":32,"href":"https:\/\/www.2muve.de\/index.php\/wp-json\/wp\/v2\/posts\/7734\/revisions"}],"predecessor-version":[{"id":9631,"href":"https:\/\/www.2muve.de\/index.php\/wp-json\/wp\/v2\/posts\/7734\/revisions\/9631"}],"wp:featuredmedia":[{"embeddable":true,"href":"https:\/\/www.2muve.de\/index.php\/wp-json\/wp\/v2\/media\/7739"}],"wp:attachment":[{"href":"https:\/\/www.2muve.de\/index.php\/wp-json\/wp\/v2\/media?parent=7734"}],"wp:term":[{"taxonomy":"category","embeddable":true,"href":"https:\/\/www.2muve.de\/index.php\/wp-json\/wp\/v2\/categories?post=7734"},{"taxonomy":"post_tag","embeddable":true,"href":"https:\/\/www.2muve.de\/index.php\/wp-json\/wp\/v2\/tags?post=7734"}],"curies":[{"name":"wp","href":"https:\/\/api.w.org\/{rel}","templated":true}]}}