{"id":8072,"date":"2016-08-18T13:13:24","date_gmt":"2016-08-18T12:13:24","guid":{"rendered":"http:\/\/www.2muve.de\/?p=8072"},"modified":"2016-08-21T08:45:04","modified_gmt":"2016-08-21T07:45:04","slug":"muve-etappe-3-bad-toelz-tutzinger-huette","status":"publish","type":"post","link":"https:\/\/www.2muve.de\/index.php\/muve-etappe-3-bad-toelz-tutzinger-huette\/","title":{"rendered":"muve Etappe 3: Bad T\u00f6lz &#8211; Tutzinger H\u00fctte"},"content":{"rendered":"<div class=\"blockquote blockquote-full postclass clearfix\">\n<ul id=\"track_ov\">\n<li id=\"time\">10:30h<\/li>\n<li id=\"public\">Bad T\u00f6lz<\/li>\n<li id=\"distance\">21 km<\/li>\n<li id=\"equipment\">Gute Schuhe, Gep\u00e4ck f\u00fcr vier Wochen<\/li>\n<\/ul>\n<\/div><div class=\"clearfix\"><\/div>\n<p><strong>Zusammenfassung:<\/strong><br \/>\nZwischen Bad T\u00f6lz und Lenggries war&#8217;s ein recht langer Hatscher f\u00fcr uns, der wegen Fu\u00dfschmerzen und Co. deutlich l\u00e4nger gedauert hat, als wir es uns vorgestellt hatten. Sobald wir in den Bergen waren, f\u00fchlten wir uns schon viel wohler und hatten das Gef\u00fchl, endlich richtig unterwegs zu sein.<\/p>\n<p><strong>Details:<\/strong><\/p>\n<p>Schon um f\u00fcnf klingelte der Wecker, ich sprang aus dem Bett und nach meiner Intensivmassage mit Voltaren und Pferdesalbe vom Vorabend hatte ich doch wieder ein etwas besseres Gef\u00fchl in den F\u00fc\u00dfen. Nach einem recht sp\u00e4rlichen Fr\u00fchst\u00fcck lief ich nun mit meinen alten Wanderschuhen an den F\u00fc\u00dfen zur S-Bahn. Bis halb neun sollte mich die BOB nach Bad T\u00f6lz bringen! <\/p>\n<div id=\"kad-wp-gallery73\" class=\"kad-wp-gallery kad-light-wp-gallery clearfix kt-gallery-column-3 rowtight\"><div class=\"tcol-lg-4 tcol-md-4 tcol-sm-4 tcol-xs-6 tcol-ss-12 g_item\"><div class=\"grid_item kad_gallery_fade_in gallery_item\"><a href=\"https:\/\/www.2muve.de\/wp-content\/uploads\/2016\/08\/MuenchenVenedig_03_1.jpg\" data-rel=\"lightbox\" class=\"lightboxhover\"><img loading=\"lazy\" decoding=\"async\" src=\"https:\/\/www.2muve.de\/wp-content\/uploads\/2016\/08\/MuenchenVenedig_03_1-400x400.jpg\" width=\"400\" height=\"400\" alt=\"Isar am Morgen\" srcset=\"https:\/\/www.2muve.de\/wp-content\/uploads\/2016\/08\/MuenchenVenedig_03_1-400x400.jpg 400w, https:\/\/www.2muve.de\/wp-content\/uploads\/2016\/08\/MuenchenVenedig_03_1-150x150.jpg 150w\" sizes=\"auto, (max-width: 400px) 100vw, 400px\" class=\"light-dropshaddow\"\/><\/a><\/div><\/div><div class=\"tcol-lg-4 tcol-md-4 tcol-sm-4 tcol-xs-6 tcol-ss-12 g_item\"><div class=\"grid_item kad_gallery_fade_in gallery_item\"><a href=\"https:\/\/www.2muve.de\/wp-content\/uploads\/2016\/08\/MuenchenVenedig_03_2.jpg\" data-rel=\"lightbox\" class=\"lightboxhover\"><img loading=\"lazy\" decoding=\"async\" src=\"https:\/\/www.2muve.de\/wp-content\/uploads\/2016\/08\/MuenchenVenedig_03_2-400x400.jpg\" width=\"400\" height=\"400\" alt=\"Weg neben der Isar\" srcset=\"https:\/\/www.2muve.de\/wp-content\/uploads\/2016\/08\/MuenchenVenedig_03_2-400x400.jpg 400w, https:\/\/www.2muve.de\/wp-content\/uploads\/2016\/08\/MuenchenVenedig_03_2-150x150.jpg 150w\" sizes=\"auto, (max-width: 400px) 100vw, 400px\" class=\"light-dropshaddow\"\/><\/a><\/div><\/div><div class=\"tcol-lg-4 tcol-md-4 tcol-sm-4 tcol-xs-6 tcol-ss-12 g_item\"><div class=\"grid_item kad_gallery_fade_in gallery_item\"><a href=\"https:\/\/www.2muve.de\/wp-content\/uploads\/2016\/08\/MuenchenVenedig_03_3.jpg\" data-rel=\"lightbox\" class=\"lightboxhover\"><img loading=\"lazy\" decoding=\"async\" src=\"https:\/\/www.2muve.de\/wp-content\/uploads\/2016\/08\/MuenchenVenedig_03_3-400x400.jpg\" width=\"400\" height=\"400\" alt=\"Isar vor Lenggries\" srcset=\"https:\/\/www.2muve.de\/wp-content\/uploads\/2016\/08\/MuenchenVenedig_03_3-400x400.jpg 400w, https:\/\/www.2muve.de\/wp-content\/uploads\/2016\/08\/MuenchenVenedig_03_3-150x150.jpg 150w\" sizes=\"auto, (max-width: 400px) 100vw, 400px\" class=\"light-dropshaddow\"\/><\/a><\/div><\/div><\/div>\n<p>Dort angekommen lief ich durch die Stadt und \u00fcber den Stadtplatz zur Isar. Dort trafen Night Owl und ich fast gleichzeitig ein, packten noch ein paar Sachen um und konnten dann loslaufen. Mit den Wanderschuhen f\u00fchlten sich meine F\u00fc\u00dfe nun schon deutlich stabiler und besser an. Die Schmerzen waren nicht weg, aber nun zumindest gleichbleibend. So konnten wir weiterlaufen. Night Owls F\u00fc\u00dfe waren auch nicht mehr so gut drauf, steckten die Barfu\u00dfschuh-Belastung aber noch besser weg als meine. Der Weg nach Lenggries f\u00fchrte an der Isar entlang und nun trafen wir wieder eine weitere M\u00fcnchen-Venedig-Wanderin mit superleichtem Gep\u00e4ck, die uns auch schnell \u00fcberholte. Wir brauchten ewig f\u00fcr die Strecke und machten immer wieder Pause, um unsere F\u00fc\u00dfe zu entlasten. Erst gegen Mittag erreichten wir Lenggries und liefen zur Brauneckbahn.<\/p>\n<div id=\"kad-wp-gallery72\" class=\"kad-wp-gallery kad-light-wp-gallery clearfix kt-gallery-column-2 rowtight\"><div class=\"tcol-lg-6 tcol-md-6 tcol-sm-6 tcol-xs-12 tcol-ss-12 g_item\"><div class=\"grid_item kad_gallery_fade_in gallery_item\"><a href=\"https:\/\/www.2muve.de\/wp-content\/uploads\/2016\/08\/MuenchenVenedig_03_6.jpg\" data-rel=\"lightbox\" class=\"lightboxhover\"><img loading=\"lazy\" decoding=\"async\" src=\"https:\/\/www.2muve.de\/wp-content\/uploads\/2016\/08\/MuenchenVenedig_03_6.jpg\" width=\"600\" height=\"400\" alt=\"Weg zum Brauneck\" srcset=\"https:\/\/www.2muve.de\/wp-content\/uploads\/2016\/08\/MuenchenVenedig_03_6.jpg 600w, https:\/\/www.2muve.de\/wp-content\/uploads\/2016\/08\/MuenchenVenedig_03_6-300x200.jpg 300w\" sizes=\"auto, (max-width: 600px) 100vw, 600px\" class=\"light-dropshaddow\"\/><\/a><\/div><\/div><div class=\"tcol-lg-6 tcol-md-6 tcol-sm-6 tcol-xs-12 tcol-ss-12 g_item\"><div class=\"grid_item kad_gallery_fade_in gallery_item\"><a href=\"https:\/\/www.2muve.de\/wp-content\/uploads\/2016\/08\/MuenchenVenedig_03_5.jpg\" data-rel=\"lightbox\" class=\"lightboxhover\"><img loading=\"lazy\" decoding=\"async\" src=\"https:\/\/www.2muve.de\/wp-content\/uploads\/2016\/08\/MuenchenVenedig_03_5.jpg\" width=\"600\" height=\"400\" alt=\"Gipfelstation Brauneck\" srcset=\"https:\/\/www.2muve.de\/wp-content\/uploads\/2016\/08\/MuenchenVenedig_03_5.jpg 600w, https:\/\/www.2muve.de\/wp-content\/uploads\/2016\/08\/MuenchenVenedig_03_5-300x200.jpg 300w\" sizes=\"auto, (max-width: 600px) 100vw, 600px\" class=\"light-dropshaddow\"\/><\/a><\/div><\/div><\/div>\n<p>Wir suchten uns einen Schattenplatz und machten nochmal Pause. Der Wanderf\u00fchrer l\u00e4sst einem die Wahl mit der Bahn zu fahren oder zu Fu\u00df hochzulaufen, wir wollten aber definitiv laufen. Gest\u00e4rkt ging es los &#8211; endlich. Und unsere F\u00fc\u00dfe konnten endlich aufatmen &#8211; bergauf ist die Belastung ganz anders, es war ein Genuss, ohne Schmerzen zu wandern. Daher ging das dann auch ganz schnell. Zwei Jungs, die wir in den folgenden Tagen noch \u00f6fter sehen sollten, nahmen auch den Wanderweg und \u00fcberholten uns bei einer Fotopause. An der Gipfelstation angekommen liefen wir noch die letzten Meter bis zum Gipfelkreuz und hatten unsere erste sch\u00f6ne Aussicht.<\/p>\n<div id=\"kad-wp-gallery36\" class=\"kad-wp-gallery kad-light-wp-gallery clearfix kt-gallery-column-1 rowtight\"><div class=\"tcol-lg-12 tcol-md-12 tcol-sm-12 tcol-xs-12 tcol-ss-12 g_item\"><div class=\"grid_item kad_gallery_fade_in gallery_item\"><a href=\"https:\/\/www.2muve.de\/wp-content\/uploads\/2016\/08\/MuenchenVenedig_03_7.jpg\" data-rel=\"lightbox\" class=\"lightboxhover\"><img loading=\"lazy\" decoding=\"async\" src=\"https:\/\/www.2muve.de\/wp-content\/uploads\/2016\/08\/MuenchenVenedig_03_7.jpg\" width=\"1000\" height=\"227\" alt=\"Ausblick vom Brauneck\" srcset=\"https:\/\/www.2muve.de\/wp-content\/uploads\/2016\/08\/MuenchenVenedig_03_7.jpg 1000w, https:\/\/www.2muve.de\/wp-content\/uploads\/2016\/08\/MuenchenVenedig_03_7-300x68.jpg 300w, https:\/\/www.2muve.de\/wp-content\/uploads\/2016\/08\/MuenchenVenedig_03_7-768x174.jpg 768w\" sizes=\"auto, (max-width: 1000px) 100vw, 1000px\" class=\"light-dropshaddow\"\/><\/a><\/div><\/div><\/div>\n<p>Unsere Stimmung wurde besser. Die F\u00fc\u00dfe schmerzten weniger, auch der Rucksack dr\u00fcckt beim bergauf gehen seltsamerweise weniger stark auf die Schultern, die Landschaft wurde sch\u00f6ner, einfach alles war besser, da es nun bergauf ging \ud83d\ude42 . Der erste Gipfel, das Brauneck (1555m), war geschafft und nun wanderten wir auf dem Grat weiter. Es folgten Vorderer Kirchstein (1670m), Latschenkopf (1712m) und Feichtecksattel (1626m). <\/p>\n<div id=\"kad-wp-gallery68\" class=\"kad-wp-gallery kad-light-wp-gallery clearfix kt-gallery-column-3 rowtight\"><div class=\"tcol-lg-4 tcol-md-4 tcol-sm-4 tcol-xs-6 tcol-ss-12 g_item\"><div class=\"grid_item kad_gallery_fade_in gallery_item\"><a href=\"https:\/\/www.2muve.de\/wp-content\/uploads\/2016\/08\/MuenchenVenedig_03_8.jpg\" data-rel=\"lightbox\" class=\"lightboxhover\"><img loading=\"lazy\" decoding=\"async\" src=\"https:\/\/www.2muve.de\/wp-content\/uploads\/2016\/08\/MuenchenVenedig_03_8-400x400.jpg\" width=\"400\" height=\"400\" alt=\"Gratweg nach dem Brauneck\" srcset=\"https:\/\/www.2muve.de\/wp-content\/uploads\/2016\/08\/MuenchenVenedig_03_8-400x400.jpg 400w, https:\/\/www.2muve.de\/wp-content\/uploads\/2016\/08\/MuenchenVenedig_03_8-150x150.jpg 150w\" sizes=\"auto, (max-width: 400px) 100vw, 400px\" class=\"light-dropshaddow\"\/><\/a><\/div><\/div><div class=\"tcol-lg-4 tcol-md-4 tcol-sm-4 tcol-xs-6 tcol-ss-12 g_item\"><div class=\"grid_item kad_gallery_fade_in gallery_item\"><a href=\"https:\/\/www.2muve.de\/wp-content\/uploads\/2016\/08\/MuenchenVenedig_03_9.jpg\" data-rel=\"lightbox\" class=\"lightboxhover\"><img loading=\"lazy\" decoding=\"async\" src=\"https:\/\/www.2muve.de\/wp-content\/uploads\/2016\/08\/MuenchenVenedig_03_9-400x400.jpg\" width=\"400\" height=\"400\" alt=\"Unterwegs auf dem E4\" srcset=\"https:\/\/www.2muve.de\/wp-content\/uploads\/2016\/08\/MuenchenVenedig_03_9-400x400.jpg 400w, https:\/\/www.2muve.de\/wp-content\/uploads\/2016\/08\/MuenchenVenedig_03_9-150x150.jpg 150w\" sizes=\"auto, (max-width: 400px) 100vw, 400px\" class=\"light-dropshaddow\"\/><\/a><\/div><\/div><div class=\"tcol-lg-4 tcol-md-4 tcol-sm-4 tcol-xs-6 tcol-ss-12 g_item\"><div class=\"grid_item kad_gallery_fade_in gallery_item\"><a href=\"https:\/\/www.2muve.de\/wp-content\/uploads\/2016\/08\/MuenchenVenedig_03_10.jpg\" data-rel=\"lightbox\" class=\"lightboxhover\"><img loading=\"lazy\" decoding=\"async\" src=\"https:\/\/www.2muve.de\/wp-content\/uploads\/2016\/08\/MuenchenVenedig_03_10-400x400.jpg\" width=\"400\" height=\"400\" alt=\"Blick auf die Gipfel auf dem Weg\" srcset=\"https:\/\/www.2muve.de\/wp-content\/uploads\/2016\/08\/MuenchenVenedig_03_10-400x400.jpg 400w, https:\/\/www.2muve.de\/wp-content\/uploads\/2016\/08\/MuenchenVenedig_03_10-150x150.jpg 150w\" sizes=\"auto, (max-width: 400px) 100vw, 400px\" class=\"light-dropshaddow\"\/><\/a><\/div><\/div><\/div>\n<p>Mit Gipfelpausen dazwischen ging es bis zum Weg \u00fcber die Achselk\u00f6pfe (1675m). Der Wanderf\u00fchrer bietet hier eine Alternative zur schwarzen Route, wir w\u00e4hlten aber den Weg \u00fcber die Achselk\u00f6pfe. \u00dcber Leitern und teilweise mit Stahlseil versichert wanderten wir hoch und runter. Ein Achselkopf nach dem anderen \ud83d\ude09 . Manchmal brauchten wir die H\u00e4nde, da es \u00fcber viele Felsen entlang geht. Das hatte richtig Spa\u00df gemacht!<\/p>\n<div id=\"kad-wp-gallery23\" class=\"kad-wp-gallery kad-light-wp-gallery clearfix kt-gallery-column-4 rowtight\"><div class=\"tcol-lg-3 tcol-md-3 tcol-sm-4 tcol-xs-6 tcol-ss-12 g_item\"><div class=\"grid_item kad_gallery_fade_in gallery_item\"><a href=\"https:\/\/www.2muve.de\/wp-content\/uploads\/2016\/08\/MuenchenVenedig_03_11.jpg\" data-rel=\"lightbox\" class=\"lightboxhover\"><img loading=\"lazy\" decoding=\"async\" src=\"https:\/\/www.2muve.de\/wp-content\/uploads\/2016\/08\/MuenchenVenedig_03_11-300x300.jpg\" width=\"300\" height=\"300\" alt=\"Gratweg zu den Achselk\u00f6pfen\" srcset=\"https:\/\/www.2muve.de\/wp-content\/uploads\/2016\/08\/MuenchenVenedig_03_11-300x300.jpg 300w, https:\/\/www.2muve.de\/wp-content\/uploads\/2016\/08\/MuenchenVenedig_03_11-150x150.jpg 150w\" sizes=\"auto, (max-width: 300px) 100vw, 300px\" class=\"light-dropshaddow\"\/><\/a><\/div><\/div><div class=\"tcol-lg-3 tcol-md-3 tcol-sm-4 tcol-xs-6 tcol-ss-12 g_item\"><div class=\"grid_item kad_gallery_fade_in gallery_item\"><a href=\"https:\/\/www.2muve.de\/wp-content\/uploads\/2016\/08\/MuenchenVenedig_03_12.jpg\" data-rel=\"lightbox\" class=\"lightboxhover\"><img loading=\"lazy\" decoding=\"async\" src=\"https:\/\/www.2muve.de\/wp-content\/uploads\/2016\/08\/MuenchenVenedig_03_12-300x300.jpg\" width=\"300\" height=\"300\" alt=\"Gesicherter Steig \u00fcber die Achselk\u00f6pfe\" srcset=\"https:\/\/www.2muve.de\/wp-content\/uploads\/2016\/08\/MuenchenVenedig_03_12-300x300.jpg 300w, https:\/\/www.2muve.de\/wp-content\/uploads\/2016\/08\/MuenchenVenedig_03_12-150x150.jpg 150w\" sizes=\"auto, (max-width: 300px) 100vw, 300px\" class=\"light-dropshaddow\"\/><\/a><\/div><\/div><div class=\"tcol-lg-3 tcol-md-3 tcol-sm-4 tcol-xs-6 tcol-ss-12 g_item\"><div class=\"grid_item kad_gallery_fade_in gallery_item\"><a href=\"https:\/\/www.2muve.de\/wp-content\/uploads\/2016\/08\/MuenchenVenedig_03_13.jpg\" data-rel=\"lightbox\" class=\"lightboxhover\"><img loading=\"lazy\" decoding=\"async\" src=\"https:\/\/www.2muve.de\/wp-content\/uploads\/2016\/08\/MuenchenVenedig_03_13-300x300.jpg\" width=\"300\" height=\"300\" alt=\"Gesicherter Steig \u00fcber die Achselk\u00f6pfe\" srcset=\"https:\/\/www.2muve.de\/wp-content\/uploads\/2016\/08\/MuenchenVenedig_03_13-300x300.jpg 300w, https:\/\/www.2muve.de\/wp-content\/uploads\/2016\/08\/MuenchenVenedig_03_13-150x150.jpg 150w, https:\/\/www.2muve.de\/wp-content\/uploads\/2016\/08\/MuenchenVenedig_03_13-400x400.jpg 400w\" sizes=\"auto, (max-width: 300px) 100vw, 300px\" class=\"light-dropshaddow\"\/><\/a><\/div><\/div><div class=\"tcol-lg-3 tcol-md-3 tcol-sm-4 tcol-xs-6 tcol-ss-12 g_item\"><div class=\"grid_item kad_gallery_fade_in gallery_item\"><a href=\"https:\/\/www.2muve.de\/wp-content\/uploads\/2016\/08\/MuenchenVenedig_03_14.jpg\" data-rel=\"lightbox\" class=\"lightboxhover\"><img loading=\"lazy\" decoding=\"async\" src=\"https:\/\/www.2muve.de\/wp-content\/uploads\/2016\/08\/MuenchenVenedig_03_14-300x300.jpg\" width=\"300\" height=\"300\" alt=\"Gesicherter Steig \u00fcber die Achselk\u00f6pfe\" srcset=\"https:\/\/www.2muve.de\/wp-content\/uploads\/2016\/08\/MuenchenVenedig_03_14-300x300.jpg 300w, https:\/\/www.2muve.de\/wp-content\/uploads\/2016\/08\/MuenchenVenedig_03_14-150x150.jpg 150w\" sizes=\"auto, (max-width: 300px) 100vw, 300px\" class=\"light-dropshaddow\"\/><\/a><\/div><\/div><\/div>\n<p>Nur hatten wir unseren Trinkvorrat fast aufgebraucht. Aber weit konnte es ja nicht mehr sein. Die Energie ging uns trotzdem schon aus und unser erster und einziger Notfalltraubenzucker der ganzen Tour kam zum Einsatz. Die \u00dcberschreitung der Achselk\u00f6pfe dauerte l\u00e4nger, als wir gedacht hatten, aber dann sahen wir doch endlich ein Ende. Nun folgte der Weg zum Rot\u00f6hrsattel.<\/p>\n<div id=\"kad-wp-gallery48\" class=\"kad-wp-gallery kad-light-wp-gallery clearfix kt-gallery-column-4 rowtight\"><div class=\"tcol-lg-3 tcol-md-3 tcol-sm-4 tcol-xs-6 tcol-ss-12 g_item\"><div class=\"grid_item kad_gallery_fade_in gallery_item\"><a href=\"https:\/\/www.2muve.de\/wp-content\/uploads\/2016\/08\/MuenchenVenedig_03_15.jpg\" data-rel=\"lightbox\" class=\"lightboxhover\"><img loading=\"lazy\" decoding=\"async\" src=\"https:\/\/www.2muve.de\/wp-content\/uploads\/2016\/08\/MuenchenVenedig_03_15-300x300.jpg\" width=\"300\" height=\"300\" alt=\"Entspannung nach den Achselk\u00f6pfen\" srcset=\"https:\/\/www.2muve.de\/wp-content\/uploads\/2016\/08\/MuenchenVenedig_03_15-300x300.jpg 300w, https:\/\/www.2muve.de\/wp-content\/uploads\/2016\/08\/MuenchenVenedig_03_15-150x150.jpg 150w\" sizes=\"auto, (max-width: 300px) 100vw, 300px\" class=\"light-dropshaddow\"\/><\/a><\/div><\/div><div class=\"tcol-lg-3 tcol-md-3 tcol-sm-4 tcol-xs-6 tcol-ss-12 g_item\"><div class=\"grid_item kad_gallery_fade_in gallery_item\"><a href=\"https:\/\/www.2muve.de\/wp-content\/uploads\/2016\/08\/MuenchenVenedig_03_16.jpg\" data-rel=\"lightbox\" class=\"lightboxhover\"><img loading=\"lazy\" decoding=\"async\" src=\"https:\/\/www.2muve.de\/wp-content\/uploads\/2016\/08\/MuenchenVenedig_03_16-300x300.jpg\" width=\"300\" height=\"300\" alt=\"Blick auf zahlreiche Gipfel\" srcset=\"https:\/\/www.2muve.de\/wp-content\/uploads\/2016\/08\/MuenchenVenedig_03_16-300x300.jpg 300w, https:\/\/www.2muve.de\/wp-content\/uploads\/2016\/08\/MuenchenVenedig_03_16-150x150.jpg 150w\" sizes=\"auto, (max-width: 300px) 100vw, 300px\" class=\"light-dropshaddow\"\/><\/a><\/div><\/div><div class=\"tcol-lg-3 tcol-md-3 tcol-sm-4 tcol-xs-6 tcol-ss-12 g_item\"><div class=\"grid_item kad_gallery_fade_in gallery_item\"><a href=\"https:\/\/www.2muve.de\/wp-content\/uploads\/2016\/08\/MuenchenVenedig_03_17.jpg\" data-rel=\"lightbox\" class=\"lightboxhover\"><img loading=\"lazy\" decoding=\"async\" src=\"https:\/\/www.2muve.de\/wp-content\/uploads\/2016\/08\/MuenchenVenedig_03_17-300x300.jpg\" width=\"300\" height=\"300\" alt=\"Steinbockparadies kurz vor der Tutzinger H\u00fctte\" srcset=\"https:\/\/www.2muve.de\/wp-content\/uploads\/2016\/08\/MuenchenVenedig_03_17-300x300.jpg 300w, https:\/\/www.2muve.de\/wp-content\/uploads\/2016\/08\/MuenchenVenedig_03_17-150x150.jpg 150w, https:\/\/www.2muve.de\/wp-content\/uploads\/2016\/08\/MuenchenVenedig_03_17-400x400.jpg 400w, https:\/\/www.2muve.de\/wp-content\/uploads\/2016\/08\/MuenchenVenedig_03_17-365x365.jpg 365w\" sizes=\"auto, (max-width: 300px) 100vw, 300px\" class=\"light-dropshaddow\"\/><\/a><\/div><\/div><div class=\"tcol-lg-3 tcol-md-3 tcol-sm-4 tcol-xs-6 tcol-ss-12 g_item\"><div class=\"grid_item kad_gallery_fade_in gallery_item\"><a href=\"https:\/\/www.2muve.de\/wp-content\/uploads\/2016\/08\/MuenchenVenedig_03_18.jpg\" data-rel=\"lightbox\" class=\"lightboxhover\"><img loading=\"lazy\" decoding=\"async\" src=\"https:\/\/www.2muve.de\/wp-content\/uploads\/2016\/08\/MuenchenVenedig_03_18-300x300.jpg\" width=\"300\" height=\"300\" alt=\"Lager der Tutzinger H\u00fctte\" srcset=\"https:\/\/www.2muve.de\/wp-content\/uploads\/2016\/08\/MuenchenVenedig_03_18-300x300.jpg 300w, https:\/\/www.2muve.de\/wp-content\/uploads\/2016\/08\/MuenchenVenedig_03_18-150x150.jpg 150w, https:\/\/www.2muve.de\/wp-content\/uploads\/2016\/08\/MuenchenVenedig_03_18-400x400.jpg 400w\" sizes=\"auto, (max-width: 300px) 100vw, 300px\" class=\"light-dropshaddow\"\/><\/a><\/div><\/div><\/div>\n<p>Dort angekommen kam nun der letzte Abschnitt mit einer Dreiviertelstunde bis zur Tutzinger H\u00fctte. Zum Gl\u00fcck war es nun nicht mehr weit. Wir machten uns auf den Weg, da raschelte es neben uns. Als wir genauer schauten, entdeckten wir einen Steinbock &#8211; und noch einen &#8211; und noch einen. Hier mussten wir dann doch nochmal kurz stehen bleiben, Fotos machen und beobachten. Es waren jede Menge Steinb\u00f6cke um uns rum. Dann wanderten wir aber doch weiter und kamen zur Tutzinger H\u00fctte. Dort waren schon die Caminol\u00e4uferin, Vater und Tochter vom ersten Tag und noch ein paar M\u00fcnchen-Venedig-Wanderer. Die Jungs kamen auch noch und wir lernten noch ein Vater-Sohn-Gespann und zwei weitere Wanderer kennen, die mit der Wanderin vom Morgen unterwegs waren. <\/p>\n<p>Wir bezogen erst mal das Lager, duschten uns und fragten dann nach veganem Essen. Und da gab&#8217;s extra f\u00fcr uns Nudeln mit selbstgemachtem Pesto &#8211; die dann auch einige andere gerne haben wollten \ud83d\ude09 . So verbrachten wir den ersten Abend auf einer H\u00fctte gemeinsam mit anderen M\u00fcnchen-Venedig-Wanderern, tauschten uns aus und planten die n\u00e4chsten Tage.<\/p>\n<p><strong>Erkenntnis des Tages:<\/strong><br \/>\nIch liebe bergauf!<\/p>\n<p><strong>Fazit:<\/strong><br \/>\nWir m\u00f6gen definitiv kein Flachland. Sobald es bergauf ging und damit auch die Landschaft sch\u00f6ner wurde, f\u00fchlten wir uns viel wohler. Und auch die F\u00fc\u00dfe mochten das bergauf und bergab viel lieber. Die Tour hatte uns aber ganz sch\u00f6n ersch\u00f6pft und weiter h\u00e4tten wir es an diesem Tag auch nicht mehr geschafft. Wir waren froh, endlich in den Bergen angekommen zu sein!<\/p>\n<p>Liebe Gr\u00fc\u00dfe,<br \/>\nEarly Bird \ud83d\ude42<\/p>\n<p> [sgpx gpx=&#8220;\/wp-content\/uploads\/gpx\/muve_tag3.gpx&#8220;] <\/p>\n","protected":false},"excerpt":{"rendered":"<p>Zusammenfassung: Zwischen Bad T\u00f6lz und Lenggries war&#8217;s ein recht langer Hatscher f\u00fcr uns, der wegen Fu\u00dfschmerzen und Co. deutlich l\u00e4nger gedauert hat, als wir es uns vorgestellt hatten. Sobald wir in den Bergen waren, f\u00fchlten wir uns schon viel wohler &hellip; <a href=\"https:\/\/www.2muve.de\/index.php\/muve-etappe-3-bad-toelz-tutzinger-huette\/\">Weiter<\/a><\/p>\n","protected":false},"author":1,"featured_media":8091,"comment_status":"open","ping_status":"closed","sticky":false,"template":"","format":"standard","meta":{"kt_blocks_editor_width":"","footnotes":""},"categories":[52,23],"tags":[135,128,132,134,130,136,131],"class_list":["post-8072","post","type-post","status-publish","format-standard","has-post-thumbnail","hentry","category-muvefar","category-muveup","tag-achselkoepfe","tag-bad-toelz","tag-brauneck","tag-latschenkopf","tag-lenggries","tag-rotoehrsattel","tag-tutzinger-huette"],"_links":{"self":[{"href":"https:\/\/www.2muve.de\/index.php\/wp-json\/wp\/v2\/posts\/8072","targetHints":{"allow":["GET"]}}],"collection":[{"href":"https:\/\/www.2muve.de\/index.php\/wp-json\/wp\/v2\/posts"}],"about":[{"href":"https:\/\/www.2muve.de\/index.php\/wp-json\/wp\/v2\/types\/post"}],"author":[{"embeddable":true,"href":"https:\/\/www.2muve.de\/index.php\/wp-json\/wp\/v2\/users\/1"}],"replies":[{"embeddable":true,"href":"https:\/\/www.2muve.de\/index.php\/wp-json\/wp\/v2\/comments?post=8072"}],"version-history":[{"count":9,"href":"https:\/\/www.2muve.de\/index.php\/wp-json\/wp\/v2\/posts\/8072\/revisions"}],"predecessor-version":[{"id":8120,"href":"https:\/\/www.2muve.de\/index.php\/wp-json\/wp\/v2\/posts\/8072\/revisions\/8120"}],"wp:featuredmedia":[{"embeddable":true,"href":"https:\/\/www.2muve.de\/index.php\/wp-json\/wp\/v2\/media\/8091"}],"wp:attachment":[{"href":"https:\/\/www.2muve.de\/index.php\/wp-json\/wp\/v2\/media?parent=8072"}],"wp:term":[{"taxonomy":"category","embeddable":true,"href":"https:\/\/www.2muve.de\/index.php\/wp-json\/wp\/v2\/categories?post=8072"},{"taxonomy":"post_tag","embeddable":true,"href":"https:\/\/www.2muve.de\/index.php\/wp-json\/wp\/v2\/tags?post=8072"}],"curies":[{"name":"wp","href":"https:\/\/api.w.org\/{rel}","templated":true}]}}