{"id":8099,"date":"2016-08-21T07:31:28","date_gmt":"2016-08-21T06:31:28","guid":{"rendered":"http:\/\/www.2muve.de\/?p=8099"},"modified":"2016-08-21T16:30:52","modified_gmt":"2016-08-21T15:30:52","slug":"muve-etappe-4-tutzinger-huette-vorderriss","status":"publish","type":"post","link":"https:\/\/www.2muve.de\/index.php\/muve-etappe-4-tutzinger-huette-vorderriss\/","title":{"rendered":"muve Etappe 4: Tutzinger H\u00fctte &#8211; Vorderri\u00df"},"content":{"rendered":"<div class=\"blockquote blockquote-full postclass clearfix\">\n<ul id=\"track_ov\">\n<li id=\"time\">11:15h<\/li>\n<li id=\"public\">M\u00f6glichkeit in die Tour einzusteigen: Jachenau (Bus von Lenggries)<\/li>\n<li id=\"distance\">21 km<\/li>\n<li id=\"equipment\">Gute Schuhe, Gep\u00e4ck f\u00fcr vier Wochen<\/li>\n<\/ul>\n<\/div><div class=\"clearfix\"><\/div>\n<p><strong>Zusammenfassung:<\/strong><br \/>\nNach der ersten H\u00fctten\u00fcbernachtung ging es zuerst im Pulk los, von dem wir uns dann aber befreiten, indem wir den Gipfelabstecher zu Benediktenwand dazunahmen. Danach wanderten wir scheinbar ewig ins Tal, bis wir Jachenau erreichten. Von dort ging es wieder bergauf bis zum Ri\u00dfsattel und wieder ins Tal nach Vorderri\u00df. Auch an diesem Tag mussten wir wegen Fu\u00dfschmerzen deutlich mehr Pause machen, als wir geplant hatten.<\/p>\n<p><strong>Details:<\/strong><br \/>\nNach unserer ersten H\u00fctten\u00fcbernachtung wachten im Lager alle irgendwie gleichzeitig auf. Ich konnte den Abend zuvor ewig nicht einschlafen und hatte auch nicht das Gef\u00fchl viel geschlafen zu haben, aber das war egal, nun ging&#8217;s weiter. Wir packten unsere Sachen zusammen, fr\u00fchst\u00fcckten im Haupthaus und nachdem wir uns fertig gemacht hatten wanderten wir los &#8211; und das am Anfang in gro\u00dfem Pulk. Hier f\u00fchlten wir uns schnell unwohl, wussten aber, dass wir nach einer Dreviertelstunde an der Weggabelung in die andere Richtung zum Gipfel der Benediktenwand (1800m) gehen w\u00fcrden.<\/p>\n<div id=\"kad-wp-gallery20\" class=\"kad-wp-gallery kad-light-wp-gallery clearfix kt-gallery-column-2 rowtight\"><div class=\"tcol-lg-6 tcol-md-6 tcol-sm-6 tcol-xs-12 tcol-ss-12 g_item\"><div class=\"grid_item kad_gallery_fade_in gallery_item\"><a href=\"https:\/\/www.2muve.de\/wp-content\/uploads\/2016\/08\/MuenchenVenedig_04_1.jpg\" data-rel=\"lightbox\" class=\"lightboxhover\"><img loading=\"lazy\" decoding=\"async\" src=\"https:\/\/www.2muve.de\/wp-content\/uploads\/2016\/08\/MuenchenVenedig_04_1.jpg\" width=\"600\" height=\"400\" alt=\"Auf dem Weg zur Benediktenwand\" srcset=\"https:\/\/www.2muve.de\/wp-content\/uploads\/2016\/08\/MuenchenVenedig_04_1.jpg 600w, https:\/\/www.2muve.de\/wp-content\/uploads\/2016\/08\/MuenchenVenedig_04_1-300x200.jpg 300w\" sizes=\"auto, (max-width: 600px) 100vw, 600px\" class=\"light-dropshaddow\"\/><\/a><\/div><\/div><div class=\"tcol-lg-6 tcol-md-6 tcol-sm-6 tcol-xs-12 tcol-ss-12 g_item\"><div class=\"grid_item kad_gallery_fade_in gallery_item\"><a href=\"https:\/\/www.2muve.de\/wp-content\/uploads\/2016\/08\/MuenchenVenedig_04_2.jpg\" data-rel=\"lightbox\" class=\"lightboxhover\"><img loading=\"lazy\" decoding=\"async\" src=\"https:\/\/www.2muve.de\/wp-content\/uploads\/2016\/08\/MuenchenVenedig_04_2.jpg\" width=\"600\" height=\"400\" alt=\"Auf dem Weg zur Benediktenwand\" srcset=\"https:\/\/www.2muve.de\/wp-content\/uploads\/2016\/08\/MuenchenVenedig_04_2.jpg 600w, https:\/\/www.2muve.de\/wp-content\/uploads\/2016\/08\/MuenchenVenedig_04_2-300x200.jpg 300w\" sizes=\"auto, (max-width: 600px) 100vw, 600px\" class=\"light-dropshaddow\"\/><\/a><\/div><\/div><\/div>\n<p>Und das war eine gute Entscheidung. Wir waren die einzigen die sich f\u00fcr den Abstecher f\u00fcr &#8222;konditionsstarke Wanderer&#8220; (Zitat Rother Wanderf\u00fchrer) entschieden hatten. Der Pulk zog also weiter und wir wanderten \u00fcber felsigen Bergweg zum Gipfel. Eineinhalb Stunden Mehraufwand bringt der Abstecher, den sollte man sich aber nicht entgehen lassen, da es der einzige Gipfel der Etappe ist.<\/p>\n<div id=\"kad-wp-gallery67\" class=\"kad-wp-gallery kad-light-wp-gallery clearfix kt-gallery-column-1 rowtight\"><div class=\"tcol-lg-12 tcol-md-12 tcol-sm-12 tcol-xs-12 tcol-ss-12 g_item\"><div class=\"grid_item kad_gallery_fade_in gallery_item\"><a href=\"https:\/\/www.2muve.de\/wp-content\/uploads\/2016\/08\/MuenchenVenedig_04_3.jpg\" data-rel=\"lightbox\" class=\"lightboxhover\"><img loading=\"lazy\" decoding=\"async\" src=\"https:\/\/www.2muve.de\/wp-content\/uploads\/2016\/08\/MuenchenVenedig_04_3.jpg\" width=\"1000\" height=\"244\" alt=\"\" srcset=\"https:\/\/www.2muve.de\/wp-content\/uploads\/2016\/08\/MuenchenVenedig_04_3.jpg 1000w, https:\/\/www.2muve.de\/wp-content\/uploads\/2016\/08\/MuenchenVenedig_04_3-300x73.jpg 300w, https:\/\/www.2muve.de\/wp-content\/uploads\/2016\/08\/MuenchenVenedig_04_3-768x187.jpg 768w\" sizes=\"auto, (max-width: 1000px) 100vw, 1000px\" class=\"light-dropshaddow\"\/><\/a><\/div><\/div><\/div>\n<p>Dort angekommen hatten wir einen sch\u00f6nen Ausblick auf das Karwendel, in das wir am Folgetag wandern w\u00fcrden, zum Walchensee und auch zur\u00fcck zu Brauneck und Co. Wir genossen den Blick hier oben, machten eine kleine Pause, schauten neugierig in die Biwakschachtel und packten dann unser Zeug wieder zusammen.<\/p>\n<div id=\"kad-wp-gallery18\" class=\"kad-wp-gallery kad-light-wp-gallery clearfix kt-gallery-column-2 rowtight\"><div class=\"tcol-lg-6 tcol-md-6 tcol-sm-6 tcol-xs-12 tcol-ss-12 g_item\"><div class=\"grid_item kad_gallery_fade_in gallery_item\"><a href=\"https:\/\/www.2muve.de\/wp-content\/uploads\/2016\/08\/MuenchenVenedig_04_4.jpg\" data-rel=\"lightbox\" class=\"lightboxhover\"><img loading=\"lazy\" decoding=\"async\" src=\"https:\/\/www.2muve.de\/wp-content\/uploads\/2016\/08\/MuenchenVenedig_04_4.jpg\" width=\"600\" height=\"400\" alt=\"Gipfelkreuz Benediktenwand\" srcset=\"https:\/\/www.2muve.de\/wp-content\/uploads\/2016\/08\/MuenchenVenedig_04_4.jpg 600w, https:\/\/www.2muve.de\/wp-content\/uploads\/2016\/08\/MuenchenVenedig_04_4-300x200.jpg 300w\" sizes=\"auto, (max-width: 600px) 100vw, 600px\" class=\"light-dropshaddow\"\/><\/a><\/div><\/div><div class=\"tcol-lg-6 tcol-md-6 tcol-sm-6 tcol-xs-12 tcol-ss-12 g_item\"><div class=\"grid_item kad_gallery_fade_in gallery_item\"><a href=\"https:\/\/www.2muve.de\/wp-content\/uploads\/2016\/08\/MuenchenVenedig_04_5.jpg\" data-rel=\"lightbox\" class=\"lightboxhover\"><img loading=\"lazy\" decoding=\"async\" src=\"https:\/\/www.2muve.de\/wp-content\/uploads\/2016\/08\/MuenchenVenedig_04_5.jpg\" width=\"600\" height=\"400\" alt=\"Weg zur\u00fcck\" srcset=\"https:\/\/www.2muve.de\/wp-content\/uploads\/2016\/08\/MuenchenVenedig_04_5.jpg 600w, https:\/\/www.2muve.de\/wp-content\/uploads\/2016\/08\/MuenchenVenedig_04_5-300x200.jpg 300w\" sizes=\"auto, (max-width: 600px) 100vw, 600px\" class=\"light-dropshaddow\"\/><\/a><\/div><\/div><\/div>\n<p>Wir wanderten den gleichen Weg wieder zur\u00fcck und kamen wieder zu Weggabelung: 2h bis Jachenau. Das sollte so schlimm nicht sein. \u00dcber Kehren geht es bergab \u00fcber die Glaswandscharte zu einer Forststra\u00dfe. Das interessante war die Beschilderung auf dem Weg: Jedes Mal, wenn Jachenau wieder angeschrieben war, stand dort 2:15h. Nach dem dritten Schild in Folge waren wir schon etwas genervt. Der Wanderf\u00fchrer ist da etwas ehrlicher und gibt die Zeit von der Tutzinger H\u00fctte bis Jachenau mit 4h an, also ab der Abzweigung mit 3:15h.<\/p>\n<div id=\"kad-wp-gallery43\" class=\"kad-wp-gallery kad-light-wp-gallery clearfix kt-gallery-column-3 rowtight\"><div class=\"tcol-lg-4 tcol-md-4 tcol-sm-4 tcol-xs-6 tcol-ss-12 g_item\"><div class=\"grid_item kad_gallery_fade_in gallery_item\"><a href=\"https:\/\/www.2muve.de\/wp-content\/uploads\/2016\/08\/MuenchenVenedig_04_6.jpg\" data-rel=\"lightbox\" class=\"lightboxhover\"><img loading=\"lazy\" decoding=\"async\" src=\"https:\/\/www.2muve.de\/wp-content\/uploads\/2016\/08\/MuenchenVenedig_04_6-400x400.jpg\" width=\"400\" height=\"400\" alt=\"Weg bergab zur Jachenau\" srcset=\"https:\/\/www.2muve.de\/wp-content\/uploads\/2016\/08\/MuenchenVenedig_04_6-400x400.jpg 400w, https:\/\/www.2muve.de\/wp-content\/uploads\/2016\/08\/MuenchenVenedig_04_6-150x150.jpg 150w\" sizes=\"auto, (max-width: 400px) 100vw, 400px\" class=\"light-dropshaddow\"\/><\/a><\/div><\/div><div class=\"tcol-lg-4 tcol-md-4 tcol-sm-4 tcol-xs-6 tcol-ss-12 g_item\"><div class=\"grid_item kad_gallery_fade_in gallery_item\"><a href=\"https:\/\/www.2muve.de\/wp-content\/uploads\/2016\/08\/MuenchenVenedig_04_7.jpg\" data-rel=\"lightbox\" class=\"lightboxhover\"><img loading=\"lazy\" decoding=\"async\" src=\"https:\/\/www.2muve.de\/wp-content\/uploads\/2016\/08\/MuenchenVenedig_04_7-400x400.jpg\" width=\"400\" height=\"400\" alt=\"Pause am Wasserfall\" srcset=\"https:\/\/www.2muve.de\/wp-content\/uploads\/2016\/08\/MuenchenVenedig_04_7-400x400.jpg 400w, https:\/\/www.2muve.de\/wp-content\/uploads\/2016\/08\/MuenchenVenedig_04_7-150x150.jpg 150w\" sizes=\"auto, (max-width: 400px) 100vw, 400px\" class=\"light-dropshaddow\"\/><\/a><\/div><\/div><div class=\"tcol-lg-4 tcol-md-4 tcol-sm-4 tcol-xs-6 tcol-ss-12 g_item\"><div class=\"grid_item kad_gallery_fade_in gallery_item\"><a href=\"https:\/\/www.2muve.de\/wp-content\/uploads\/2016\/08\/MuenchenVenedig_04_8.jpg\" data-rel=\"lightbox\" class=\"lightboxhover\"><img loading=\"lazy\" decoding=\"async\" src=\"https:\/\/www.2muve.de\/wp-content\/uploads\/2016\/08\/MuenchenVenedig_04_8-400x400.jpg\" width=\"400\" height=\"400\" alt=\"Ein neuer Begleiter\" srcset=\"https:\/\/www.2muve.de\/wp-content\/uploads\/2016\/08\/MuenchenVenedig_04_8-400x400.jpg 400w, https:\/\/www.2muve.de\/wp-content\/uploads\/2016\/08\/MuenchenVenedig_04_8-150x150.jpg 150w\" sizes=\"auto, (max-width: 400px) 100vw, 400px\" class=\"light-dropshaddow\"\/><\/a><\/div><\/div><\/div>\n<p>An der Forststra\u00dfe f\u00fchrt ein Weg die Forststra\u00dfe entlang und einer durch den Wald, wir w\u00e4hlten letzteren. Und damit n\u00e4herten wir uns auch dem Wasserfall. Als wir einen sch\u00f6nen Ausblick darauf hatten machten wir eine Pause. Angelockt durch Sonnencreme und Co. hatte ich hier bald schon einen treuen Begleiter: Ein Schmetterling sa\u00df w\u00e4hrend der Brotzeit auf meinem Arm und wechselte dann zum Weiterwandern auf meinem Rucksack. Er begleitete uns bis zum Fahrweg in die Jachenau.<\/p>\n<div id=\"kad-wp-gallery30\" class=\"kad-wp-gallery kad-light-wp-gallery clearfix kt-gallery-column-3 rowtight\"><div class=\"tcol-lg-4 tcol-md-4 tcol-sm-4 tcol-xs-6 tcol-ss-12 g_item\"><div class=\"grid_item kad_gallery_fade_in gallery_item\"><a href=\"https:\/\/www.2muve.de\/wp-content\/uploads\/2016\/08\/MuenchenVenedig_04_9.jpg\" data-rel=\"lightbox\" class=\"lightboxhover\"><img loading=\"lazy\" decoding=\"async\" src=\"https:\/\/www.2muve.de\/wp-content\/uploads\/2016\/08\/MuenchenVenedig_04_9-400x400.jpg\" width=\"400\" height=\"400\" alt=\"Im Tal am Bach entlang\" srcset=\"https:\/\/www.2muve.de\/wp-content\/uploads\/2016\/08\/MuenchenVenedig_04_9-400x400.jpg 400w, https:\/\/www.2muve.de\/wp-content\/uploads\/2016\/08\/MuenchenVenedig_04_9-150x150.jpg 150w\" sizes=\"auto, (max-width: 400px) 100vw, 400px\" class=\"light-dropshaddow\"\/><\/a><\/div><\/div><div class=\"tcol-lg-4 tcol-md-4 tcol-sm-4 tcol-xs-6 tcol-ss-12 g_item\"><div class=\"grid_item kad_gallery_fade_in gallery_item\"><a href=\"https:\/\/www.2muve.de\/wp-content\/uploads\/2016\/08\/MuenchenVenedig_04_10.jpg\" data-rel=\"lightbox\" class=\"lightboxhover\"><img loading=\"lazy\" decoding=\"async\" src=\"https:\/\/www.2muve.de\/wp-content\/uploads\/2016\/08\/MuenchenVenedig_04_10-400x400.jpg\" width=\"400\" height=\"400\" alt=\"Immer dem Bach folgend\" srcset=\"https:\/\/www.2muve.de\/wp-content\/uploads\/2016\/08\/MuenchenVenedig_04_10-400x400.jpg 400w, https:\/\/www.2muve.de\/wp-content\/uploads\/2016\/08\/MuenchenVenedig_04_10-150x150.jpg 150w\" sizes=\"auto, (max-width: 400px) 100vw, 400px\" class=\"light-dropshaddow\"\/><\/a><\/div><\/div><\/div>\n<p>Der Weg verlief weiter den Bach entlang, wir kamen an Badegumpen vorbei, hatten daf\u00fcr nun aber keine Motivation. Die F\u00fc\u00dfe meldeten sich schon wieder und der Weg zog sich. &#8222;Jachenau 45 Minuten&#8220;, das war zwar immer noch weit, aber zumindest keine 2:15h mehr. Wir liefen am Fahrweg entlang, machten im Schatten aber nochmal Pause. Ein Motivationskeks musste her und die F\u00fc\u00dfe waren mittlerweile wieder im Dauerbeschwermodus. Und weiter ging&#8217;s und auch wenn es sich zog, irgendwann erreichten wir endlich Jachenau. Dort machten wir die n\u00e4chste Pause: Im Gasthof g\u00f6nnten wir uns einen Spezi. Noch 3:15h bis Vorderri\u00df &#8211; das schaffen wir &#8211; redeten wir uns und unseren F\u00fc\u00dfen gut zu.<\/p>\n<div id=\"kad-wp-gallery11\" class=\"kad-wp-gallery kad-light-wp-gallery clearfix kt-gallery-column-2 rowtight\"><div class=\"tcol-lg-6 tcol-md-6 tcol-sm-6 tcol-xs-12 tcol-ss-12 g_item\"><div class=\"grid_item kad_gallery_fade_in gallery_item\"><a href=\"https:\/\/www.2muve.de\/wp-content\/uploads\/2016\/08\/MuenchenVenedig_04_11.jpg\" data-rel=\"lightbox\" class=\"lightboxhover\"><img loading=\"lazy\" decoding=\"async\" src=\"https:\/\/www.2muve.de\/wp-content\/uploads\/2016\/08\/MuenchenVenedig_04_11.jpg\" width=\"600\" height=\"400\" alt=\"Almenweg bevor es nach Vorderri\u00df geht\" srcset=\"https:\/\/www.2muve.de\/wp-content\/uploads\/2016\/08\/MuenchenVenedig_04_11.jpg 600w, https:\/\/www.2muve.de\/wp-content\/uploads\/2016\/08\/MuenchenVenedig_04_11-300x200.jpg 300w\" sizes=\"auto, (max-width: 600px) 100vw, 600px\" class=\"light-dropshaddow\"\/><\/a><\/div><\/div><div class=\"tcol-lg-6 tcol-md-6 tcol-sm-6 tcol-xs-12 tcol-ss-12 g_item\"><div class=\"grid_item kad_gallery_fade_in gallery_item\"><a href=\"https:\/\/www.2muve.de\/wp-content\/uploads\/2016\/08\/MuenchenVenedig_04_12.jpg\" data-rel=\"lightbox\" class=\"lightboxhover\"><img loading=\"lazy\" decoding=\"async\" src=\"https:\/\/www.2muve.de\/wp-content\/uploads\/2016\/08\/MuenchenVenedig_04_12.jpg\" width=\"600\" height=\"400\" alt=\"Blick ins Ri\u00dftal\" srcset=\"https:\/\/www.2muve.de\/wp-content\/uploads\/2016\/08\/MuenchenVenedig_04_12.jpg 600w, https:\/\/www.2muve.de\/wp-content\/uploads\/2016\/08\/MuenchenVenedig_04_12-300x200.jpg 300w\" sizes=\"auto, (max-width: 600px) 100vw, 600px\" class=\"light-dropshaddow\"\/><\/a><\/div><\/div><\/div>\n<p>Nun f\u00fchrte der Weg \u00fcber einen Forstweg hinauf zu Lainer Alm und Luitpolder Alm. Wir liefen wieder der belgischen Familie \u00fcber den Weg, die wir auch schon beim Abstieg am Wasserfall gesehen hatten. Bei der Almenlandschaft angekommen freuten wir uns \u00fcber den Anblick, hatten aber am meisten damit zu k\u00e4mpfen einen Fu\u00df vor den anderen zu setzen. Schlie\u00dflich war es wieder flacher geworden und damit f\u00fcr die F\u00fc\u00dfe anstrengender. An der Luitpolder Alm trafen wir auf die Caminol\u00e4uferin und ihre amerikanische Freundin, die seit der Tutzinger H\u00fctte auch mit dabei ist. Wir freuten uns \u00fcber das Wiedersehen und machten wieder mal eine Pause.<\/p>\n<p>Nach einem Plausch ging es weiter &#8211; es folgten die letzten eineinhalb Stunden bis Vorderri\u00df. Ab dem Ri\u00dfsattel hatten wir einen herrlichen Blick ins Ri\u00dftal und ins Karwendel. Der Abstieg war aber superanstrengend f\u00fcr uns. Alle paar Meter blieben wir stehen, versuchten die F\u00fc\u00dfe irgendwie zu entlasten, liefen weiter. Die Kehren wollten nicht zu Ende gehen und als wir Vorderri\u00df endlich erreicht hatten, konnten wir&#8217;s kaum glauben. Wir bezogen das Lager und a\u00dfen dann schweigend nochmal Brotzeit als Abendessen &#8211; das Gasthaus hatte Ruhetag. &#8222;Ich hoffe, das wird wieder besser.&#8220; &#8211; &#8222;Ich auch.&#8220; Und damit hatten wir den schlimmsten Motivationstiefpunkt der Tour erreicht. Trotzdem &#8211; am n\u00e4chsten Tag wollten wir weiter ins Karwendel.<\/p>\n<p><strong>Frage des Tages:<\/strong><br \/>\nWie viel Schmerz kann man ertragen?<\/p>\n<p><strong>Fazit:<\/strong><br \/>\nDieser Tag war f\u00fcr uns ein sehr pr\u00e4gender f\u00fcr die ganze Wanderung. Der Abstecher zur Benediktenwand war unser pers\u00f6nlicher H\u00f6hepunkt, der Abstieg nach Vorderri\u00df unser pers\u00f6nlicher Tiefpunkt. An diesem Abend waren wir richtig fertig &#8211; und das nicht nur k\u00f6rperlich, sondern vor allem psychisch.<\/p>\n<p>Liebe Gr\u00fc\u00dfe,<br \/>\nEarly Bird \ud83d\ude42<\/p>\n[sgpx gpx=&#8220;\/wp-content\/uploads\/gpx\/muve_tag4.gpx&#8220;] <\/p>\n<p>Anmerkung:<br \/>\nLeider hatte sich auf dieser Strecke unser GPS verabschiedet. Der Track wurde deshalb nachtr\u00e4glich erstellt und stimmt evtl. nicht komplett mit unserer tats\u00e4chlichen Strecke \u00fcberein.<\/p>\n","protected":false},"excerpt":{"rendered":"<p>Zusammenfassung: Nach der ersten H\u00fctten\u00fcbernachtung ging es zuerst im Pulk los, von dem wir uns dann aber befreiten, indem wir den Gipfelabstecher zu Benediktenwand dazunahmen. Danach wanderten wir scheinbar ewig ins Tal, bis wir Jachenau erreichten. Von dort ging es &hellip; <a href=\"https:\/\/www.2muve.de\/index.php\/muve-etappe-4-tutzinger-huette-vorderriss\/\">Weiter<\/a><\/p>\n","protected":false},"author":1,"featured_media":8104,"comment_status":"open","ping_status":"closed","sticky":false,"template":"","format":"standard","meta":{"kt_blocks_editor_width":"","footnotes":""},"categories":[52,23],"tags":[129,137,140,141,125,139,68,131,138],"class_list":["post-8099","post","type-post","status-publish","format-standard","has-post-thumbnail","hentry","category-muvefar","category-muveup","tag-alpenueberquerung","tag-benediktenwand","tag-lainer-alm","tag-luitpolder-alm","tag-muenchen-venedig","tag-risssattel","tag-traumpfad","tag-tutzinger-huette","tag-vorderriss"],"_links":{"self":[{"href":"https:\/\/www.2muve.de\/index.php\/wp-json\/wp\/v2\/posts\/8099","targetHints":{"allow":["GET"]}}],"collection":[{"href":"https:\/\/www.2muve.de\/index.php\/wp-json\/wp\/v2\/posts"}],"about":[{"href":"https:\/\/www.2muve.de\/index.php\/wp-json\/wp\/v2\/types\/post"}],"author":[{"embeddable":true,"href":"https:\/\/www.2muve.de\/index.php\/wp-json\/wp\/v2\/users\/1"}],"replies":[{"embeddable":true,"href":"https:\/\/www.2muve.de\/index.php\/wp-json\/wp\/v2\/comments?post=8099"}],"version-history":[{"count":6,"href":"https:\/\/www.2muve.de\/index.php\/wp-json\/wp\/v2\/posts\/8099\/revisions"}],"predecessor-version":[{"id":8156,"href":"https:\/\/www.2muve.de\/index.php\/wp-json\/wp\/v2\/posts\/8099\/revisions\/8156"}],"wp:featuredmedia":[{"embeddable":true,"href":"https:\/\/www.2muve.de\/index.php\/wp-json\/wp\/v2\/media\/8104"}],"wp:attachment":[{"href":"https:\/\/www.2muve.de\/index.php\/wp-json\/wp\/v2\/media?parent=8099"}],"wp:term":[{"taxonomy":"category","embeddable":true,"href":"https:\/\/www.2muve.de\/index.php\/wp-json\/wp\/v2\/categories?post=8099"},{"taxonomy":"post_tag","embeddable":true,"href":"https:\/\/www.2muve.de\/index.php\/wp-json\/wp\/v2\/tags?post=8099"}],"curies":[{"name":"wp","href":"https:\/\/api.w.org\/{rel}","templated":true}]}}