{"id":8172,"date":"2016-08-23T21:26:21","date_gmt":"2016-08-23T20:26:21","guid":{"rendered":"http:\/\/www.2muve.de\/?p=8172"},"modified":"2016-08-23T21:28:22","modified_gmt":"2016-08-23T20:28:22","slug":"muve-etappe-8-voldertalhuette-lizumer-huette","status":"publish","type":"post","link":"https:\/\/www.2muve.de\/index.php\/muve-etappe-8-voldertalhuette-lizumer-huette\/","title":{"rendered":"muve Etappe 8: Voldertalh\u00fctte &#8211; Lizumer H\u00fctte"},"content":{"rendered":"<div class=\"blockquote blockquote-full postclass clearfix\">\n<ul id=\"track_ov\">\n<li id=\"time\">6:30h<\/li>\n<li id=\"public\">nicht mit \u00f6ffentlichen Verkehrsmitteln erreichbar<\/li>\n<li id=\"distance\">18 km<\/li>\n<li id=\"equipment\">Gute Schuhe, Gep\u00e4ck f\u00fcr vier Wochen<\/li>\n<\/ul>\n<\/div><div class=\"clearfix\"><\/div>\n<p><strong>Zusammenfassung:<\/strong><br \/>\nNach unseren entspannten Tagen kam nun endlich wieder eine richtige Etappe mit etwa 1400 H\u00f6henmetern. Und wir waren nun auch wieder fit unterwegs. Die F\u00fc\u00dfe machten kaum mehr Probleme und die Kondition war besser denn je. Dazu kamen wir endlich in etwas alpineres Gel\u00e4nde und f\u00fchlten uns dort richtig wohl. Dass wir schon eine Woche unterwegs waren, konnten wir bei all den Erlebnissen gar nicht glauben.<\/p>\n<p><strong>Details:<\/strong><br \/>\nDa f\u00fcr den Tag am Nachmittag Gewitter angesagt waren, fr\u00fchst\u00fcckten wir schon um halb sieben und packten fr\u00fch unsere Sachen zusammen. Es war dann aber doch so gem\u00fctlich, dass wir erst um halb acht richtig loskamen. Der Weg f\u00fchrte an einem Bach entlang das Voldertal relativ steil hinauf. Neben uns sahen wir die Gebirgskette, die wir entlang gewandert w\u00e4ren, wenn wir \u00fcber die vorgesehenen &#8222;seven TuXer summits&#8220; gewandert w\u00e4ren.<\/p>\n<div id=\"kad-wp-gallery22\" class=\"kad-wp-gallery kad-light-wp-gallery clearfix kt-gallery-column-1 rowtight\"><div class=\"tcol-lg-12 tcol-md-12 tcol-sm-12 tcol-xs-12 tcol-ss-12 g_item\"><div class=\"grid_item kad_gallery_fade_in gallery_item\"><a href=\"https:\/\/www.2muve.de\/wp-content\/uploads\/2016\/08\/MuenchenVenedig_08_1.jpg\" data-rel=\"lightbox\" class=\"lightboxhover\"><img loading=\"lazy\" decoding=\"async\" src=\"https:\/\/www.2muve.de\/wp-content\/uploads\/2016\/08\/MuenchenVenedig_08_1.jpg\" width=\"1000\" height=\"257\" alt=\"Herrliches Panorama am Morgen\" srcset=\"https:\/\/www.2muve.de\/wp-content\/uploads\/2016\/08\/MuenchenVenedig_08_1.jpg 1000w, https:\/\/www.2muve.de\/wp-content\/uploads\/2016\/08\/MuenchenVenedig_08_1-300x77.jpg 300w, https:\/\/www.2muve.de\/wp-content\/uploads\/2016\/08\/MuenchenVenedig_08_1-768x197.jpg 768w\" sizes=\"auto, (max-width: 1000px) 100vw, 1000px\" class=\"light-dropshaddow\"\/><\/a><\/div><\/div><\/div>\n<p>Der H\u00fcttenwirt der Voldertalh\u00fctte hatte uns gewarnt, dass die Hubschrauber im Dauereinsatz sind und Leute vom Grat abholen und die Etappe nicht zu untersch\u00e4tzen sei. Bei angesagtem Gewitter war das sowieso keine Option und wir machten uns etwas Sorgen um die muveler, die trotz Gewittergefahr zur Glungezer H\u00fctte aufgestiegen waren.<\/p>\n<div id=\"kad-wp-gallery63\" class=\"kad-wp-gallery kad-light-wp-gallery clearfix kt-gallery-column-3 rowtight\"><div class=\"tcol-lg-4 tcol-md-4 tcol-sm-4 tcol-xs-6 tcol-ss-12 g_item\"><div class=\"grid_item kad_gallery_fade_in gallery_item\"><a href=\"https:\/\/www.2muve.de\/wp-content\/uploads\/2016\/08\/MuenchenVenedig_08_2.jpg\" data-rel=\"lightbox\" class=\"lightboxhover\"><img loading=\"lazy\" decoding=\"async\" src=\"https:\/\/www.2muve.de\/wp-content\/uploads\/2016\/08\/MuenchenVenedig_08_2-400x400.jpg\" width=\"400\" height=\"400\" alt=\"Eine Kuh begleitet uns\" srcset=\"https:\/\/www.2muve.de\/wp-content\/uploads\/2016\/08\/MuenchenVenedig_08_2-400x400.jpg 400w, https:\/\/www.2muve.de\/wp-content\/uploads\/2016\/08\/MuenchenVenedig_08_2-150x150.jpg 150w\" sizes=\"auto, (max-width: 400px) 100vw, 400px\" class=\"light-dropshaddow\"\/><\/a><\/div><\/div><div class=\"tcol-lg-4 tcol-md-4 tcol-sm-4 tcol-xs-6 tcol-ss-12 g_item\"><div class=\"grid_item kad_gallery_fade_in gallery_item\"><a href=\"https:\/\/www.2muve.de\/wp-content\/uploads\/2016\/08\/MuenchenVenedig_08_3.jpg\" data-rel=\"lightbox\" class=\"lightboxhover\"><img loading=\"lazy\" decoding=\"async\" src=\"https:\/\/www.2muve.de\/wp-content\/uploads\/2016\/08\/MuenchenVenedig_08_3-400x400.jpg\" width=\"400\" height=\"400\" alt=\"Sch\u00f6nes Voldertal\" srcset=\"https:\/\/www.2muve.de\/wp-content\/uploads\/2016\/08\/MuenchenVenedig_08_3-400x400.jpg 400w, https:\/\/www.2muve.de\/wp-content\/uploads\/2016\/08\/MuenchenVenedig_08_3-150x150.jpg 150w\" sizes=\"auto, (max-width: 400px) 100vw, 400px\" class=\"light-dropshaddow\"\/><\/a><\/div><\/div><div class=\"tcol-lg-4 tcol-md-4 tcol-sm-4 tcol-xs-6 tcol-ss-12 g_item\"><div class=\"grid_item kad_gallery_fade_in gallery_item\"><a href=\"https:\/\/www.2muve.de\/wp-content\/uploads\/2016\/08\/MuenchenVenedig_08_4.jpg\" data-rel=\"lightbox\" class=\"lightboxhover\"><img loading=\"lazy\" decoding=\"async\" src=\"https:\/\/www.2muve.de\/wp-content\/uploads\/2016\/08\/MuenchenVenedig_08_4-400x400.jpg\" width=\"400\" height=\"400\" alt=\"Langsam gewinnen wir an H\u00f6he\" srcset=\"https:\/\/www.2muve.de\/wp-content\/uploads\/2016\/08\/MuenchenVenedig_08_4-400x400.jpg 400w, https:\/\/www.2muve.de\/wp-content\/uploads\/2016\/08\/MuenchenVenedig_08_4-150x150.jpg 150w\" sizes=\"auto, (max-width: 400px) 100vw, 400px\" class=\"light-dropshaddow\"\/><\/a><\/div><\/div><\/div>\n<p>Wir aber wanderten durch das Voldertal und hatten neben uns B\u00e4che und viel Wasser. Laut Rother sei das das einzig Sch\u00f6ne der Etappe, was so aber nicht richtig ist. Die Umgebung ist wundersch\u00f6n und sind der Meinung, dass der Rother die Etappe viel zu unattraktiv beschreibt. Wir kamen immer h\u00f6her und konnten zur\u00fcck nach Hall ins Tal und ins Karwendel blicken. Neben uns tauchten immer wieder H\u00fctten von Almen auf und es war landschaftlich ein sehr reizvoller Weg.<\/p>\n<div id=\"kad-wp-gallery62\" class=\"kad-wp-gallery kad-light-wp-gallery clearfix kt-gallery-column-3 rowtight\"><div class=\"tcol-lg-4 tcol-md-4 tcol-sm-4 tcol-xs-6 tcol-ss-12 g_item\"><div class=\"grid_item kad_gallery_fade_in gallery_item\"><a href=\"https:\/\/www.2muve.de\/wp-content\/uploads\/2016\/08\/MuenchenVenedig_08_5.jpg\" data-rel=\"lightbox\" class=\"lightboxhover\"><img loading=\"lazy\" decoding=\"async\" src=\"https:\/\/www.2muve.de\/wp-content\/uploads\/2016\/08\/MuenchenVenedig_08_5-400x400.jpg\" width=\"400\" height=\"400\" alt=\"H\u00fctten der Vorbergalm\" srcset=\"https:\/\/www.2muve.de\/wp-content\/uploads\/2016\/08\/MuenchenVenedig_08_5-400x400.jpg 400w, https:\/\/www.2muve.de\/wp-content\/uploads\/2016\/08\/MuenchenVenedig_08_5-150x150.jpg 150w\" sizes=\"auto, (max-width: 400px) 100vw, 400px\" class=\"light-dropshaddow\"\/><\/a><\/div><\/div><div class=\"tcol-lg-4 tcol-md-4 tcol-sm-4 tcol-xs-6 tcol-ss-12 g_item\"><div class=\"grid_item kad_gallery_fade_in gallery_item\"><a href=\"https:\/\/www.2muve.de\/wp-content\/uploads\/2016\/08\/MuenchenVenedig_08_6.jpg\" data-rel=\"lightbox\" class=\"lightboxhover\"><img loading=\"lazy\" decoding=\"async\" src=\"https:\/\/www.2muve.de\/wp-content\/uploads\/2016\/08\/MuenchenVenedig_08_6-400x400.jpg\" width=\"400\" height=\"400\" alt=\"Dort warten Bier und Co\" srcset=\"https:\/\/www.2muve.de\/wp-content\/uploads\/2016\/08\/MuenchenVenedig_08_6-400x400.jpg 400w, https:\/\/www.2muve.de\/wp-content\/uploads\/2016\/08\/MuenchenVenedig_08_6-150x150.jpg 150w\" sizes=\"auto, (max-width: 400px) 100vw, 400px\" class=\"light-dropshaddow\"\/><\/a><\/div><\/div><div class=\"tcol-lg-4 tcol-md-4 tcol-sm-4 tcol-xs-6 tcol-ss-12 g_item\"><div class=\"grid_item kad_gallery_fade_in gallery_item\"><a href=\"https:\/\/www.2muve.de\/wp-content\/uploads\/2016\/08\/MuenchenVenedig_08_7.jpg\" data-rel=\"lightbox\" class=\"lightboxhover\"><img loading=\"lazy\" decoding=\"async\" src=\"https:\/\/www.2muve.de\/wp-content\/uploads\/2016\/08\/MuenchenVenedig_08_7-400x400.jpg\" width=\"400\" height=\"400\" alt=\"Ungewohnt mal schwarbunte K\u00fche zu sehen\" srcset=\"https:\/\/www.2muve.de\/wp-content\/uploads\/2016\/08\/MuenchenVenedig_08_7-400x400.jpg 400w, https:\/\/www.2muve.de\/wp-content\/uploads\/2016\/08\/MuenchenVenedig_08_7-150x150.jpg 150w\" sizes=\"auto, (max-width: 400px) 100vw, 400px\" class=\"light-dropshaddow\"\/><\/a><\/div><\/div><\/div>\n<p>Ein H\u00f6hepunkt hier war die Steinkasernalm. Dort befindet sich ein Brunnen mit Getr\u00e4nken, die man per Selbstbedienung nehmen kann. Dort trafen wir uns alle wieder, die am Abend zuvor auf der Voldertalh\u00fctte waren, und machten gemeinsam eine Pause. Nach einem M\u00fcsliriegel liefen wir dann wieder los. Das n\u00e4chste Ziel war das Naviser J\u00f6chl.<\/p>\n<div id=\"kad-wp-gallery21\" class=\"kad-wp-gallery kad-light-wp-gallery clearfix kt-gallery-column-4 rowtight\"><div class=\"tcol-lg-3 tcol-md-3 tcol-sm-4 tcol-xs-6 tcol-ss-12 g_item\"><div class=\"grid_item kad_gallery_fade_in gallery_item\"><a href=\"https:\/\/www.2muve.de\/wp-content\/uploads\/2016\/08\/MuenchenVenedig_08_8.jpg\" data-rel=\"lightbox\" class=\"lightboxhover\"><img loading=\"lazy\" decoding=\"async\" src=\"https:\/\/www.2muve.de\/wp-content\/uploads\/2016\/08\/MuenchenVenedig_08_8-300x300.jpg\" width=\"300\" height=\"300\" alt=\"Es wird steiler zum Naviser J\u00f6chl\" srcset=\"https:\/\/www.2muve.de\/wp-content\/uploads\/2016\/08\/MuenchenVenedig_08_8-300x300.jpg 300w, https:\/\/www.2muve.de\/wp-content\/uploads\/2016\/08\/MuenchenVenedig_08_8-150x150.jpg 150w, https:\/\/www.2muve.de\/wp-content\/uploads\/2016\/08\/MuenchenVenedig_08_8-400x400.jpg 400w\" sizes=\"auto, (max-width: 300px) 100vw, 300px\" class=\"light-dropshaddow\"\/><\/a><\/div><\/div><div class=\"tcol-lg-3 tcol-md-3 tcol-sm-4 tcol-xs-6 tcol-ss-12 g_item\"><div class=\"grid_item kad_gallery_fade_in gallery_item\"><a href=\"https:\/\/www.2muve.de\/wp-content\/uploads\/2016\/08\/MuenchenVenedig_08_10.jpg\" data-rel=\"lightbox\" class=\"lightboxhover\"><img loading=\"lazy\" decoding=\"async\" src=\"https:\/\/www.2muve.de\/wp-content\/uploads\/2016\/08\/MuenchenVenedig_08_10-300x300.jpg\" width=\"300\" height=\"300\" alt=\"Mit 2479m ist es der f\u00fcr uns bisher h\u00f6chste Punkt\" srcset=\"https:\/\/www.2muve.de\/wp-content\/uploads\/2016\/08\/MuenchenVenedig_08_10-300x300.jpg 300w, https:\/\/www.2muve.de\/wp-content\/uploads\/2016\/08\/MuenchenVenedig_08_10-150x150.jpg 150w\" sizes=\"auto, (max-width: 300px) 100vw, 300px\" class=\"light-dropshaddow\"\/><\/a><\/div><\/div><div class=\"tcol-lg-3 tcol-md-3 tcol-sm-4 tcol-xs-6 tcol-ss-12 g_item\"><div class=\"grid_item kad_gallery_fade_in gallery_item\"><a href=\"https:\/\/www.2muve.de\/wp-content\/uploads\/2016\/08\/MuenchenVenedig_08_11.jpg\" data-rel=\"lightbox\" class=\"lightboxhover\"><img loading=\"lazy\" decoding=\"async\" src=\"https:\/\/www.2muve.de\/wp-content\/uploads\/2016\/08\/MuenchenVenedig_08_11-300x300.jpg\" width=\"300\" height=\"300\" alt=\"Zur\u00fcck blicken wir ins Voldertal\" srcset=\"https:\/\/www.2muve.de\/wp-content\/uploads\/2016\/08\/MuenchenVenedig_08_11-300x300.jpg 300w, https:\/\/www.2muve.de\/wp-content\/uploads\/2016\/08\/MuenchenVenedig_08_11-150x150.jpg 150w\" sizes=\"auto, (max-width: 300px) 100vw, 300px\" class=\"light-dropshaddow\"\/><\/a><\/div><\/div><div class=\"tcol-lg-3 tcol-md-3 tcol-sm-4 tcol-xs-6 tcol-ss-12 g_item\"><div class=\"grid_item kad_gallery_fade_in gallery_item\"><a href=\"https:\/\/www.2muve.de\/wp-content\/uploads\/2016\/08\/MuenchenVenedig_08_12.jpg\" data-rel=\"lightbox\" class=\"lightboxhover\"><img loading=\"lazy\" decoding=\"async\" src=\"https:\/\/www.2muve.de\/wp-content\/uploads\/2016\/08\/MuenchenVenedig_08_12-300x300.jpg\" width=\"300\" height=\"300\" alt=\"Und verabschieden uns vom Flachland\" srcset=\"https:\/\/www.2muve.de\/wp-content\/uploads\/2016\/08\/MuenchenVenedig_08_12-300x300.jpg 300w, https:\/\/www.2muve.de\/wp-content\/uploads\/2016\/08\/MuenchenVenedig_08_12-150x150.jpg 150w\" sizes=\"auto, (max-width: 300px) 100vw, 300px\" class=\"light-dropshaddow\"\/><\/a><\/div><\/div><\/div>\n<p>Es wurde nochmal steil, wir \u00fcberquerten einige B\u00e4che und es wurde immer felsiger und damit auch alpiner. Nun waren wir also immer \u00fcber 2000m unterwegs und das war schon noch ein besonderes Gef\u00fchl. Der Aufstieg zum Naviser J\u00f6chl war nochmal anstrengend, es hatte sich aber gelohnt. Auch wenn das Wetter nicht so gut war hatten wir einen sch\u00f6nen Ausblick zur\u00fcck. Dort machten wir nochmal eine kurze Pause und da tauchte pl\u00f6tzlich die Bergziege auf, die auf der Glungezer H\u00fctte \u00fcbernachtet hatte. Als einzige war sie die &#8222;normale&#8220; Etappe gelaufen, der Rest von der Glungezer hatte die Schlechtwettervariante von dort gew\u00e4hlt. Wir waren froh, sie zu sehen und zu wissen, dass damit alle auf sicherem Weg unterwegs waren.<\/p>\n<div id=\"kad-wp-gallery77\" class=\"kad-wp-gallery kad-light-wp-gallery clearfix kt-gallery-column-3 rowtight\"><div class=\"tcol-lg-4 tcol-md-4 tcol-sm-4 tcol-xs-6 tcol-ss-12 g_item\"><div class=\"grid_item kad_gallery_fade_in gallery_item\"><a href=\"https:\/\/www.2muve.de\/wp-content\/uploads\/2016\/08\/MuenchenVenedig_08_13.jpg\" data-rel=\"lightbox\" class=\"lightboxhover\"><img loading=\"lazy\" decoding=\"async\" src=\"https:\/\/www.2muve.de\/wp-content\/uploads\/2016\/08\/MuenchenVenedig_08_13-400x400.jpg\" width=\"400\" height=\"400\" alt=\"Weiter geht&#039;s auf dem Via Alpina\" srcset=\"https:\/\/www.2muve.de\/wp-content\/uploads\/2016\/08\/MuenchenVenedig_08_13-400x400.jpg 400w, https:\/\/www.2muve.de\/wp-content\/uploads\/2016\/08\/MuenchenVenedig_08_13-150x150.jpg 150w\" sizes=\"auto, (max-width: 400px) 100vw, 400px\" class=\"light-dropshaddow\"\/><\/a><\/div><\/div><div class=\"tcol-lg-4 tcol-md-4 tcol-sm-4 tcol-xs-6 tcol-ss-12 g_item\"><div class=\"grid_item kad_gallery_fade_in gallery_item\"><a href=\"https:\/\/www.2muve.de\/wp-content\/uploads\/2016\/08\/MuenchenVenedig_08_14.jpg\" data-rel=\"lightbox\" class=\"lightboxhover\"><img loading=\"lazy\" decoding=\"async\" src=\"https:\/\/www.2muve.de\/wp-content\/uploads\/2016\/08\/MuenchenVenedig_08_14-400x400.jpg\" width=\"400\" height=\"400\" alt=\"Die Landschaft \u00e4ndert sich merklich\" srcset=\"https:\/\/www.2muve.de\/wp-content\/uploads\/2016\/08\/MuenchenVenedig_08_14-400x400.jpg 400w, https:\/\/www.2muve.de\/wp-content\/uploads\/2016\/08\/MuenchenVenedig_08_14-150x150.jpg 150w\" sizes=\"auto, (max-width: 400px) 100vw, 400px\" class=\"light-dropshaddow\"\/><\/a><\/div><\/div><div class=\"tcol-lg-4 tcol-md-4 tcol-sm-4 tcol-xs-6 tcol-ss-12 g_item\"><div class=\"grid_item kad_gallery_fade_in gallery_item\"><a href=\"https:\/\/www.2muve.de\/wp-content\/uploads\/2016\/08\/MuenchenVenedig_08_16.jpg\" data-rel=\"lightbox\" class=\"lightboxhover\"><img loading=\"lazy\" decoding=\"async\" src=\"https:\/\/www.2muve.de\/wp-content\/uploads\/2016\/08\/MuenchenVenedig_08_16-400x400.jpg\" width=\"400\" height=\"400\" alt=\"Wir sind in milit\u00e4rischem Sperrgebiet unterwegs\" srcset=\"https:\/\/www.2muve.de\/wp-content\/uploads\/2016\/08\/MuenchenVenedig_08_16-400x400.jpg 400w, https:\/\/www.2muve.de\/wp-content\/uploads\/2016\/08\/MuenchenVenedig_08_16-150x150.jpg 150w\" sizes=\"auto, (max-width: 400px) 100vw, 400px\" class=\"light-dropshaddow\"\/><\/a><\/div><\/div><\/div>\n<p>Wir wanderten nun weiter auf dem Via Alpina. Damit waren wir in milit\u00e4rischem Sperrgebiet. Im Wanderf\u00fchrer wird schon gewarnt, dass man sich informieren solle, wann denn Schie\u00df\u00fcbungen seien. Die waren zwar schon vorbei, es war aber trotzdem ein komisches Gef\u00fchl. Wir blieben brav auf den Wegen und schauten neugierig umher, ob wir irgendwelche Spuren sehen konnten.<\/p>\n<div id=\"kad-wp-gallery36\" class=\"kad-wp-gallery kad-light-wp-gallery clearfix kt-gallery-column-3 rowtight\"><div class=\"tcol-lg-4 tcol-md-4 tcol-sm-4 tcol-xs-6 tcol-ss-12 g_item\"><div class=\"grid_item kad_gallery_fade_in gallery_item\"><a href=\"https:\/\/www.2muve.de\/wp-content\/uploads\/2016\/08\/MuenchenVenedig_08_17.jpg\" data-rel=\"lightbox\" class=\"lightboxhover\"><img loading=\"lazy\" decoding=\"async\" src=\"https:\/\/www.2muve.de\/wp-content\/uploads\/2016\/08\/MuenchenVenedig_08_17-400x400.jpg\" width=\"400\" height=\"400\" alt=\"Kleiner Abstecher zur Sonnspitz\" srcset=\"https:\/\/www.2muve.de\/wp-content\/uploads\/2016\/08\/MuenchenVenedig_08_17-400x400.jpg 400w, https:\/\/www.2muve.de\/wp-content\/uploads\/2016\/08\/MuenchenVenedig_08_17-150x150.jpg 150w\" sizes=\"auto, (max-width: 400px) 100vw, 400px\" class=\"light-dropshaddow\"\/><\/a><\/div><\/div><div class=\"tcol-lg-4 tcol-md-4 tcol-sm-4 tcol-xs-6 tcol-ss-12 g_item\"><div class=\"grid_item kad_gallery_fade_in gallery_item\"><a href=\"https:\/\/www.2muve.de\/wp-content\/uploads\/2016\/08\/MuenchenVenedig_08_18.jpg\" data-rel=\"lightbox\" class=\"lightboxhover\"><img loading=\"lazy\" decoding=\"async\" src=\"https:\/\/www.2muve.de\/wp-content\/uploads\/2016\/08\/MuenchenVenedig_08_18-400x400.jpg\" width=\"400\" height=\"400\" alt=\"Der Gipfel der Sonnspitz\" srcset=\"https:\/\/www.2muve.de\/wp-content\/uploads\/2016\/08\/MuenchenVenedig_08_18-400x400.jpg 400w, https:\/\/www.2muve.de\/wp-content\/uploads\/2016\/08\/MuenchenVenedig_08_18-150x150.jpg 150w\" sizes=\"auto, (max-width: 400px) 100vw, 400px\" class=\"light-dropshaddow\"\/><\/a><\/div><\/div><div class=\"tcol-lg-4 tcol-md-4 tcol-sm-4 tcol-xs-6 tcol-ss-12 g_item\"><div class=\"grid_item kad_gallery_fade_in gallery_item\"><a href=\"https:\/\/www.2muve.de\/wp-content\/uploads\/2016\/08\/MuenchenVenedig_08_19.jpg\" data-rel=\"lightbox\" class=\"lightboxhover\"><img loading=\"lazy\" decoding=\"async\" src=\"https:\/\/www.2muve.de\/wp-content\/uploads\/2016\/08\/MuenchenVenedig_08_19-400x400.jpg\" width=\"400\" height=\"400\" alt=\"Leider eine Sackgasse\" srcset=\"https:\/\/www.2muve.de\/wp-content\/uploads\/2016\/08\/MuenchenVenedig_08_19-400x400.jpg 400w, https:\/\/www.2muve.de\/wp-content\/uploads\/2016\/08\/MuenchenVenedig_08_19-150x150.jpg 150w\" sizes=\"auto, (max-width: 400px) 100vw, 400px\" class=\"light-dropshaddow\"\/><\/a><\/div><\/div><\/div>\n<p>Ein St\u00fcck weiter tauchte dann ein Gipfelkreuz auf. Wir z\u00f6gerten nicht lange und bogen ab zur Naviser Sonnenspitze (2619m). Das war nochmal ein Spa\u00df \ud83d\ude42 Wir beobachteten die anderen, aber niemand folgte uns. Egal, wir genossen es, nochmal etwas Felskontakt zu haben. Oben angekommen gab es dann aber keinen wirklichen Weg mehr. Wir \u00fcberpr\u00fcften es auf der Karte und tats\u00e4chlich &#8211; eine Sackgasse. Also wieder umkehren. Das war \u00fcbrigens das erste Mal, dass wir eine unserer Karten benutzten \ud83d\ude09 . <\/p>\n<div id=\"kad-wp-gallery77\" class=\"kad-wp-gallery kad-light-wp-gallery clearfix kt-gallery-column-2 rowtight\"><div class=\"tcol-lg-6 tcol-md-6 tcol-sm-6 tcol-xs-12 tcol-ss-12 g_item\"><div class=\"grid_item kad_gallery_fade_in gallery_item\"><a href=\"https:\/\/www.2muve.de\/wp-content\/uploads\/2016\/08\/MuenchenVenedig_08_20.jpg\" data-rel=\"lightbox\" class=\"lightboxhover\"><img loading=\"lazy\" decoding=\"async\" src=\"https:\/\/www.2muve.de\/wp-content\/uploads\/2016\/08\/MuenchenVenedig_08_20.jpg\" width=\"600\" height=\"400\" alt=\"Der Ausblick war der Umweg wert\" srcset=\"https:\/\/www.2muve.de\/wp-content\/uploads\/2016\/08\/MuenchenVenedig_08_20.jpg 600w, https:\/\/www.2muve.de\/wp-content\/uploads\/2016\/08\/MuenchenVenedig_08_20-300x200.jpg 300w\" sizes=\"auto, (max-width: 600px) 100vw, 600px\" class=\"light-dropshaddow\"\/><\/a><\/div><\/div><div class=\"tcol-lg-6 tcol-md-6 tcol-sm-6 tcol-xs-12 tcol-ss-12 g_item\"><div class=\"grid_item kad_gallery_fade_in gallery_item\"><a href=\"https:\/\/www.2muve.de\/wp-content\/uploads\/2016\/08\/MuenchenVenedig_08_21.jpg\" data-rel=\"lightbox\" class=\"lightboxhover\"><img loading=\"lazy\" decoding=\"async\" src=\"https:\/\/www.2muve.de\/wp-content\/uploads\/2016\/08\/MuenchenVenedig_08_21.jpg\" width=\"600\" height=\"400\" alt=\"Es f\u00fchlt sich schon hochalpin an\" srcset=\"https:\/\/www.2muve.de\/wp-content\/uploads\/2016\/08\/MuenchenVenedig_08_21.jpg 600w, https:\/\/www.2muve.de\/wp-content\/uploads\/2016\/08\/MuenchenVenedig_08_21-300x200.jpg 300w\" sizes=\"auto, (max-width: 600px) 100vw, 600px\" class=\"light-dropshaddow\"\/><\/a><\/div><\/div><\/div>\n<p>Also wanderten wir wieder zur\u00fcck zum normalen Weg und hatten damit alle vorgelassen. Nun f\u00fchrte der Weg \u00fcber leichtes Auf und Ab vor allem bergab in einer traumhaften H\u00fcgellandschaft. Wenn ich mal in Neuseeland oder Schottland gewesen w\u00e4re, w\u00fcrde jetzt sicher einen Vergleich anstellen. Aber so ist das f\u00fcr mich einfach die wundersch\u00f6ne Landschaft der Tuxer Alpen \ud83d\ude09 . Nach einer Weile machten wir dann zusammen mit der Weltenbummlerin Pause, danach stie\u00df noch die Hundedame zu uns und der Fotograf, den wir am Vortag auf der Voldertalh\u00fctte kennengelernt hatten. <\/p>\n<div id=\"kad-wp-gallery21\" class=\"kad-wp-gallery kad-light-wp-gallery clearfix kt-gallery-column-2 rowtight\"><div class=\"tcol-lg-6 tcol-md-6 tcol-sm-6 tcol-xs-12 tcol-ss-12 g_item\"><div class=\"grid_item kad_gallery_fade_in gallery_item\"><a href=\"https:\/\/www.2muve.de\/wp-content\/uploads\/2016\/08\/MuenchenVenedig_08_22.jpg\" data-rel=\"lightbox\" class=\"lightboxhover\"><img loading=\"lazy\" decoding=\"async\" src=\"https:\/\/www.2muve.de\/wp-content\/uploads\/2016\/08\/MuenchenVenedig_08_22.jpg\" width=\"600\" height=\"400\" alt=\"Es geht wieder sanft bergab\" srcset=\"https:\/\/www.2muve.de\/wp-content\/uploads\/2016\/08\/MuenchenVenedig_08_22.jpg 600w, https:\/\/www.2muve.de\/wp-content\/uploads\/2016\/08\/MuenchenVenedig_08_22-300x200.jpg 300w\" sizes=\"auto, (max-width: 600px) 100vw, 600px\" class=\"light-dropshaddow\"\/><\/a><\/div><\/div><div class=\"tcol-lg-6 tcol-md-6 tcol-sm-6 tcol-xs-12 tcol-ss-12 g_item\"><div class=\"grid_item kad_gallery_fade_in gallery_item\"><a href=\"https:\/\/www.2muve.de\/wp-content\/uploads\/2016\/08\/MuenchenVenedig_08_23.jpg\" data-rel=\"lightbox\" class=\"lightboxhover\"><img loading=\"lazy\" decoding=\"async\" src=\"https:\/\/www.2muve.de\/wp-content\/uploads\/2016\/08\/MuenchenVenedig_08_23.jpg\" width=\"600\" height=\"400\" alt=\"Bis wir zum Etappenziel Lizumer H\u00fctte kommen\" srcset=\"https:\/\/www.2muve.de\/wp-content\/uploads\/2016\/08\/MuenchenVenedig_08_23.jpg 600w, https:\/\/www.2muve.de\/wp-content\/uploads\/2016\/08\/MuenchenVenedig_08_23-300x200.jpg 300w\" sizes=\"auto, (max-width: 600px) 100vw, 600px\" class=\"light-dropshaddow\"\/><\/a><\/div><\/div><\/div>\n<p>Nach der Pause wanderten wir weiter und pl\u00f6tzlich h\u00f6rten wir ein &#8222;hey&#8220; hinter uns. Einer der Jungs war da und wir wanderten gemeinsam das letzte St\u00fcck. Die Lizumer H\u00fctte war zu sehen und wir mussten nur noch bergab wandern. Die Kasernen in der umgebenden Landschaft irritierten zwar etwas, aber ansonsten liegt die Lizumer H\u00fctte sehr idyllisch. Die H\u00fctte selber ist auch sehr sch\u00f6n, mit Kletterwand au\u00dfen und innen, Lagern mit Stockbetten und erst 2006 renoviert. Einzig der H\u00fcttenwirt zerst\u00f6rt die Idylle, da er eher ein Tiroler Grantler ist. <\/p>\n<p>Den Abend verbrachten wir dann zuerst in unserer Gruppe. Als die Essensbestellungen an unserem Tisch aufgenommen wurden, hatten wir aber Pech. Bis das M\u00e4dl bei uns angekommen war, hatte der H\u00fcttenwirt schon verboten noch weitere Bestellungen aufzunehmen&#8230; Daher packten wir dann unser Zeug und machten vor der H\u00fctte Brotzeit. Dann gab&#8217;s noch eine besondere \u00dcberraschung: Night Owls Eltern kamen uns besuchen und wir verbrachten einen sehr sch\u00f6nen Abend gemeinsam \ud83d\ude42 .<\/p>\n<p><strong>Erkenntnis des Tages:<\/strong><br \/>\nWandern kann so sch\u00f6n sein, wenn die F\u00fc\u00dfe in den Hintergrund treten \ud83d\ude42<\/p>\n<p><strong>Fazit:<\/strong><br \/>\nGef\u00fchlt waren wir endlich angekommen. Nach einer Woche Eingew\u00f6hnungszeit konnte es jetzt endlich losgehen. Die Fu\u00dfprobleme hatten wir nun im Griff, die Landschaft wurde immer beeindruckender und wir waren endlich wieder positiv gestimmt. Wir waren in den Tuxer Alpen angekommen \ud83d\ude42<\/p>\n<p>Liebe Gr\u00fc\u00dfe,<br \/>\nEarly Bird \ud83d\ude42<\/p>\n[sgpx gpx=&#8220;\/wp-content\/uploads\/gpx\/muve_tag8.gpx&#8220;] <\/p>\n","protected":false},"excerpt":{"rendered":"<p>Zusammenfassung: Nach unseren entspannten Tagen kam nun endlich wieder eine richtige Etappe mit etwa 1400 H\u00f6henmetern. Und wir waren nun auch wieder fit unterwegs. Die F\u00fc\u00dfe machten kaum mehr Probleme und die Kondition war besser denn je. Dazu kamen wir &hellip; <a href=\"https:\/\/www.2muve.de\/index.php\/muve-etappe-8-voldertalhuette-lizumer-huette\/\">Weiter<\/a><\/p>\n","protected":false},"author":1,"featured_media":8192,"comment_status":"open","ping_status":"closed","sticky":false,"template":"","format":"standard","meta":{"kt_blocks_editor_width":"","footnotes":""},"categories":[52,23],"tags":[129,155,125,158,156,157,68,151,150],"class_list":["post-8172","post","type-post","status-publish","format-standard","has-post-thumbnail","hentry","category-muvefar","category-muveup","tag-alpenueberquerung","tag-lizumer-huette","tag-muenchen-venedig","tag-naviser-joechl","tag-sonnenspitz","tag-steinkaseralm","tag-traumpfad","tag-voldertal","tag-voldertalhuette"],"_links":{"self":[{"href":"https:\/\/www.2muve.de\/index.php\/wp-json\/wp\/v2\/posts\/8172","targetHints":{"allow":["GET"]}}],"collection":[{"href":"https:\/\/www.2muve.de\/index.php\/wp-json\/wp\/v2\/posts"}],"about":[{"href":"https:\/\/www.2muve.de\/index.php\/wp-json\/wp\/v2\/types\/post"}],"author":[{"embeddable":true,"href":"https:\/\/www.2muve.de\/index.php\/wp-json\/wp\/v2\/users\/1"}],"replies":[{"embeddable":true,"href":"https:\/\/www.2muve.de\/index.php\/wp-json\/wp\/v2\/comments?post=8172"}],"version-history":[{"count":6,"href":"https:\/\/www.2muve.de\/index.php\/wp-json\/wp\/v2\/posts\/8172\/revisions"}],"predecessor-version":[{"id":8199,"href":"https:\/\/www.2muve.de\/index.php\/wp-json\/wp\/v2\/posts\/8172\/revisions\/8199"}],"wp:featuredmedia":[{"embeddable":true,"href":"https:\/\/www.2muve.de\/index.php\/wp-json\/wp\/v2\/media\/8192"}],"wp:attachment":[{"href":"https:\/\/www.2muve.de\/index.php\/wp-json\/wp\/v2\/media?parent=8172"}],"wp:term":[{"taxonomy":"category","embeddable":true,"href":"https:\/\/www.2muve.de\/index.php\/wp-json\/wp\/v2\/categories?post=8172"},{"taxonomy":"post_tag","embeddable":true,"href":"https:\/\/www.2muve.de\/index.php\/wp-json\/wp\/v2\/tags?post=8172"}],"curies":[{"name":"wp","href":"https:\/\/api.w.org\/{rel}","templated":true}]}}