{"id":8255,"date":"2016-09-01T20:43:38","date_gmt":"2016-09-01T19:43:38","guid":{"rendered":"http:\/\/www.2muve.de\/?p=8255"},"modified":"2016-09-01T20:43:38","modified_gmt":"2016-09-01T19:43:38","slug":"muve-etappe-11-olpererhuette-stein","status":"publish","type":"post","link":"https:\/\/www.2muve.de\/index.php\/muve-etappe-11-olpererhuette-stein\/","title":{"rendered":"muve Etappe 11: Olpererh\u00fctte &#8211; Stein"},"content":{"rendered":"<div class=\"blockquote blockquote-full postclass clearfix\">\n<ul id=\"track_ov\">\n<li id=\"time\">5:30h<\/li>\n<li id=\"public\">nicht mit \u00f6ffentlichen Verkehrsmitteln erreichbar<\/li>\n<li id=\"distance\">12 km<\/li>\n<li id=\"equipment\">Gute Schuhe, Gep\u00e4ck f\u00fcr vier Wochen<\/li>\n<\/ul>\n<\/div><div class=\"clearfix\"><\/div>\n<p><strong>Zusammenfassung:<\/strong><br \/>\nAuf dieser gem\u00fctlichen und kurzen Etappe liefen wir nach Italien! Von der Olpererh\u00fctte stiegen wir \u00fcber zahlreiche Steine und Felsen bis zum Pfitscher-Joch und waren damit in Italien. Den H\u00fcgel hinab und dann \u00fcber einen sch\u00f6nen Waldweg ging es in den sehr kleinen Ort Stein.<\/p>\n<p><strong>Details:<\/strong><br \/>\nDieses Mal war im Lager wirklich schlechte Luft und wir waren ganz froh, als wir dann alles gepackt hatten und losziehen konnten. Wieder mal war f\u00fcr nachmittags Gewitter angesagt, wieder mal war es eine recht kurze Etappe. Das Fr\u00fchst\u00fcck a\u00dfen wir dieses Mal nicht in der H\u00fctte, sondern wanderten ein St\u00fcck den Weg entlang und machten es uns dann auf den Felsen bequem.<\/p>\n<div id=\"kad-wp-gallery56\" class=\"kad-wp-gallery kad-light-wp-gallery clearfix kt-gallery-column-3 rowtight\"><div class=\"tcol-lg-4 tcol-md-4 tcol-sm-4 tcol-xs-6 tcol-ss-12 g_item\"><div class=\"grid_item kad_gallery_fade_in gallery_item\"><a href=\"https:\/\/www.2muve.de\/wp-content\/uploads\/2016\/08\/MuenchenVenedig_11_1.jpg\" data-rel=\"lightbox\" class=\"lightboxhover\"><img loading=\"lazy\" decoding=\"async\" src=\"https:\/\/www.2muve.de\/wp-content\/uploads\/2016\/08\/MuenchenVenedig_11_1-400x400.jpg\" width=\"400\" height=\"400\" alt=\"Fr\u00fcher Morgen als wir aufbrechen\" srcset=\"https:\/\/www.2muve.de\/wp-content\/uploads\/2016\/08\/MuenchenVenedig_11_1-400x400.jpg 400w, https:\/\/www.2muve.de\/wp-content\/uploads\/2016\/08\/MuenchenVenedig_11_1-150x150.jpg 150w\" sizes=\"auto, (max-width: 400px) 100vw, 400px\" class=\"light-dropshaddow\"\/><\/a><\/div><\/div><div class=\"tcol-lg-4 tcol-md-4 tcol-sm-4 tcol-xs-6 tcol-ss-12 g_item\"><div class=\"grid_item kad_gallery_fade_in gallery_item\"><a href=\"https:\/\/www.2muve.de\/wp-content\/uploads\/2016\/08\/MuenchenVenedig_11_2.jpg\" data-rel=\"lightbox\" class=\"lightboxhover\"><img loading=\"lazy\" decoding=\"async\" src=\"https:\/\/www.2muve.de\/wp-content\/uploads\/2016\/08\/MuenchenVenedig_11_2-400x400.jpg\" width=\"400\" height=\"400\" alt=\"Blick auf die Olperer von unserem Fr\u00fchst\u00fccksplatz aus\" srcset=\"https:\/\/www.2muve.de\/wp-content\/uploads\/2016\/08\/MuenchenVenedig_11_2-400x400.jpg 400w, https:\/\/www.2muve.de\/wp-content\/uploads\/2016\/08\/MuenchenVenedig_11_2-150x150.jpg 150w\" sizes=\"auto, (max-width: 400px) 100vw, 400px\" class=\"light-dropshaddow\"\/><\/a><\/div><\/div><div class=\"tcol-lg-4 tcol-md-4 tcol-sm-4 tcol-xs-6 tcol-ss-12 g_item\"><div class=\"grid_item kad_gallery_fade_in gallery_item\"><a href=\"https:\/\/www.2muve.de\/wp-content\/uploads\/2016\/08\/MuenchenVenedig_11_3.jpg\" data-rel=\"lightbox\" class=\"lightboxhover\"><img loading=\"lazy\" decoding=\"async\" src=\"https:\/\/www.2muve.de\/wp-content\/uploads\/2016\/08\/MuenchenVenedig_11_3-400x400.jpg\" width=\"400\" height=\"400\" alt=\"Blick zum Schlegeisspeicher\" srcset=\"https:\/\/www.2muve.de\/wp-content\/uploads\/2016\/08\/MuenchenVenedig_11_3-400x400.jpg 400w, https:\/\/www.2muve.de\/wp-content\/uploads\/2016\/08\/MuenchenVenedig_11_3-150x150.jpg 150w\" sizes=\"auto, (max-width: 400px) 100vw, 400px\" class=\"light-dropshaddow\"\/><\/a><\/div><\/div><\/div>\n<p>Wir blickten auf die Olpererh\u00fctte und den Schlegeisspeicher und a\u00dfen unser eigenes Fr\u00fchst\u00fcck. Das war richtig sch\u00f6n und die Stimmung um uns toll. Die letzten Wolken vom Regen vom Tag zuvor zogen umher und die Sonne tauchte alles in ein golden-bl\u00e4uliches Licht. Nach und nach kamen nun auch die anderen muveler an uns vorbei, die in der H\u00fctte gefr\u00fchst\u00fcckt hatten. Wir packten nun auch unsere Sachen zusammen, um loszuwandern.<\/p>\n<div id=\"kad-wp-gallery45\" class=\"kad-wp-gallery kad-light-wp-gallery clearfix kt-gallery-column-3 rowtight\"><div class=\"tcol-lg-4 tcol-md-4 tcol-sm-4 tcol-xs-6 tcol-ss-12 g_item\"><div class=\"grid_item kad_gallery_fade_in gallery_item\"><a href=\"https:\/\/www.2muve.de\/wp-content\/uploads\/2016\/08\/MuenchenVenedig_11_4.jpg\" data-rel=\"lightbox\" class=\"lightboxhover\"><img loading=\"lazy\" decoding=\"async\" src=\"https:\/\/www.2muve.de\/wp-content\/uploads\/2016\/08\/MuenchenVenedig_11_4-400x400.jpg\" width=\"400\" height=\"400\" alt=\"Weiter geht&#039;s auf dem Berliner H\u00f6henweg\" srcset=\"https:\/\/www.2muve.de\/wp-content\/uploads\/2016\/08\/MuenchenVenedig_11_4-400x400.jpg 400w, https:\/\/www.2muve.de\/wp-content\/uploads\/2016\/08\/MuenchenVenedig_11_4-150x150.jpg 150w\" sizes=\"auto, (max-width: 400px) 100vw, 400px\" class=\"light-dropshaddow\"\/><\/a><\/div><\/div><div class=\"tcol-lg-4 tcol-md-4 tcol-sm-4 tcol-xs-6 tcol-ss-12 g_item\"><div class=\"grid_item kad_gallery_fade_in gallery_item\"><a href=\"https:\/\/www.2muve.de\/wp-content\/uploads\/2016\/08\/MuenchenVenedig_11_5.jpg\" data-rel=\"lightbox\" class=\"lightboxhover\"><img loading=\"lazy\" decoding=\"async\" src=\"https:\/\/www.2muve.de\/wp-content\/uploads\/2016\/08\/MuenchenVenedig_11_5-400x400.jpg\" width=\"400\" height=\"400\" alt=\"Ger\u00f6ll ohne Ende\" srcset=\"https:\/\/www.2muve.de\/wp-content\/uploads\/2016\/08\/MuenchenVenedig_11_5-400x400.jpg 400w, https:\/\/www.2muve.de\/wp-content\/uploads\/2016\/08\/MuenchenVenedig_11_5-150x150.jpg 150w\" sizes=\"auto, (max-width: 400px) 100vw, 400px\" class=\"light-dropshaddow\"\/><\/a><\/div><\/div><div class=\"tcol-lg-4 tcol-md-4 tcol-sm-4 tcol-xs-6 tcol-ss-12 g_item\"><div class=\"grid_item kad_gallery_fade_in gallery_item\"><a href=\"https:\/\/www.2muve.de\/wp-content\/uploads\/2016\/08\/MuenchenVenedig_11_6.jpg\" data-rel=\"lightbox\" class=\"lightboxhover\"><img loading=\"lazy\" decoding=\"async\" src=\"https:\/\/www.2muve.de\/wp-content\/uploads\/2016\/08\/MuenchenVenedig_11_6-400x400.jpg\" width=\"400\" height=\"400\" alt=\"Der Weg f\u00fchrt wie gelegt \u00fcber die Steine\" srcset=\"https:\/\/www.2muve.de\/wp-content\/uploads\/2016\/08\/MuenchenVenedig_11_6-400x400.jpg 400w, https:\/\/www.2muve.de\/wp-content\/uploads\/2016\/08\/MuenchenVenedig_11_6-150x150.jpg 150w\" sizes=\"auto, (max-width: 400px) 100vw, 400px\" class=\"light-dropshaddow\"\/><\/a><\/div><\/div><\/div>\n<p>Wir wanderten auf der Neumarkter Runde weiter. Die Steine wurden so arrangiert, dass der Wanderweg gem\u00fctlich entlang f\u00fchrt und man bis zum Pfitscherjoch auf und ab \u00fcber die Felslandschaft laufen kann. Dazu hatten wir ein traumhaftes Panorama. Die Wolken zeigten mal mehr und mal weniger, es war eine sehr sch\u00f6ne Stimmung.<\/p>\n<div id=\"kad-wp-gallery15\" class=\"kad-wp-gallery kad-light-wp-gallery clearfix kt-gallery-column-4 rowtight\"><div class=\"tcol-lg-3 tcol-md-3 tcol-sm-4 tcol-xs-6 tcol-ss-12 g_item\"><div class=\"grid_item kad_gallery_fade_in gallery_item\"><a href=\"https:\/\/www.2muve.de\/wp-content\/uploads\/2016\/08\/MuenchenVenedig_11_7.jpg\" data-rel=\"lightbox\" class=\"lightboxhover\"><img loading=\"lazy\" decoding=\"async\" src=\"https:\/\/www.2muve.de\/wp-content\/uploads\/2016\/08\/MuenchenVenedig_11_7-300x300.jpg\" width=\"300\" height=\"300\" alt=\"Die Wolken zogen umher und wir hatten jede Minute eine andere Aussicht\" srcset=\"https:\/\/www.2muve.de\/wp-content\/uploads\/2016\/08\/MuenchenVenedig_11_7-300x300.jpg 300w, https:\/\/www.2muve.de\/wp-content\/uploads\/2016\/08\/MuenchenVenedig_11_7-150x150.jpg 150w, https:\/\/www.2muve.de\/wp-content\/uploads\/2016\/08\/MuenchenVenedig_11_7-365x365.jpg 365w\" sizes=\"auto, (max-width: 300px) 100vw, 300px\" class=\"light-dropshaddow\"\/><\/a><\/div><\/div><div class=\"tcol-lg-3 tcol-md-3 tcol-sm-4 tcol-xs-6 tcol-ss-12 g_item\"><div class=\"grid_item kad_gallery_fade_in gallery_item\"><a href=\"https:\/\/www.2muve.de\/wp-content\/uploads\/2016\/08\/MuenchenVenedig_11_8.jpg\" data-rel=\"lightbox\" class=\"lightboxhover\"><img loading=\"lazy\" decoding=\"async\" src=\"https:\/\/www.2muve.de\/wp-content\/uploads\/2016\/08\/MuenchenVenedig_11_8-300x300.jpg\" width=\"300\" height=\"300\" alt=\"Landschaftlich war der Weg \u00fcber Ger\u00f6ll wundersch\u00f6n\" srcset=\"https:\/\/www.2muve.de\/wp-content\/uploads\/2016\/08\/MuenchenVenedig_11_8-300x300.jpg 300w, https:\/\/www.2muve.de\/wp-content\/uploads\/2016\/08\/MuenchenVenedig_11_8-150x150.jpg 150w\" sizes=\"auto, (max-width: 300px) 100vw, 300px\" class=\"light-dropshaddow\"\/><\/a><\/div><\/div><div class=\"tcol-lg-3 tcol-md-3 tcol-sm-4 tcol-xs-6 tcol-ss-12 g_item\"><div class=\"grid_item kad_gallery_fade_in gallery_item\"><a href=\"https:\/\/www.2muve.de\/wp-content\/uploads\/2016\/08\/MuenchenVenedig_11_9.jpg\" data-rel=\"lightbox\" class=\"lightboxhover\"><img loading=\"lazy\" decoding=\"async\" src=\"https:\/\/www.2muve.de\/wp-content\/uploads\/2016\/08\/MuenchenVenedig_11_9-300x300.jpg\" width=\"300\" height=\"300\" alt=\"Mal rauf, mal runter, immer \u00fcber Ger\u00f6ll\" srcset=\"https:\/\/www.2muve.de\/wp-content\/uploads\/2016\/08\/MuenchenVenedig_11_9-300x300.jpg 300w, https:\/\/www.2muve.de\/wp-content\/uploads\/2016\/08\/MuenchenVenedig_11_9-150x150.jpg 150w\" sizes=\"auto, (max-width: 300px) 100vw, 300px\" class=\"light-dropshaddow\"\/><\/a><\/div><\/div><div class=\"tcol-lg-3 tcol-md-3 tcol-sm-4 tcol-xs-6 tcol-ss-12 g_item\"><div class=\"grid_item kad_gallery_fade_in gallery_item\"><a href=\"https:\/\/www.2muve.de\/wp-content\/uploads\/2016\/08\/MuenchenVenedig_11_10.jpg\" data-rel=\"lightbox\" class=\"lightboxhover\"><img loading=\"lazy\" decoding=\"async\" src=\"https:\/\/www.2muve.de\/wp-content\/uploads\/2016\/08\/MuenchenVenedig_11_10-300x300.jpg\" width=\"300\" height=\"300\" alt=\"Und dann ging&#039;s raus aus dem Ger\u00f6ll und damit auf direktem Weg zur Grenze\" srcset=\"https:\/\/www.2muve.de\/wp-content\/uploads\/2016\/08\/MuenchenVenedig_11_10-300x300.jpg 300w, https:\/\/www.2muve.de\/wp-content\/uploads\/2016\/08\/MuenchenVenedig_11_10-150x150.jpg 150w\" sizes=\"auto, (max-width: 300px) 100vw, 300px\" class=\"light-dropshaddow\"\/><\/a><\/div><\/div><\/div>\n<p>Wir \u00fcberquerten den Unterschrammach-Bach und immer wieder B\u00e4che und kamen im Auf und Ab immer n\u00e4her zum H\u00f6hepunkt des Tages: Der italienischen Grenze. Wir blieben immer wieder stehen und blickten in der Felslandschaft umher. Es war schon eine sch\u00f6ne Stimmung, von Wolken umgeben und auf den ganzen Steinen unterwegs. Endlich kam der Bach, den wir laut Wanderf\u00fchrer fr\u00fch \u00fcberqueren sollten, da er bei viel Schmelzwasser am Nachmittag sonst unangenehm werden k\u00f6nnte und die kleine Br\u00fccke nicht mehr ausreicht.<\/p>\n<div id=\"kad-wp-gallery15\" class=\"kad-wp-gallery kad-light-wp-gallery clearfix kt-gallery-column-4 rowtight\"><div class=\"tcol-lg-3 tcol-md-3 tcol-sm-4 tcol-xs-6 tcol-ss-12 g_item\"><div class=\"grid_item kad_gallery_fade_in gallery_item\"><a href=\"https:\/\/www.2muve.de\/wp-content\/uploads\/2016\/08\/MuenchenVenedig_11_11.jpg\" data-rel=\"lightbox\" class=\"lightboxhover\"><img loading=\"lazy\" decoding=\"async\" src=\"https:\/\/www.2muve.de\/wp-content\/uploads\/2016\/08\/MuenchenVenedig_11_11-300x300.jpg\" width=\"300\" height=\"300\" alt=\"Kurz vor dem letzten \u00f6sterreichischen H\u00fcgel wurde es nochmal flacher\" srcset=\"https:\/\/www.2muve.de\/wp-content\/uploads\/2016\/08\/MuenchenVenedig_11_11-300x300.jpg 300w, https:\/\/www.2muve.de\/wp-content\/uploads\/2016\/08\/MuenchenVenedig_11_11-150x150.jpg 150w\" sizes=\"auto, (max-width: 300px) 100vw, 300px\" class=\"light-dropshaddow\"\/><\/a><\/div><\/div><div class=\"tcol-lg-3 tcol-md-3 tcol-sm-4 tcol-xs-6 tcol-ss-12 g_item\"><div class=\"grid_item kad_gallery_fade_in gallery_item\"><a href=\"https:\/\/www.2muve.de\/wp-content\/uploads\/2016\/08\/MuenchenVenedig_11_12.jpg\" data-rel=\"lightbox\" class=\"lightboxhover\"><img loading=\"lazy\" decoding=\"async\" src=\"https:\/\/www.2muve.de\/wp-content\/uploads\/2016\/08\/MuenchenVenedig_11_12-300x300.jpg\" width=\"300\" height=\"300\" alt=\"Eine Br\u00fccke, die bei viel Schmelzwasser laut Wanderf\u00fchrer ungem\u00fctlich wird\" srcset=\"https:\/\/www.2muve.de\/wp-content\/uploads\/2016\/08\/MuenchenVenedig_11_12-300x300.jpg 300w, https:\/\/www.2muve.de\/wp-content\/uploads\/2016\/08\/MuenchenVenedig_11_12-150x150.jpg 150w\" sizes=\"auto, (max-width: 300px) 100vw, 300px\" class=\"light-dropshaddow\"\/><\/a><\/div><\/div><div class=\"tcol-lg-3 tcol-md-3 tcol-sm-4 tcol-xs-6 tcol-ss-12 g_item\"><div class=\"grid_item kad_gallery_fade_in gallery_item\"><a href=\"https:\/\/www.2muve.de\/wp-content\/uploads\/2016\/08\/MuenchenVenedig_11_13.jpg\" data-rel=\"lightbox\" class=\"lightboxhover\"><img loading=\"lazy\" decoding=\"async\" src=\"https:\/\/www.2muve.de\/wp-content\/uploads\/2016\/08\/MuenchenVenedig_11_13-300x300.jpg\" width=\"300\" height=\"300\" alt=\"Auch die Natur hatte einiges zu bieten\" srcset=\"https:\/\/www.2muve.de\/wp-content\/uploads\/2016\/08\/MuenchenVenedig_11_13-300x300.jpg 300w, https:\/\/www.2muve.de\/wp-content\/uploads\/2016\/08\/MuenchenVenedig_11_13-150x150.jpg 150w\" sizes=\"auto, (max-width: 300px) 100vw, 300px\" class=\"light-dropshaddow\"\/><\/a><\/div><\/div><div class=\"tcol-lg-3 tcol-md-3 tcol-sm-4 tcol-xs-6 tcol-ss-12 g_item\"><div class=\"grid_item kad_gallery_fade_in gallery_item\"><a href=\"https:\/\/www.2muve.de\/wp-content\/uploads\/2016\/08\/MuenchenVenedig_11_14.jpg\" data-rel=\"lightbox\" class=\"lightboxhover\"><img loading=\"lazy\" decoding=\"async\" src=\"https:\/\/www.2muve.de\/wp-content\/uploads\/2016\/08\/MuenchenVenedig_11_14-300x300.jpg\" width=\"300\" height=\"300\" alt=\"Klassisches Bild\" srcset=\"https:\/\/www.2muve.de\/wp-content\/uploads\/2016\/08\/MuenchenVenedig_11_14-300x300.jpg 300w, https:\/\/www.2muve.de\/wp-content\/uploads\/2016\/08\/MuenchenVenedig_11_14-150x150.jpg 150w, https:\/\/www.2muve.de\/wp-content\/uploads\/2016\/08\/MuenchenVenedig_11_14-400x400.jpg 400w\" sizes=\"auto, (max-width: 300px) 100vw, 300px\" class=\"light-dropshaddow\"\/><\/a><\/div><\/div><\/div>\n<p>Ein St\u00fcck sp\u00e4ter kurz vor der Grenze lagen die Jungs im Gras und machten Pause, wir gesellten uns dazu. Kurz nach uns kamen die Lehrerinnen, die sich auch dazusa\u00dfen. Nachdem wir schon mehrere Pausen gemacht hatten, liefen wir schon bald wieder los. Und dann waren wir endlich am Pfitscherjoch, \u00fcberschritten somit die Grenze und waren in Italien angekommen &#8211; in S\u00fcdtirol. Wow! Unsere F\u00fc\u00dfe hatten uns tats\u00e4chlich bis hierher getragen!<\/p>\n<div id=\"kad-wp-gallery69\" class=\"kad-wp-gallery kad-light-wp-gallery clearfix kt-gallery-column-3 rowtight\"><div class=\"tcol-lg-4 tcol-md-4 tcol-sm-4 tcol-xs-6 tcol-ss-12 g_item\"><div class=\"grid_item kad_gallery_fade_in gallery_item\"><a href=\"https:\/\/www.2muve.de\/wp-content\/uploads\/2016\/08\/MuenchenVenedig_11_15.jpg\" data-rel=\"lightbox\" class=\"lightboxhover\"><img loading=\"lazy\" decoding=\"async\" src=\"https:\/\/www.2muve.de\/wp-content\/uploads\/2016\/08\/MuenchenVenedig_11_15-400x400.jpg\" width=\"400\" height=\"400\" alt=\"Grenze erreicht: Zu Fu\u00df von \u00d6sterreich nach Italien\" srcset=\"https:\/\/www.2muve.de\/wp-content\/uploads\/2016\/08\/MuenchenVenedig_11_15-400x400.jpg 400w, https:\/\/www.2muve.de\/wp-content\/uploads\/2016\/08\/MuenchenVenedig_11_15-150x150.jpg 150w, https:\/\/www.2muve.de\/wp-content\/uploads\/2016\/08\/MuenchenVenedig_11_15-300x300.jpg 300w, https:\/\/www.2muve.de\/wp-content\/uploads\/2016\/08\/MuenchenVenedig_11_15-365x365.jpg 365w\" sizes=\"auto, (max-width: 400px) 100vw, 400px\" class=\"light-dropshaddow\"\/><\/a><\/div><\/div><div class=\"tcol-lg-4 tcol-md-4 tcol-sm-4 tcol-xs-6 tcol-ss-12 g_item\"><div class=\"grid_item kad_gallery_fade_in gallery_item\"><a href=\"https:\/\/www.2muve.de\/wp-content\/uploads\/2016\/08\/MuenchenVenedig_11_16.jpg\" data-rel=\"lightbox\" class=\"lightboxhover\"><img loading=\"lazy\" decoding=\"async\" src=\"https:\/\/www.2muve.de\/wp-content\/uploads\/2016\/08\/MuenchenVenedig_11_16-400x400.jpg\" width=\"400\" height=\"400\" alt=\"Wundersch\u00f6ne Landschaft\" srcset=\"https:\/\/www.2muve.de\/wp-content\/uploads\/2016\/08\/MuenchenVenedig_11_16-400x400.jpg 400w, https:\/\/www.2muve.de\/wp-content\/uploads\/2016\/08\/MuenchenVenedig_11_16-150x150.jpg 150w\" sizes=\"auto, (max-width: 400px) 100vw, 400px\" class=\"light-dropshaddow\"\/><\/a><\/div><\/div><div class=\"tcol-lg-4 tcol-md-4 tcol-sm-4 tcol-xs-6 tcol-ss-12 g_item\"><div class=\"grid_item kad_gallery_fade_in gallery_item\"><a href=\"https:\/\/www.2muve.de\/wp-content\/uploads\/2016\/08\/MuenchenVenedig_11_17.jpg\" data-rel=\"lightbox\" class=\"lightboxhover\"><img loading=\"lazy\" decoding=\"async\" src=\"https:\/\/www.2muve.de\/wp-content\/uploads\/2016\/08\/MuenchenVenedig_11_17-400x400.jpg\" width=\"400\" height=\"400\" alt=\"Das Pfitscherjochhaus\" srcset=\"https:\/\/www.2muve.de\/wp-content\/uploads\/2016\/08\/MuenchenVenedig_11_17-400x400.jpg 400w, https:\/\/www.2muve.de\/wp-content\/uploads\/2016\/08\/MuenchenVenedig_11_17-150x150.jpg 150w, https:\/\/www.2muve.de\/wp-content\/uploads\/2016\/08\/MuenchenVenedig_11_17-300x300.jpg 300w\" sizes=\"auto, (max-width: 400px) 100vw, 400px\" class=\"light-dropshaddow\"\/><\/a><\/div><\/div><\/div>\n<p>Und weil&#8217;s so sch\u00f6n ist und die Strecke nicht allzu lang, machten wir beim Pfitscherjoch-Haus gleich nochmal kurz Halt und unterhalb der H\u00fctte kam dann die Mittagspause. Wir packten unser Essen aus und sa\u00dfen uns in der N\u00e4he einer Kuhherde auf die Wiese und schmierten unsere Brote. Die K\u00fche fanden das alles sehr interessant und als ich beim zweiten Brot angekommen war, kam eine Kuh, die davon gerne etwas abhaben wollte. Ich konnte das Brot gerade noch rechtzeitig aufessen und meine Sachen wegpacken. Das Einzige das blieb war ein rauer Kuhschmatzer \ud83d\ude09 .<\/p>\n<div id=\"kad-wp-gallery94\" class=\"kad-wp-gallery kad-light-wp-gallery clearfix kt-gallery-column-3 rowtight\"><div class=\"tcol-lg-4 tcol-md-4 tcol-sm-4 tcol-xs-6 tcol-ss-12 g_item\"><div class=\"grid_item kad_gallery_fade_in gallery_item\"><a href=\"https:\/\/www.2muve.de\/wp-content\/uploads\/2016\/08\/MuenchenVenedig_11_18.jpg\" data-rel=\"lightbox\" class=\"lightboxhover\"><img loading=\"lazy\" decoding=\"async\" src=\"https:\/\/www.2muve.de\/wp-content\/uploads\/2016\/08\/MuenchenVenedig_11_18-400x400.jpg\" width=\"400\" height=\"400\" alt=\"Kurze Pause\" srcset=\"https:\/\/www.2muve.de\/wp-content\/uploads\/2016\/08\/MuenchenVenedig_11_18-400x400.jpg 400w, https:\/\/www.2muve.de\/wp-content\/uploads\/2016\/08\/MuenchenVenedig_11_18-150x150.jpg 150w\" sizes=\"auto, (max-width: 400px) 100vw, 400px\" class=\"light-dropshaddow\"\/><\/a><\/div><\/div><div class=\"tcol-lg-4 tcol-md-4 tcol-sm-4 tcol-xs-6 tcol-ss-12 g_item\"><div class=\"grid_item kad_gallery_fade_in gallery_item\"><a href=\"https:\/\/www.2muve.de\/wp-content\/uploads\/2016\/08\/MuenchenVenedig_11_19.jpg\" data-rel=\"lightbox\" class=\"lightboxhover\"><img loading=\"lazy\" decoding=\"async\" src=\"https:\/\/www.2muve.de\/wp-content\/uploads\/2016\/08\/MuenchenVenedig_11_19-400x400.jpg\" width=\"400\" height=\"400\" alt=\"Das Pfitscherjochhaus w\u00e4re eine M\u00f6glichkeit f\u00fcr Pause gewesen\" srcset=\"https:\/\/www.2muve.de\/wp-content\/uploads\/2016\/08\/MuenchenVenedig_11_19-400x400.jpg 400w, https:\/\/www.2muve.de\/wp-content\/uploads\/2016\/08\/MuenchenVenedig_11_19-150x150.jpg 150w\" sizes=\"auto, (max-width: 400px) 100vw, 400px\" class=\"light-dropshaddow\"\/><\/a><\/div><\/div><div class=\"tcol-lg-4 tcol-md-4 tcol-sm-4 tcol-xs-6 tcol-ss-12 g_item\"><div class=\"grid_item kad_gallery_fade_in gallery_item\"><a href=\"https:\/\/www.2muve.de\/wp-content\/uploads\/2016\/08\/MuenchenVenedig_11_20.jpg\" data-rel=\"lightbox\" class=\"lightboxhover\"><img loading=\"lazy\" decoding=\"async\" src=\"https:\/\/www.2muve.de\/wp-content\/uploads\/2016\/08\/MuenchenVenedig_11_20-400x400.jpg\" width=\"400\" height=\"400\" alt=\"Wir aber sind abgestiegen nach Stein\" srcset=\"https:\/\/www.2muve.de\/wp-content\/uploads\/2016\/08\/MuenchenVenedig_11_20-400x400.jpg 400w, https:\/\/www.2muve.de\/wp-content\/uploads\/2016\/08\/MuenchenVenedig_11_20-150x150.jpg 150w\" sizes=\"auto, (max-width: 400px) 100vw, 400px\" class=\"light-dropshaddow\"\/><\/a><\/div><\/div><\/div>\n<p>Nun folgte der Abstieg nach Stein. Zuerst ging es \u00fcber die Wiese den Hang hinunter und dann f\u00fchrte der Weg in den Wald. Nun wurde es immer dunkler und es fing zu tr\u00f6pfeln an. Weit war es nicht mehr bis Stein, daher war das auch nicht schlimm. \u00dcber Br\u00fccken und Pfade ging es ins Tal und da tauchte das kleine D\u00f6rchen auch schon auf. Mehr als Gasthaus, Pension, alte Kapelle und Hof ist da wirklich nicht.<\/p>\n<div id=\"kad-wp-gallery94\" class=\"kad-wp-gallery kad-light-wp-gallery clearfix kt-gallery-column-3 rowtight\"><div class=\"tcol-lg-4 tcol-md-4 tcol-sm-4 tcol-xs-6 tcol-ss-12 g_item\"><div class=\"grid_item kad_gallery_fade_in gallery_item\"><a href=\"https:\/\/www.2muve.de\/wp-content\/uploads\/2016\/08\/MuenchenVenedig_11_21.jpg\" data-rel=\"lightbox\" class=\"lightboxhover\"><img loading=\"lazy\" decoding=\"async\" src=\"https:\/\/www.2muve.de\/wp-content\/uploads\/2016\/08\/MuenchenVenedig_11_21-400x400.jpg\" width=\"400\" height=\"400\" alt=\"Die K\u00fche, die uns unsere Brotzeit streitig machen wollten\" srcset=\"https:\/\/www.2muve.de\/wp-content\/uploads\/2016\/08\/MuenchenVenedig_11_21-400x400.jpg 400w, https:\/\/www.2muve.de\/wp-content\/uploads\/2016\/08\/MuenchenVenedig_11_21-150x150.jpg 150w\" sizes=\"auto, (max-width: 400px) 100vw, 400px\" class=\"light-dropshaddow\"\/><\/a><\/div><\/div><div class=\"tcol-lg-4 tcol-md-4 tcol-sm-4 tcol-xs-6 tcol-ss-12 g_item\"><div class=\"grid_item kad_gallery_fade_in gallery_item\"><a href=\"https:\/\/www.2muve.de\/wp-content\/uploads\/2016\/08\/MuenchenVenedig_11_22.jpg\" data-rel=\"lightbox\" class=\"lightboxhover\"><img loading=\"lazy\" decoding=\"async\" src=\"https:\/\/www.2muve.de\/wp-content\/uploads\/2016\/08\/MuenchenVenedig_11_22-400x400.jpg\" width=\"400\" height=\"400\" alt=\"Der Weg ins Tal\" srcset=\"https:\/\/www.2muve.de\/wp-content\/uploads\/2016\/08\/MuenchenVenedig_11_22-400x400.jpg 400w, https:\/\/www.2muve.de\/wp-content\/uploads\/2016\/08\/MuenchenVenedig_11_22-150x150.jpg 150w\" sizes=\"auto, (max-width: 400px) 100vw, 400px\" class=\"light-dropshaddow\"\/><\/a><\/div><\/div><div class=\"tcol-lg-4 tcol-md-4 tcol-sm-4 tcol-xs-6 tcol-ss-12 g_item\"><div class=\"grid_item kad_gallery_fade_in gallery_item\"><a href=\"https:\/\/www.2muve.de\/wp-content\/uploads\/2016\/08\/MuenchenVenedig_11_23.jpg\" data-rel=\"lightbox\" class=\"lightboxhover\"><img loading=\"lazy\" decoding=\"async\" src=\"https:\/\/www.2muve.de\/wp-content\/uploads\/2016\/08\/MuenchenVenedig_11_23-400x400.jpg\" width=\"400\" height=\"400\" alt=\"Etappenziel Stein\" srcset=\"https:\/\/www.2muve.de\/wp-content\/uploads\/2016\/08\/MuenchenVenedig_11_23-400x400.jpg 400w, https:\/\/www.2muve.de\/wp-content\/uploads\/2016\/08\/MuenchenVenedig_11_23-150x150.jpg 150w\" sizes=\"auto, (max-width: 400px) 100vw, 400px\" class=\"light-dropshaddow\"\/><\/a><\/div><\/div><\/div>\n<p>Unsere Pension hatten wir schnell gefunden, die Jungs sa\u00dfen da auch schon auf dem Balkon. Wir bezogen unser Zimmer und genossen es, mal wieder den Luxus eines eigenen Zimmers zu haben. Wir packten unsere Rucks\u00e4cke komplett aus, waschten unsere Sachen und machten es uns dann auf dem Balkon bequem. Nachdem wir die Unterk\u00fcnfte f\u00fcr die n\u00e4chsten paar Tage organisiert hatten, g\u00f6nnten wir uns eine Folge ??? und damit auch ein kleines Nachmittagsschl\u00e4fchen \ud83d\ude09 . Am Abend gingen wir dann zusammen mit den Lehrerinnen und den Jungs essen und fielen dann gl\u00fccklich ins Bett.<\/p>\n<p><strong>Erkenntnis des Tages:<\/strong><br \/>\nWir k\u00f6nnen zu Fu\u00df nach Italien laufen!<\/p>\n<p><strong>Fazit:<\/strong><br \/>\nDas war eine wirklich kurze Etappe, die wir mit vielen Pausen ausgef\u00fcllt haben. Die Tour war sehr sch\u00f6n und nun schon in Italien angekommen zu sein, war ein tolles Gef\u00fchl.<\/p>\n<p>Liebe Gr\u00fc\u00dfe,<br \/>\nEarly Bird \ud83d\ude42<\/p>\n[sgpx gpx=&#8220;\/wp-content\/uploads\/gpx\/muve_tag11.gpx&#8220;] <\/p>\n","protected":false},"excerpt":{"rendered":"<p>Zusammenfassung: Auf dieser gem\u00fctlichen und kurzen Etappe liefen wir nach Italien! Von der Olpererh\u00fctte stiegen wir \u00fcber zahlreiche Steine und Felsen bis zum Pfitscher-Joch und waren damit in Italien. Den H\u00fcgel hinab und dann \u00fcber einen sch\u00f6nen Waldweg ging es &hellip; <a href=\"https:\/\/www.2muve.de\/index.php\/muve-etappe-11-olpererhuette-stein\/\">Weiter<\/a><\/p>\n","protected":false},"author":1,"featured_media":8270,"comment_status":"open","ping_status":"closed","sticky":false,"template":"","format":"standard","meta":{"kt_blocks_editor_width":"","footnotes":""},"categories":[52,23],"tags":[129,174,173,125,172,165,170,169,171,68],"class_list":["post-8255","post","type-post","status-publish","format-standard","has-post-thumbnail","hentry","category-muvefar","category-muveup","tag-alpenueberquerung","tag-grenzueberschreitung","tag-italien","tag-muenchen-venedig","tag-neumarkter-runde","tag-olpererhuette","tag-pfitscher-joch","tag-pfitscherjochhaus","tag-stein","tag-traumpfad"],"_links":{"self":[{"href":"https:\/\/www.2muve.de\/index.php\/wp-json\/wp\/v2\/posts\/8255","targetHints":{"allow":["GET"]}}],"collection":[{"href":"https:\/\/www.2muve.de\/index.php\/wp-json\/wp\/v2\/posts"}],"about":[{"href":"https:\/\/www.2muve.de\/index.php\/wp-json\/wp\/v2\/types\/post"}],"author":[{"embeddable":true,"href":"https:\/\/www.2muve.de\/index.php\/wp-json\/wp\/v2\/users\/1"}],"replies":[{"embeddable":true,"href":"https:\/\/www.2muve.de\/index.php\/wp-json\/wp\/v2\/comments?post=8255"}],"version-history":[{"count":6,"href":"https:\/\/www.2muve.de\/index.php\/wp-json\/wp\/v2\/posts\/8255\/revisions"}],"predecessor-version":[{"id":8336,"href":"https:\/\/www.2muve.de\/index.php\/wp-json\/wp\/v2\/posts\/8255\/revisions\/8336"}],"wp:featuredmedia":[{"embeddable":true,"href":"https:\/\/www.2muve.de\/index.php\/wp-json\/wp\/v2\/media\/8270"}],"wp:attachment":[{"href":"https:\/\/www.2muve.de\/index.php\/wp-json\/wp\/v2\/media?parent=8255"}],"wp:term":[{"taxonomy":"category","embeddable":true,"href":"https:\/\/www.2muve.de\/index.php\/wp-json\/wp\/v2\/categories?post=8255"},{"taxonomy":"post_tag","embeddable":true,"href":"https:\/\/www.2muve.de\/index.php\/wp-json\/wp\/v2\/tags?post=8255"}],"curies":[{"name":"wp","href":"https:\/\/api.w.org\/{rel}","templated":true}]}}