{"id":8426,"date":"2016-09-17T09:09:37","date_gmt":"2016-09-17T08:09:37","guid":{"rendered":"http:\/\/www.2muve.de\/?p=8426"},"modified":"2016-09-17T09:09:37","modified_gmt":"2016-09-17T08:09:37","slug":"muve-etappe-16-groedner-joch-rifugio-pisciadu","status":"publish","type":"post","link":"https:\/\/www.2muve.de\/index.php\/muve-etappe-16-groedner-joch-rifugio-pisciadu\/","title":{"rendered":"muve Etappe 16: Gr\u00f6dner Joch &#8211; Rifugio Pisciadu"},"content":{"rendered":"<div class=\"blockquote blockquote-full postclass clearfix\">\n<ul id=\"track_ov\">\n<li id=\"time\">2:00h<\/li>\n<li id=\"public\">Gr\u00f6dner Joch ist mit dem Bus erreichbar<\/li>\n<li id=\"distance\">6 km<\/li>\n<li id=\"equipment\">Gute Schuhe, Gep\u00e4ck f\u00fcr vier Wochen<\/li>\n<\/ul>\n<\/div><div class=\"clearfix\"><\/div>\n<p><strong>Zusammenfassung:<\/strong><br \/>\nNach zwei Stunden Wandern \u00fcber Kehren und einen Klettersteig kam das angesagte Gewitter fr\u00fcher als erwartet. Daher bezogen wir schon um kurz vor zehn unser Lager im Rifugio Pisciadu und verbrachten dort einen entspannten spa\u00dfigen Nachmittag.<\/p>\n<p><strong>Details:<\/strong><br \/>\nAm Abend zuvor hatten wir nochmal intensiv die Wettervorhersage \u00fcberpr\u00fcft, aber leider wurde die auch nicht besser, um so \u00f6fter wir drauf schauten. Ab Mittag waren starke Gewitter angesagt. Wir wollten nun einfach mal loslaufen und dann auf dem Weg entscheiden, was das f\u00fcr uns hei\u00dft. Nach dem leckeren Fr\u00fchst\u00fccksbuffet im Rifugio Frara liefen wir zu f\u00fcnft los. Wir waren zusammen mit den Jungs und der Lehrerin unterwegs.<\/p>\n<div id=\"kad-wp-gallery62\" class=\"kad-wp-gallery kad-light-wp-gallery clearfix kt-gallery-column-3 rowtight\"><div class=\"tcol-lg-4 tcol-md-4 tcol-sm-4 tcol-xs-6 tcol-ss-12 g_item\"><div class=\"grid_item kad_gallery_fade_in gallery_item\"><a href=\"https:\/\/www.2muve.de\/wp-content\/uploads\/2016\/09\/MuenchenVenedig_16_1.jpg\" data-rel=\"lightbox\" class=\"lightboxhover\"><img loading=\"lazy\" decoding=\"async\" src=\"https:\/\/www.2muve.de\/wp-content\/uploads\/2016\/09\/MuenchenVenedig_16_1-400x400.jpg\" width=\"400\" height=\"400\" alt=\"Blick zur\u00fcck ins Tal\" srcset=\"https:\/\/www.2muve.de\/wp-content\/uploads\/2016\/09\/MuenchenVenedig_16_1-400x400.jpg 400w, https:\/\/www.2muve.de\/wp-content\/uploads\/2016\/09\/MuenchenVenedig_16_1-150x150.jpg 150w\" sizes=\"auto, (max-width: 400px) 100vw, 400px\" class=\"light-dropshaddow\"\/><\/a><\/div><\/div><div class=\"tcol-lg-4 tcol-md-4 tcol-sm-4 tcol-xs-6 tcol-ss-12 g_item\"><div class=\"grid_item kad_gallery_fade_in gallery_item\"><a href=\"https:\/\/www.2muve.de\/wp-content\/uploads\/2016\/09\/MuenchenVenedig_16_2.jpg\" data-rel=\"lightbox\" class=\"lightboxhover\"><img loading=\"lazy\" decoding=\"async\" src=\"https:\/\/www.2muve.de\/wp-content\/uploads\/2016\/09\/MuenchenVenedig_16_2-400x400.jpg\" width=\"400\" height=\"400\" alt=\"An diesem Tag waren wir auf dem Weg 666 unterwegs\" srcset=\"https:\/\/www.2muve.de\/wp-content\/uploads\/2016\/09\/MuenchenVenedig_16_2-400x400.jpg 400w, https:\/\/www.2muve.de\/wp-content\/uploads\/2016\/09\/MuenchenVenedig_16_2-150x150.jpg 150w, https:\/\/www.2muve.de\/wp-content\/uploads\/2016\/09\/MuenchenVenedig_16_2-300x300.jpg 300w\" sizes=\"auto, (max-width: 400px) 100vw, 400px\" class=\"light-dropshaddow\"\/><\/a><\/div><\/div><div class=\"tcol-lg-4 tcol-md-4 tcol-sm-4 tcol-xs-6 tcol-ss-12 g_item\"><div class=\"grid_item kad_gallery_fade_in gallery_item\"><a href=\"https:\/\/www.2muve.de\/wp-content\/uploads\/2016\/09\/MuenchenVenedig_16_3.jpg\" data-rel=\"lightbox\" class=\"lightboxhover\"><img loading=\"lazy\" decoding=\"async\" src=\"https:\/\/www.2muve.de\/wp-content\/uploads\/2016\/09\/MuenchenVenedig_16_3-400x400.jpg\" width=\"400\" height=\"400\" alt=\"Es wird felsiger\" srcset=\"https:\/\/www.2muve.de\/wp-content\/uploads\/2016\/09\/MuenchenVenedig_16_3-400x400.jpg 400w, https:\/\/www.2muve.de\/wp-content\/uploads\/2016\/09\/MuenchenVenedig_16_3-150x150.jpg 150w\" sizes=\"auto, (max-width: 400px) 100vw, 400px\" class=\"light-dropshaddow\"\/><\/a><\/div><\/div><\/div>\n<p>Wir folgten weiter dem Dolomiten-H\u00f6henweg 2 und waren auf dem Weg mit der spannenden Nummer 666 unterwegs &#8211; immer in Richtung Pisciadu. Nach einer Weile Anstieg \u00fcber einen Wiesenh\u00fcgel erreichten wir den Nordabsturz des Sella-Massivs und wanderten dort \u00fcber Kehren bergauf. Der Blick zur\u00fcck zeigte Wolken im Tal, der Blick nach oben eine Wolkendecke \u00fcber uns. Noch war aber alles entspannt.<\/p>\n<div id=\"kad-wp-gallery42\" class=\"kad-wp-gallery kad-light-wp-gallery clearfix kt-gallery-column-3 rowtight\"><div class=\"tcol-lg-4 tcol-md-4 tcol-sm-4 tcol-xs-6 tcol-ss-12 g_item\"><div class=\"grid_item kad_gallery_fade_in gallery_item\"><a href=\"https:\/\/www.2muve.de\/wp-content\/uploads\/2016\/09\/MuenchenVenedig_16_4.jpg\" data-rel=\"lightbox\" class=\"lightboxhover\"><img loading=\"lazy\" decoding=\"async\" src=\"https:\/\/www.2muve.de\/wp-content\/uploads\/2016\/09\/MuenchenVenedig_16_4-400x400.jpg\" width=\"400\" height=\"400\" alt=\"Auf dem Klettersteig geht&#039;s hoch\" srcset=\"https:\/\/www.2muve.de\/wp-content\/uploads\/2016\/09\/MuenchenVenedig_16_4-400x400.jpg 400w, https:\/\/www.2muve.de\/wp-content\/uploads\/2016\/09\/MuenchenVenedig_16_4-150x150.jpg 150w\" sizes=\"auto, (max-width: 400px) 100vw, 400px\" class=\"light-dropshaddow\"\/><\/a><\/div><\/div><div class=\"tcol-lg-4 tcol-md-4 tcol-sm-4 tcol-xs-6 tcol-ss-12 g_item\"><div class=\"grid_item kad_gallery_fade_in gallery_item\"><a href=\"https:\/\/www.2muve.de\/wp-content\/uploads\/2016\/09\/MuenchenVenedig_16_5.jpg\" data-rel=\"lightbox\" class=\"lightboxhover\"><img loading=\"lazy\" decoding=\"async\" src=\"https:\/\/www.2muve.de\/wp-content\/uploads\/2016\/09\/MuenchenVenedig_16_5-400x400.jpg\" width=\"400\" height=\"400\" alt=\"Stahlseil und Tritte helfen\" srcset=\"https:\/\/www.2muve.de\/wp-content\/uploads\/2016\/09\/MuenchenVenedig_16_5-400x400.jpg 400w, https:\/\/www.2muve.de\/wp-content\/uploads\/2016\/09\/MuenchenVenedig_16_5-150x150.jpg 150w\" sizes=\"auto, (max-width: 400px) 100vw, 400px\" class=\"light-dropshaddow\"\/><\/a><\/div><\/div><div class=\"tcol-lg-4 tcol-md-4 tcol-sm-4 tcol-xs-6 tcol-ss-12 g_item\"><div class=\"grid_item kad_gallery_fade_in gallery_item\"><a href=\"https:\/\/www.2muve.de\/wp-content\/uploads\/2016\/09\/MuenchenVenedig_16_6.jpg\" data-rel=\"lightbox\" class=\"lightboxhover\"><img loading=\"lazy\" decoding=\"async\" src=\"https:\/\/www.2muve.de\/wp-content\/uploads\/2016\/09\/MuenchenVenedig_16_6-400x400.jpg\" width=\"400\" height=\"400\" alt=\"Der Blick zur\u00fcck wird immer beeindruckender\" srcset=\"https:\/\/www.2muve.de\/wp-content\/uploads\/2016\/09\/MuenchenVenedig_16_6-400x400.jpg 400w, https:\/\/www.2muve.de\/wp-content\/uploads\/2016\/09\/MuenchenVenedig_16_6-150x150.jpg 150w\" sizes=\"auto, (max-width: 400px) 100vw, 400px\" class=\"light-dropshaddow\"\/><\/a><\/div><\/div><\/div>\n<p>Danach folgte ein sch\u00f6ner Klettersteig. Laut Rother ist es ein mit &#8222;Stahlseilen und -b\u00fcgeln versicherter Steig&#8220;, was schon irgendwie richtig ist. Ich h\u00e4tte aber diesen Abschnitt eher als Klettersteig bezeichnet als die paar Klammern hoch zur Nives Scharte. Zudem kamen uns hier auch eine Menge Leute mit Klettersteigset entgegen.<\/p>\n<div id=\"kad-wp-gallery69\" class=\"kad-wp-gallery kad-light-wp-gallery clearfix kt-gallery-column-3 rowtight\"><div class=\"tcol-lg-4 tcol-md-4 tcol-sm-4 tcol-xs-6 tcol-ss-12 g_item\"><div class=\"grid_item kad_gallery_fade_in gallery_item\"><a href=\"https:\/\/www.2muve.de\/wp-content\/uploads\/2016\/09\/MuenchenVenedig_16_7.jpg\" data-rel=\"lightbox\" class=\"lightboxhover\"><img loading=\"lazy\" decoding=\"async\" src=\"https:\/\/www.2muve.de\/wp-content\/uploads\/2016\/09\/MuenchenVenedig_16_7-400x400.jpg\" width=\"400\" height=\"400\" alt=\"Der Klettersteig macht den Abschnitt spannend\" srcset=\"https:\/\/www.2muve.de\/wp-content\/uploads\/2016\/09\/MuenchenVenedig_16_7-400x400.jpg 400w, https:\/\/www.2muve.de\/wp-content\/uploads\/2016\/09\/MuenchenVenedig_16_7-150x150.jpg 150w, https:\/\/www.2muve.de\/wp-content\/uploads\/2016\/09\/MuenchenVenedig_16_7-300x300.jpg 300w, https:\/\/www.2muve.de\/wp-content\/uploads\/2016\/09\/MuenchenVenedig_16_7-365x365.jpg 365w\" sizes=\"auto, (max-width: 400px) 100vw, 400px\" class=\"light-dropshaddow\"\/><\/a><\/div><\/div><div class=\"tcol-lg-4 tcol-md-4 tcol-sm-4 tcol-xs-6 tcol-ss-12 g_item\"><div class=\"grid_item kad_gallery_fade_in gallery_item\"><a href=\"https:\/\/www.2muve.de\/wp-content\/uploads\/2016\/09\/MuenchenVenedig_16_8.jpg\" data-rel=\"lightbox\" class=\"lightboxhover\"><img loading=\"lazy\" decoding=\"async\" src=\"https:\/\/www.2muve.de\/wp-content\/uploads\/2016\/09\/MuenchenVenedig_16_8-400x400.jpg\" width=\"400\" height=\"400\" alt=\"Man ist durch und durch gut gesichert\" srcset=\"https:\/\/www.2muve.de\/wp-content\/uploads\/2016\/09\/MuenchenVenedig_16_8-400x400.jpg 400w, https:\/\/www.2muve.de\/wp-content\/uploads\/2016\/09\/MuenchenVenedig_16_8-150x150.jpg 150w\" sizes=\"auto, (max-width: 400px) 100vw, 400px\" class=\"light-dropshaddow\"\/><\/a><\/div><\/div><div class=\"tcol-lg-4 tcol-md-4 tcol-sm-4 tcol-xs-6 tcol-ss-12 g_item\"><div class=\"grid_item kad_gallery_fade_in gallery_item\"><a href=\"https:\/\/www.2muve.de\/wp-content\/uploads\/2016\/09\/MuenchenVenedig_16_9.jpg\" data-rel=\"lightbox\" class=\"lightboxhover\"><img loading=\"lazy\" decoding=\"async\" src=\"https:\/\/www.2muve.de\/wp-content\/uploads\/2016\/09\/MuenchenVenedig_16_9-400x400.jpg\" width=\"400\" height=\"400\" alt=\"Das schlechte Wetter k\u00fcndigt sich schon an\" srcset=\"https:\/\/www.2muve.de\/wp-content\/uploads\/2016\/09\/MuenchenVenedig_16_9-400x400.jpg 400w, https:\/\/www.2muve.de\/wp-content\/uploads\/2016\/09\/MuenchenVenedig_16_9-150x150.jpg 150w\" sizes=\"auto, (max-width: 400px) 100vw, 400px\" class=\"light-dropshaddow\"\/><\/a><\/div><\/div><\/div>\n<p>Schwer ist der Steig nicht. Er hat den Abschnitt aber spannend gemacht und es ist sch\u00f6n, sich auch mal ein bisschen darauf zu konzentrieren, wo man sich mit den H\u00e4nden festhalten kann. Am Ende des Steiges fing es schon leicht an zu regnen. Als wir aus dem Steig raus waren, packten wir uns erst mal regendicht ein. Nun waren es nur noch wenige Meter zum Rifugio Psiciadu.<\/p>\n<div id=\"kad-wp-gallery99\" class=\"kad-wp-gallery kad-light-wp-gallery clearfix kt-gallery-column-5 rowtight\"><div class=\"tcol-lg-25 tcol-md-25 tcol-sm-3 tcol-xs-4 tcol-ss-6 g_item\"><div class=\"grid_item kad_gallery_fade_in gallery_item\"><a href=\"https:\/\/www.2muve.de\/wp-content\/uploads\/2016\/09\/MuenchenVenedig_16_10.jpg\" data-rel=\"lightbox\" class=\"lightboxhover\"><img loading=\"lazy\" decoding=\"async\" src=\"https:\/\/www.2muve.de\/wp-content\/uploads\/2016\/09\/MuenchenVenedig_16_10-300x300.jpg\" width=\"300\" height=\"300\" alt=\"Auf dem Plateau von Pisciadu\" srcset=\"https:\/\/www.2muve.de\/wp-content\/uploads\/2016\/09\/MuenchenVenedig_16_10-300x300.jpg 300w, https:\/\/www.2muve.de\/wp-content\/uploads\/2016\/09\/MuenchenVenedig_16_10-150x150.jpg 150w\" sizes=\"auto, (max-width: 300px) 100vw, 300px\" class=\"light-dropshaddow\"\/><\/a><\/div><\/div><div class=\"tcol-lg-25 tcol-md-25 tcol-sm-3 tcol-xs-4 tcol-ss-6 g_item\"><div class=\"grid_item kad_gallery_fade_in gallery_item\"><a href=\"https:\/\/www.2muve.de\/wp-content\/uploads\/2016\/09\/MuenchenVenedig_16_11.jpg\" data-rel=\"lightbox\" class=\"lightboxhover\"><img loading=\"lazy\" decoding=\"async\" src=\"https:\/\/www.2muve.de\/wp-content\/uploads\/2016\/09\/MuenchenVenedig_16_11-300x300.jpg\" width=\"300\" height=\"300\" alt=\"Blick zur\u00fcck ins Tal\" srcset=\"https:\/\/www.2muve.de\/wp-content\/uploads\/2016\/09\/MuenchenVenedig_16_11-300x300.jpg 300w, https:\/\/www.2muve.de\/wp-content\/uploads\/2016\/09\/MuenchenVenedig_16_11-150x150.jpg 150w\" sizes=\"auto, (max-width: 300px) 100vw, 300px\" class=\"light-dropshaddow\"\/><\/a><\/div><\/div><div class=\"tcol-lg-25 tcol-md-25 tcol-sm-3 tcol-xs-4 tcol-ss-6 g_item\"><div class=\"grid_item kad_gallery_fade_in gallery_item\"><a href=\"https:\/\/www.2muve.de\/wp-content\/uploads\/2016\/09\/MuenchenVenedig_16_13.jpg\" data-rel=\"lightbox\" class=\"lightboxhover\"><img loading=\"lazy\" decoding=\"async\" src=\"https:\/\/www.2muve.de\/wp-content\/uploads\/2016\/09\/MuenchenVenedig_16_13-300x300.jpg\" width=\"300\" height=\"300\" alt=\"Die Pisciadiu H\u00fctte\" srcset=\"https:\/\/www.2muve.de\/wp-content\/uploads\/2016\/09\/MuenchenVenedig_16_13-300x300.jpg 300w, https:\/\/www.2muve.de\/wp-content\/uploads\/2016\/09\/MuenchenVenedig_16_13-150x150.jpg 150w\" sizes=\"auto, (max-width: 300px) 100vw, 300px\" class=\"light-dropshaddow\"\/><\/a><\/div><\/div><div class=\"tcol-lg-25 tcol-md-25 tcol-sm-3 tcol-xs-4 tcol-ss-6 g_item\"><div class=\"grid_item kad_gallery_fade_in gallery_item\"><a href=\"https:\/\/www.2muve.de\/wp-content\/uploads\/2016\/09\/MuenchenVenedig_16_15.jpg\" data-rel=\"lightbox\" class=\"lightboxhover\"><img loading=\"lazy\" decoding=\"async\" src=\"https:\/\/www.2muve.de\/wp-content\/uploads\/2016\/09\/MuenchenVenedig_16_15-300x300.jpg\" width=\"300\" height=\"300\" alt=\"Viele spannende Wege\" srcset=\"https:\/\/www.2muve.de\/wp-content\/uploads\/2016\/09\/MuenchenVenedig_16_15-300x300.jpg 300w, https:\/\/www.2muve.de\/wp-content\/uploads\/2016\/09\/MuenchenVenedig_16_15-150x150.jpg 150w\" sizes=\"auto, (max-width: 300px) 100vw, 300px\" class=\"light-dropshaddow\"\/><\/a><\/div><\/div><div class=\"tcol-lg-25 tcol-md-25 tcol-sm-3 tcol-xs-4 tcol-ss-6 g_item\"><div class=\"grid_item kad_gallery_fade_in gallery_item\"><a href=\"https:\/\/www.2muve.de\/wp-content\/uploads\/2016\/09\/MuenchenVenedig_16_14.jpg\" data-rel=\"lightbox\" class=\"lightboxhover\"><img loading=\"lazy\" decoding=\"async\" src=\"https:\/\/www.2muve.de\/wp-content\/uploads\/2016\/09\/MuenchenVenedig_16_14-300x300.jpg\" width=\"300\" height=\"300\" alt=\"Pisciadu-See - dort w\u00fcrde es weitergehen\" srcset=\"https:\/\/www.2muve.de\/wp-content\/uploads\/2016\/09\/MuenchenVenedig_16_14-300x300.jpg 300w, https:\/\/www.2muve.de\/wp-content\/uploads\/2016\/09\/MuenchenVenedig_16_14-150x150.jpg 150w, https:\/\/www.2muve.de\/wp-content\/uploads\/2016\/09\/MuenchenVenedig_16_14-400x400.jpg 400w\" sizes=\"auto, (max-width: 300px) 100vw, 300px\" class=\"light-dropshaddow\"\/><\/a><\/div><\/div><\/div>\n<p>Der Ausblick war trotz schlechtem Wetter gigantisch. Dazu noch der Lech de Pisciadu vor dem Rifugio. Das war ein toller Anblick! Nun wurde es aber auch zunehmend windig und der Regen ging richtig los, so dass wir uns schnell in die H\u00fctte retteten. Dort bestellten wir erst mal einen Tee und beobachteten, wie das Wetter drau\u00dfen immer schlechter wurde. Nach und nach kamen v\u00f6llig durchn\u00e4sste Wanderer in die H\u00fctte. Wir waren froh, dass wir schon fr\u00fch genug an der H\u00fctte waren. Wir fragten den H\u00fcttenwirt nach seiner Empfehlung. Nachdem f\u00fcr den Nachmittag starke Gewitter angesagt waren, w\u00fcrde er nicht empfehlen, weiterzugehen. Daher bezogen wir dann im Rifugio Pisciadu ein Lager.<\/p>\n<div id=\"kad-wp-gallery56\" class=\"kad-wp-gallery kad-light-wp-gallery clearfix kt-gallery-column-1 rowtight\"><div class=\"tcol-lg-12 tcol-md-12 tcol-sm-12 tcol-xs-12 tcol-ss-12 g_item\"><div class=\"grid_item kad_gallery_fade_in gallery_item\"><a href=\"https:\/\/www.2muve.de\/wp-content\/uploads\/2016\/09\/MuenchenVenedig_16_16.jpg\" data-rel=\"lightbox\" class=\"lightboxhover\"><img loading=\"lazy\" decoding=\"async\" src=\"https:\/\/www.2muve.de\/wp-content\/uploads\/2016\/09\/MuenchenVenedig_16_16.jpg\" width=\"1000\" height=\"237\" alt=\"Am sp\u00e4ten Nachmittag zog es auf\" srcset=\"https:\/\/www.2muve.de\/wp-content\/uploads\/2016\/09\/MuenchenVenedig_16_16.jpg 1000w, https:\/\/www.2muve.de\/wp-content\/uploads\/2016\/09\/MuenchenVenedig_16_16-300x71.jpg 300w, https:\/\/www.2muve.de\/wp-content\/uploads\/2016\/09\/MuenchenVenedig_16_16-768x182.jpg 768w\" sizes=\"auto, (max-width: 1000px) 100vw, 1000px\" class=\"light-dropshaddow\"\/><\/a><\/div><\/div><\/div>\n<p>Die freie Zeit verbrachten wir mit Bilder schauen, ratschen, k\u00f6stlichen Spaghetti Aglio e Olio, entspannen und ??? h\u00f6ren. Am sp\u00e4ten Nachmittag h\u00f6rte der Regen wieder auf und es zog etwas auf. Wir spazierten vor der H\u00fctte und bekamen sogar ein paar Sonnenstrahlen ab. Das stimmte uns positiv f\u00fcr den n\u00e4chsten Tag. Nun folgte ein Abend, der einer der lustigsten der ganzen muve-Tour war. Es ging alles ganz harmlos los mit UNO. Nach UNO folgte das Abendessen (ich hatte mich getraut, diesmal Spaghetti Pomodoro zu nehmen, Night Owl blieb bei Aglio e Olio \ud83d\ude09 ) und dann suchten wir ein neues Spiel. Und da brachte die Lehrerin &#8222;Mensch \u00e4rgere dich nicht&#8220; &#8211; das einzige, das aufzutreiben war. Also gut, warum nicht? Und damit folgte ein spannendes und vor allem super lustiges Spiel, bei dem ich lernte, dass &#8222;Mensch \u00e4rgere dich nicht&#8220; f\u00fcr das Ausleben von unterdr\u00fcckter Aggression und zahlreichen Rachefeldz\u00fcgen bestens geeignet ist \ud83d\ude09 . Wir lachten an dem Abend so viel, dass es ein Wunder war, dass ich am n\u00e4chsten Morgen keinen Muskelkater davon hatte \ud83d\ude09 .<\/p>\n<div id=\"kad-wp-gallery70\" class=\"kad-wp-gallery kad-light-wp-gallery clearfix kt-gallery-column-1 rowtight\"><div class=\"tcol-lg-12 tcol-md-12 tcol-sm-12 tcol-xs-12 tcol-ss-12 g_item\"><div class=\"grid_item kad_gallery_fade_in gallery_item\"><a href=\"https:\/\/www.2muve.de\/wp-content\/uploads\/2016\/09\/MuenchenVenedig_16_17.jpg\" data-rel=\"lightbox\" class=\"lightboxhover\"><img loading=\"lazy\" decoding=\"async\" src=\"https:\/\/www.2muve.de\/wp-content\/uploads\/2016\/09\/MuenchenVenedig_16_17.jpg\" width=\"1000\" height=\"227\" alt=\"Sonnenuntergang vor der Pisciadu H\u00fctte\" srcset=\"https:\/\/www.2muve.de\/wp-content\/uploads\/2016\/09\/MuenchenVenedig_16_17.jpg 1000w, https:\/\/www.2muve.de\/wp-content\/uploads\/2016\/09\/MuenchenVenedig_16_17-300x68.jpg 300w, https:\/\/www.2muve.de\/wp-content\/uploads\/2016\/09\/MuenchenVenedig_16_17-768x174.jpg 768w\" sizes=\"auto, (max-width: 1000px) 100vw, 1000px\" class=\"light-dropshaddow\"\/><\/a><\/div><\/div><\/div>\n<p>Als ungef\u00e4hr Sonnenuntergang war, gingen wir nochmal raus und suchten nach dem Sonnenuntergang \ud83d\ude09 . Viel sahen wir nicht. Es war aber eine besondere Stimmung um uns rum und einfach sch\u00f6n, so zusammen nochmal drau\u00dfen zu stehen. Wieder in der H\u00fctte gab&#8217;s dann noch einen passenden Abschluss des Tages: Einer der Jungs spendierte eine Runde Zirbelschnaps. Wie passend, wie sch\u00f6n, der Abend war es echt Wert darauf anzusto\u00dfen!<\/p>\n<p><strong>Erkenntnis des Tages:<\/strong><br \/>\n&#8222;Mensch \u00e4rgere dich nicht&#8220; ist ein absolut untersch\u00e4tztes Spiel &#8211; mit den richtigen Leuten wird es zum Spiel des Lebens \ud83d\ude09<\/p>\n<p><strong>Fazit:<\/strong><br \/>\nAuch wenn wir an diesem Tag nur zwei Stunden unterwegs waren, war&#8217;s doch wieder einer der H\u00f6hepunkte der Tour. Der Klettersteig hat einen Riesenspa\u00df gemacht und der gemeinsame Nachmittag und Abend auf der Pisciadu-H\u00fctte waren legend\u00e4r &#8211; wir haben selten so viel gelacht. Danke an die Jungs und die Lehrerin, es hat so einen Spa\u00df gemacht \ud83d\ude42 !<\/p>\n<p>Liebe Gr\u00fc\u00dfe,<br \/>\nEarly Bird \ud83d\ude42<\/p>\n[sgpx gpx=&#8220;\/wp-content\/uploads\/gpx\/muve_tag16.gpx&#8220;] <\/p>\n","protected":false},"excerpt":{"rendered":"<p>Zusammenfassung: Nach zwei Stunden Wandern \u00fcber Kehren und einen Klettersteig kam das angesagte Gewitter fr\u00fcher als erwartet. Daher bezogen wir schon um kurz vor zehn unser Lager im Rifugio Pisciadu und verbrachten dort einen entspannten spa\u00dfigen Nachmittag. Details: Am Abend &hellip; <a href=\"https:\/\/www.2muve.de\/index.php\/muve-etappe-16-groedner-joch-rifugio-pisciadu\/\">Weiter<\/a><\/p>\n","protected":false},"author":1,"featured_media":8433,"comment_status":"open","ping_status":"closed","sticky":false,"template":"","format":"standard","meta":{"kt_blocks_editor_width":"","footnotes":""},"categories":[52,23],"tags":[129,199,200,207,125,208,206,209,68],"class_list":["post-8426","post","type-post","status-publish","format-standard","has-post-thumbnail","hentry","category-muvefar","category-muveup","tag-alpenueberquerung","tag-dolomiten","tag-groedner-joch","tag-lech-de-pisciadu","tag-muenchen-venedig","tag-pisciadu-see","tag-rifugio-pisciadu","tag-sella-gruppe","tag-traumpfad"],"_links":{"self":[{"href":"https:\/\/www.2muve.de\/index.php\/wp-json\/wp\/v2\/posts\/8426","targetHints":{"allow":["GET"]}}],"collection":[{"href":"https:\/\/www.2muve.de\/index.php\/wp-json\/wp\/v2\/posts"}],"about":[{"href":"https:\/\/www.2muve.de\/index.php\/wp-json\/wp\/v2\/types\/post"}],"author":[{"embeddable":true,"href":"https:\/\/www.2muve.de\/index.php\/wp-json\/wp\/v2\/users\/1"}],"replies":[{"embeddable":true,"href":"https:\/\/www.2muve.de\/index.php\/wp-json\/wp\/v2\/comments?post=8426"}],"version-history":[{"count":4,"href":"https:\/\/www.2muve.de\/index.php\/wp-json\/wp\/v2\/posts\/8426\/revisions"}],"predecessor-version":[{"id":8447,"href":"https:\/\/www.2muve.de\/index.php\/wp-json\/wp\/v2\/posts\/8426\/revisions\/8447"}],"wp:featuredmedia":[{"embeddable":true,"href":"https:\/\/www.2muve.de\/index.php\/wp-json\/wp\/v2\/media\/8433"}],"wp:attachment":[{"href":"https:\/\/www.2muve.de\/index.php\/wp-json\/wp\/v2\/media?parent=8426"}],"wp:term":[{"taxonomy":"category","embeddable":true,"href":"https:\/\/www.2muve.de\/index.php\/wp-json\/wp\/v2\/categories?post=8426"},{"taxonomy":"post_tag","embeddable":true,"href":"https:\/\/www.2muve.de\/index.php\/wp-json\/wp\/v2\/tags?post=8426"}],"curies":[{"name":"wp","href":"https:\/\/api.w.org\/{rel}","templated":true}]}}