{"id":8503,"date":"2016-09-19T06:21:13","date_gmt":"2016-09-19T05:21:13","guid":{"rendered":"http:\/\/www.2muve.de\/?p=8503"},"modified":"2016-09-19T06:27:07","modified_gmt":"2016-09-19T05:27:07","slug":"muve-etappe-18-lago-di-fedaia-rifugio-coldai","status":"publish","type":"post","link":"https:\/\/www.2muve.de\/index.php\/muve-etappe-18-lago-di-fedaia-rifugio-coldai\/","title":{"rendered":"muve Etappe 18: Lago di Fedaia &#8211; Rifugio Coldai"},"content":{"rendered":"<div class=\"blockquote blockquote-full postclass clearfix\">\n<ul id=\"track_ov\">\n<li id=\"time\">8:15h<\/li>\n<li id=\"public\">Bus ab Lago di Fedaia nach Alleghe<\/li>\n<li id=\"distance\">23 km<\/li>\n<li id=\"equipment\">Gute Schuhe, Gep\u00e4ck f\u00fcr vier Wochen<\/li>\n<\/ul>\n<\/div><div class=\"clearfix\"><\/div>\n<p><strong>Zusammenfassung:<\/strong><br \/>\nWider Erwarten sind wir vom Lago di Fedaia bis nach Alleghe gewandert, ohne den Bus zu nehmen. Die Strecke war auch sch\u00f6ner als erwartet. Von da ging es mit der Gondel auf den Col dei Baldi. Damit waren wir wieder in den Bergen unterwegs und wanderten weiter zum Rifugio Coldai.<\/p>\n<p><strong>Details:<\/strong><br \/>\nDie Etappe, die f\u00fcr diesen Tag auf dem Plan stand, war laut Beschreibung eher langweilig. Daher hatten wir \u00fcberlegt den Bus zu nehmen. Wir entschieden uns dann aber doch dazu, erst mal zu f\u00fcnft weiterzulaufen und bei Bedarf in den Bus zu steigen. Nach einem Fr\u00fchst\u00fcck mit nur einer Semmel pro Person (und zum Gl\u00fcck zahlreichen Zwieback) liefen wir los und hatten dabei einen wundersch\u00f6nen Blick auf den Lago di Fedaia und die Marmolada.<\/p>\n<div id=\"kad-wp-gallery57\" class=\"kad-wp-gallery kad-light-wp-gallery clearfix kt-gallery-column-3 rowtight\"><div class=\"tcol-lg-4 tcol-md-4 tcol-sm-4 tcol-xs-6 tcol-ss-12 g_item\"><div class=\"grid_item kad_gallery_fade_in gallery_item\"><a href=\"https:\/\/www.2muve.de\/wp-content\/uploads\/2016\/09\/MuenchenVenedig_18_1.jpg\" data-rel=\"lightbox\" class=\"lightboxhover\"><img loading=\"lazy\" decoding=\"async\" src=\"https:\/\/www.2muve.de\/wp-content\/uploads\/2016\/09\/MuenchenVenedig_18_1-400x400.jpg\" width=\"400\" height=\"400\" alt=\"Unsere Unterkunft am Lago di Fedaia\" srcset=\"https:\/\/www.2muve.de\/wp-content\/uploads\/2016\/09\/MuenchenVenedig_18_1-400x400.jpg 400w, https:\/\/www.2muve.de\/wp-content\/uploads\/2016\/09\/MuenchenVenedig_18_1-150x150.jpg 150w\" sizes=\"auto, (max-width: 400px) 100vw, 400px\" class=\"light-dropshaddow\"\/><\/a><\/div><\/div><div class=\"tcol-lg-4 tcol-md-4 tcol-sm-4 tcol-xs-6 tcol-ss-12 g_item\"><div class=\"grid_item kad_gallery_fade_in gallery_item\"><a href=\"https:\/\/www.2muve.de\/wp-content\/uploads\/2016\/09\/MuenchenVenedig_18_2.jpg\" data-rel=\"lightbox\" class=\"lightboxhover\"><img loading=\"lazy\" decoding=\"async\" src=\"https:\/\/www.2muve.de\/wp-content\/uploads\/2016\/09\/MuenchenVenedig_18_2-400x400.jpg\" width=\"400\" height=\"400\" alt=\"Der Lago di Fedaia\" srcset=\"https:\/\/www.2muve.de\/wp-content\/uploads\/2016\/09\/MuenchenVenedig_18_2-400x400.jpg 400w, https:\/\/www.2muve.de\/wp-content\/uploads\/2016\/09\/MuenchenVenedig_18_2-150x150.jpg 150w, https:\/\/www.2muve.de\/wp-content\/uploads\/2016\/09\/MuenchenVenedig_18_2-300x300.jpg 300w\" sizes=\"auto, (max-width: 400px) 100vw, 400px\" class=\"light-dropshaddow\"\/><\/a><\/div><\/div><div class=\"tcol-lg-4 tcol-md-4 tcol-sm-4 tcol-xs-6 tcol-ss-12 g_item\"><div class=\"grid_item kad_gallery_fade_in gallery_item\"><a href=\"https:\/\/www.2muve.de\/wp-content\/uploads\/2016\/09\/MuenchenVenedig_18_3.jpg\" data-rel=\"lightbox\" class=\"lightboxhover\"><img loading=\"lazy\" decoding=\"async\" src=\"https:\/\/www.2muve.de\/wp-content\/uploads\/2016\/09\/MuenchenVenedig_18_3-400x400.jpg\" width=\"400\" height=\"400\" alt=\"Blick auf die Dolomiten\" srcset=\"https:\/\/www.2muve.de\/wp-content\/uploads\/2016\/09\/MuenchenVenedig_18_3-400x400.jpg 400w, https:\/\/www.2muve.de\/wp-content\/uploads\/2016\/09\/MuenchenVenedig_18_3-150x150.jpg 150w\" sizes=\"auto, (max-width: 400px) 100vw, 400px\" class=\"light-dropshaddow\"\/><\/a><\/div><\/div><\/div>\n<p>Der Weg verl\u00e4uft zuerst am See entlang. Zum Gl\u00fcck ist die Stra\u00dfe, auf der wir unterwegs waren, f\u00fcr den Verkehr gesperrt. Nachdem wir den Passo Fedaia erreicht hatten, verlief der Weg weiter auf Schipisten. Landschaftlich war das wenig reizvoll, aber das war uns von Anfang an klar. Wir machten an einem Caf\u00e9 in Malga Ciapela &#8211; ich w\u00fcrde es eher als Rastst\u00e4tte bezeichnen &#8211; eine kleine Pause und liefen dann weiter. <\/p>\n<div id=\"kad-wp-gallery61\" class=\"kad-wp-gallery kad-light-wp-gallery clearfix kt-gallery-column-3 rowtight\"><div class=\"tcol-lg-4 tcol-md-4 tcol-sm-4 tcol-xs-6 tcol-ss-12 g_item\"><div class=\"grid_item kad_gallery_fade_in gallery_item\"><a href=\"https:\/\/www.2muve.de\/wp-content\/uploads\/2016\/09\/MuenchenVenedig_18_4.jpg\" data-rel=\"lightbox\" class=\"lightboxhover\"><img loading=\"lazy\" decoding=\"async\" src=\"https:\/\/www.2muve.de\/wp-content\/uploads\/2016\/09\/MuenchenVenedig_18_4-400x400.jpg\" width=\"400\" height=\"400\" alt=\"Zuerst ging&#039;s \u00fcber die Br\u00fccke auf die andere Seite\" srcset=\"https:\/\/www.2muve.de\/wp-content\/uploads\/2016\/09\/MuenchenVenedig_18_4-400x400.jpg 400w, https:\/\/www.2muve.de\/wp-content\/uploads\/2016\/09\/MuenchenVenedig_18_4-150x150.jpg 150w\" sizes=\"auto, (max-width: 400px) 100vw, 400px\" class=\"light-dropshaddow\"\/><\/a><\/div><\/div><div class=\"tcol-lg-4 tcol-md-4 tcol-sm-4 tcol-xs-6 tcol-ss-12 g_item\"><div class=\"grid_item kad_gallery_fade_in gallery_item\"><a href=\"https:\/\/www.2muve.de\/wp-content\/uploads\/2016\/09\/MuenchenVenedig_18_5.jpg\" data-rel=\"lightbox\" class=\"lightboxhover\"><img loading=\"lazy\" decoding=\"async\" src=\"https:\/\/www.2muve.de\/wp-content\/uploads\/2016\/09\/MuenchenVenedig_18_5-400x400.jpg\" width=\"400\" height=\"400\" alt=\"Dann immer am See entlang\" srcset=\"https:\/\/www.2muve.de\/wp-content\/uploads\/2016\/09\/MuenchenVenedig_18_5-400x400.jpg 400w, https:\/\/www.2muve.de\/wp-content\/uploads\/2016\/09\/MuenchenVenedig_18_5-150x150.jpg 150w\" sizes=\"auto, (max-width: 400px) 100vw, 400px\" class=\"light-dropshaddow\"\/><\/a><\/div><\/div><div class=\"tcol-lg-4 tcol-md-4 tcol-sm-4 tcol-xs-6 tcol-ss-12 g_item\"><div class=\"grid_item kad_gallery_fade_in gallery_item\"><a href=\"https:\/\/www.2muve.de\/wp-content\/uploads\/2016\/09\/MuenchenVenedig_18_6.jpg\" data-rel=\"lightbox\" class=\"lightboxhover\"><img loading=\"lazy\" decoding=\"async\" src=\"https:\/\/www.2muve.de\/wp-content\/uploads\/2016\/09\/MuenchenVenedig_18_6-400x400.jpg\" width=\"400\" height=\"400\" alt=\"Nach dem Lago di Fedaia sind wir den Schipisten gefolgt\" srcset=\"https:\/\/www.2muve.de\/wp-content\/uploads\/2016\/09\/MuenchenVenedig_18_6-400x400.jpg 400w, https:\/\/www.2muve.de\/wp-content\/uploads\/2016\/09\/MuenchenVenedig_18_6-150x150.jpg 150w\" sizes=\"auto, (max-width: 400px) 100vw, 400px\" class=\"light-dropshaddow\"\/><\/a><\/div><\/div><\/div>\n<p>Wir wanderten weiter am Bach entlang und folgten der Teerstra\u00dfe, bis wir auf ein Kassenh\u00e4uschen stie\u00dfen. Um die Schlucht Serrai zu begehen, mussten wir Eintritt zahlen. Im Rother stand nichts davon, uns \u00e4rgerte es auch ein bisschen, aber oben rum auf der viel befahrenen Stra\u00dfe zu gehen war keine Option &#8211; der Weg w\u00e4re dort auch l\u00e4nger gewesen. Wenigstens konnte einer der Jungs f\u00fcr uns einen Gruppenrabatt aushandeln, obwohl wir f\u00fcr eine Gruppe eigentlich zu klein waren. Es war dann auch ganz sch\u00f6n \ud83d\ude09 . <\/p>\n<div id=\"kad-wp-gallery79\" class=\"kad-wp-gallery kad-light-wp-gallery clearfix kt-gallery-column-4 rowtight\"><div class=\"tcol-lg-3 tcol-md-3 tcol-sm-4 tcol-xs-6 tcol-ss-12 g_item\"><div class=\"grid_item kad_gallery_fade_in gallery_item\"><a href=\"https:\/\/www.2muve.de\/wp-content\/uploads\/2016\/09\/MuenchenVenedig_18_7.jpg\" data-rel=\"lightbox\" class=\"lightboxhover\"><img loading=\"lazy\" decoding=\"async\" src=\"https:\/\/www.2muve.de\/wp-content\/uploads\/2016\/09\/MuenchenVenedig_18_7-300x300.jpg\" width=\"300\" height=\"300\" alt=\"Durch ein Naturschutzgebiet ging es weiter\" srcset=\"https:\/\/www.2muve.de\/wp-content\/uploads\/2016\/09\/MuenchenVenedig_18_7-300x300.jpg 300w, https:\/\/www.2muve.de\/wp-content\/uploads\/2016\/09\/MuenchenVenedig_18_7-150x150.jpg 150w\" sizes=\"auto, (max-width: 300px) 100vw, 300px\" class=\"light-dropshaddow\"\/><\/a><\/div><\/div><div class=\"tcol-lg-3 tcol-md-3 tcol-sm-4 tcol-xs-6 tcol-ss-12 g_item\"><div class=\"grid_item kad_gallery_fade_in gallery_item\"><a href=\"https:\/\/www.2muve.de\/wp-content\/uploads\/2016\/09\/MuenchenVenedig_18_8.jpg\" data-rel=\"lightbox\" class=\"lightboxhover\"><img loading=\"lazy\" decoding=\"async\" src=\"https:\/\/www.2muve.de\/wp-content\/uploads\/2016\/09\/MuenchenVenedig_18_8-300x300.jpg\" width=\"300\" height=\"300\" alt=\"Bis in den Ort Sottoguda\" srcset=\"https:\/\/www.2muve.de\/wp-content\/uploads\/2016\/09\/MuenchenVenedig_18_8-300x300.jpg 300w, https:\/\/www.2muve.de\/wp-content\/uploads\/2016\/09\/MuenchenVenedig_18_8-150x150.jpg 150w\" sizes=\"auto, (max-width: 300px) 100vw, 300px\" class=\"light-dropshaddow\"\/><\/a><\/div><\/div><div class=\"tcol-lg-3 tcol-md-3 tcol-sm-4 tcol-xs-6 tcol-ss-12 g_item\"><div class=\"grid_item kad_gallery_fade_in gallery_item\"><a href=\"https:\/\/www.2muve.de\/wp-content\/uploads\/2016\/09\/MuenchenVenedig_18_9.jpg\" data-rel=\"lightbox\" class=\"lightboxhover\"><img loading=\"lazy\" decoding=\"async\" src=\"https:\/\/www.2muve.de\/wp-content\/uploads\/2016\/09\/MuenchenVenedig_18_9-300x300.jpg\" width=\"300\" height=\"300\" alt=\"Hier waren die H\u00e4user mit Puppen geschm\u00fcckt\" srcset=\"https:\/\/www.2muve.de\/wp-content\/uploads\/2016\/09\/MuenchenVenedig_18_9-300x300.jpg 300w, https:\/\/www.2muve.de\/wp-content\/uploads\/2016\/09\/MuenchenVenedig_18_9-150x150.jpg 150w\" sizes=\"auto, (max-width: 300px) 100vw, 300px\" class=\"light-dropshaddow\"\/><\/a><\/div><\/div><div class=\"tcol-lg-3 tcol-md-3 tcol-sm-4 tcol-xs-6 tcol-ss-12 g_item\"><div class=\"grid_item kad_gallery_fade_in gallery_item\"><a href=\"https:\/\/www.2muve.de\/wp-content\/uploads\/2016\/09\/MuenchenVenedig_18_10.jpg\" data-rel=\"lightbox\" class=\"lightboxhover\"><img loading=\"lazy\" decoding=\"async\" src=\"https:\/\/www.2muve.de\/wp-content\/uploads\/2016\/09\/MuenchenVenedig_18_10-300x300.jpg\" width=\"300\" height=\"300\" alt=\"Puppen in verschiedensten Positionen\" srcset=\"https:\/\/www.2muve.de\/wp-content\/uploads\/2016\/09\/MuenchenVenedig_18_10-300x300.jpg 300w, https:\/\/www.2muve.de\/wp-content\/uploads\/2016\/09\/MuenchenVenedig_18_10-150x150.jpg 150w\" sizes=\"auto, (max-width: 300px) 100vw, 300px\" class=\"light-dropshaddow\"\/><\/a><\/div><\/div><\/div>\n<p>Danach kamen wir direkt ins kleine Alpendorf Sottoguda. Dort sind zahlreiche alte Holzh\u00e4user mit Charme. Einige davon sind mit Puppen dekoriert. Viele H\u00e4user sind dort aus Naturstein oder Holz, das Dorf legt Wert darauf diese in der ladinischen Tradition der Tabi\u00e8 zu erhalten. Als wir dort durchspazierten, trafen wir an einer Eisdiele auf die Gruppe, die uns am Gr\u00f6dner Joch auf ein Glas Wei\u00dfwein eingeladen hatte. Nach einem kurzen Plausch ging es f\u00fcr uns weiter.<\/p>\n<div id=\"kad-wp-gallery28\" class=\"kad-wp-gallery kad-light-wp-gallery clearfix kt-gallery-column-4 rowtight\"><div class=\"tcol-lg-3 tcol-md-3 tcol-sm-4 tcol-xs-6 tcol-ss-12 g_item\"><div class=\"grid_item kad_gallery_fade_in gallery_item\"><a href=\"https:\/\/www.2muve.de\/wp-content\/uploads\/2016\/09\/MuenchenVenedig_18_11.jpg\" data-rel=\"lightbox\" class=\"lightboxhover\"><img loading=\"lazy\" decoding=\"async\" src=\"https:\/\/www.2muve.de\/wp-content\/uploads\/2016\/09\/MuenchenVenedig_18_11-300x300.jpg\" width=\"300\" height=\"300\" alt=\"Nach und nach wurde es flacher\" srcset=\"https:\/\/www.2muve.de\/wp-content\/uploads\/2016\/09\/MuenchenVenedig_18_11-300x300.jpg 300w, https:\/\/www.2muve.de\/wp-content\/uploads\/2016\/09\/MuenchenVenedig_18_11-150x150.jpg 150w\" sizes=\"auto, (max-width: 300px) 100vw, 300px\" class=\"light-dropshaddow\"\/><\/a><\/div><\/div><div class=\"tcol-lg-3 tcol-md-3 tcol-sm-4 tcol-xs-6 tcol-ss-12 g_item\"><div class=\"grid_item kad_gallery_fade_in gallery_item\"><a href=\"https:\/\/www.2muve.de\/wp-content\/uploads\/2016\/09\/MuenchenVenedig_18_12.jpg\" data-rel=\"lightbox\" class=\"lightboxhover\"><img loading=\"lazy\" decoding=\"async\" src=\"https:\/\/www.2muve.de\/wp-content\/uploads\/2016\/09\/MuenchenVenedig_18_12-300x300.jpg\" width=\"300\" height=\"300\" alt=\"Es kamen immer wieder Ortschaften in Sicht\" srcset=\"https:\/\/www.2muve.de\/wp-content\/uploads\/2016\/09\/MuenchenVenedig_18_12-300x300.jpg 300w, https:\/\/www.2muve.de\/wp-content\/uploads\/2016\/09\/MuenchenVenedig_18_12-150x150.jpg 150w, https:\/\/www.2muve.de\/wp-content\/uploads\/2016\/09\/MuenchenVenedig_18_12-365x365.jpg 365w\" sizes=\"auto, (max-width: 300px) 100vw, 300px\" class=\"light-dropshaddow\"\/><\/a><\/div><\/div><div class=\"tcol-lg-3 tcol-md-3 tcol-sm-4 tcol-xs-6 tcol-ss-12 g_item\"><div class=\"grid_item kad_gallery_fade_in gallery_item\"><a href=\"https:\/\/www.2muve.de\/wp-content\/uploads\/2016\/09\/MuenchenVenedig_18_13.jpg\" data-rel=\"lightbox\" class=\"lightboxhover\"><img loading=\"lazy\" decoding=\"async\" src=\"https:\/\/www.2muve.de\/wp-content\/uploads\/2016\/09\/MuenchenVenedig_18_13-300x300.jpg\" width=\"300\" height=\"300\" alt=\"Bis wir in Alleghe waren\" srcset=\"https:\/\/www.2muve.de\/wp-content\/uploads\/2016\/09\/MuenchenVenedig_18_13-300x300.jpg 300w, https:\/\/www.2muve.de\/wp-content\/uploads\/2016\/09\/MuenchenVenedig_18_13-150x150.jpg 150w\" sizes=\"auto, (max-width: 300px) 100vw, 300px\" class=\"light-dropshaddow\"\/><\/a><\/div><\/div><div class=\"tcol-lg-3 tcol-md-3 tcol-sm-4 tcol-xs-6 tcol-ss-12 g_item\"><div class=\"grid_item kad_gallery_fade_in gallery_item\"><a href=\"https:\/\/www.2muve.de\/wp-content\/uploads\/2016\/09\/MuenchenVenedig_18_14.jpg\" data-rel=\"lightbox\" class=\"lightboxhover\"><img loading=\"lazy\" decoding=\"async\" src=\"https:\/\/www.2muve.de\/wp-content\/uploads\/2016\/09\/MuenchenVenedig_18_14-300x300.jpg\" width=\"300\" height=\"300\" alt=\"Zentrum von Alleghe\" srcset=\"https:\/\/www.2muve.de\/wp-content\/uploads\/2016\/09\/MuenchenVenedig_18_14-300x300.jpg 300w, https:\/\/www.2muve.de\/wp-content\/uploads\/2016\/09\/MuenchenVenedig_18_14-150x150.jpg 150w\" sizes=\"auto, (max-width: 300px) 100vw, 300px\" class=\"light-dropshaddow\"\/><\/a><\/div><\/div><\/div>\n<p>Der weitere Weg bis Alleghe zog sich etwas. Es tauchten auf der anderen Seite des Flusses immer wieder kleine Ortschaften auf, bis es dann aber endlich Alleghe war, dauerte es etwas. Dort angekommen wurde der Markt am Lago di Alleghe gerade geschlossen. Nachdem wir uns noch f\u00fcr die n\u00e4chsten Tage versorgen mussten, suchten wir den n\u00e4chsten Supermarkt. Und der hatte zum Gl\u00fcck keine Siesta und wir konnten uns mit Verpflegung und Mittagessen eindecken.<\/p>\n<div id=\"kad-wp-gallery94\" class=\"kad-wp-gallery kad-light-wp-gallery clearfix kt-gallery-column-3 rowtight\"><div class=\"tcol-lg-4 tcol-md-4 tcol-sm-4 tcol-xs-6 tcol-ss-12 g_item\"><div class=\"grid_item kad_gallery_fade_in gallery_item\"><a href=\"https:\/\/www.2muve.de\/wp-content\/uploads\/2016\/09\/MuenchenVenedig_18_15.jpg\" data-rel=\"lightbox\" class=\"lightboxhover\"><img loading=\"lazy\" decoding=\"async\" src=\"https:\/\/www.2muve.de\/wp-content\/uploads\/2016\/09\/MuenchenVenedig_18_15-400x400.jpg\" width=\"400\" height=\"400\" alt=\"Fahrt mit der Gondel auf den Col dei Baldi\" srcset=\"https:\/\/www.2muve.de\/wp-content\/uploads\/2016\/09\/MuenchenVenedig_18_15-400x400.jpg 400w, https:\/\/www.2muve.de\/wp-content\/uploads\/2016\/09\/MuenchenVenedig_18_15-150x150.jpg 150w\" sizes=\"auto, (max-width: 400px) 100vw, 400px\" class=\"light-dropshaddow\"\/><\/a><\/div><\/div><div class=\"tcol-lg-4 tcol-md-4 tcol-sm-4 tcol-xs-6 tcol-ss-12 g_item\"><div class=\"grid_item kad_gallery_fade_in gallery_item\"><a href=\"https:\/\/www.2muve.de\/wp-content\/uploads\/2016\/09\/MuenchenVenedig_18_16.jpg\" data-rel=\"lightbox\" class=\"lightboxhover\"><img loading=\"lazy\" decoding=\"async\" src=\"https:\/\/www.2muve.de\/wp-content\/uploads\/2016\/09\/MuenchenVenedig_18_16-400x400.jpg\" width=\"400\" height=\"400\" alt=\"Verdiente Pause nach der anstrengenden Gondelfahrt ;-)\" srcset=\"https:\/\/www.2muve.de\/wp-content\/uploads\/2016\/09\/MuenchenVenedig_18_16-400x400.jpg 400w, https:\/\/www.2muve.de\/wp-content\/uploads\/2016\/09\/MuenchenVenedig_18_16-150x150.jpg 150w\" sizes=\"auto, (max-width: 400px) 100vw, 400px\" class=\"light-dropshaddow\"\/><\/a><\/div><\/div><div class=\"tcol-lg-4 tcol-md-4 tcol-sm-4 tcol-xs-6 tcol-ss-12 g_item\"><div class=\"grid_item kad_gallery_fade_in gallery_item\"><a href=\"https:\/\/www.2muve.de\/wp-content\/uploads\/2016\/09\/MuenchenVenedig_18_19.jpg\" data-rel=\"lightbox\" class=\"lightboxhover\"><img loading=\"lazy\" decoding=\"async\" src=\"https:\/\/www.2muve.de\/wp-content\/uploads\/2016\/09\/MuenchenVenedig_18_19-400x400.jpg\" width=\"400\" height=\"400\" alt=\"Mit grandioser Aussicht\" srcset=\"https:\/\/www.2muve.de\/wp-content\/uploads\/2016\/09\/MuenchenVenedig_18_19-400x400.jpg 400w, https:\/\/www.2muve.de\/wp-content\/uploads\/2016\/09\/MuenchenVenedig_18_19-150x150.jpg 150w, https:\/\/www.2muve.de\/wp-content\/uploads\/2016\/09\/MuenchenVenedig_18_19-300x300.jpg 300w\" sizes=\"auto, (max-width: 400px) 100vw, 400px\" class=\"light-dropshaddow\"\/><\/a><\/div><\/div><\/div>\n<p>Wir wollten nicht in Alleghe bleiben, sondern lieber wieder in den Bergen \u00fcbernachten. Daher entschieden wir uns f\u00fcr die vom Rother vorgeschlagene Erleichterung und fuhren mit der Gondel auf den Col dei Baldi. Dort suchten wir uns dann einige Meter sp\u00e4ter einen Pausenplatz und konnten uns endlich st\u00e4rken. Ein Ziegenbock kam dann auch auf die Idee, uns Gesellschaft zu leisten und wollte mitessen. Immer wieder mussten wir ihn vertreiben.<\/p>\n<div id=\"kad-wp-gallery63\" class=\"kad-wp-gallery kad-light-wp-gallery clearfix kt-gallery-column-1 rowtight\"><div class=\"tcol-lg-12 tcol-md-12 tcol-sm-12 tcol-xs-12 tcol-ss-12 g_item\"><div class=\"grid_item kad_gallery_fade_in gallery_item\"><a href=\"https:\/\/www.2muve.de\/wp-content\/uploads\/2016\/09\/MuenchenVenedig_18_17.jpg\" data-rel=\"lightbox\" class=\"lightboxhover\"><img loading=\"lazy\" decoding=\"async\" src=\"https:\/\/www.2muve.de\/wp-content\/uploads\/2016\/09\/MuenchenVenedig_18_17.jpg\" width=\"1000\" height=\"214\" alt=\"Dolomitenpanorama\" srcset=\"https:\/\/www.2muve.de\/wp-content\/uploads\/2016\/09\/MuenchenVenedig_18_17.jpg 1000w, https:\/\/www.2muve.de\/wp-content\/uploads\/2016\/09\/MuenchenVenedig_18_17-300x64.jpg 300w, https:\/\/www.2muve.de\/wp-content\/uploads\/2016\/09\/MuenchenVenedig_18_17-768x164.jpg 768w\" sizes=\"auto, (max-width: 1000px) 100vw, 1000px\" class=\"light-dropshaddow\"\/><\/a><\/div><\/div><\/div>\n<p>Wir hatten ein traumhaftes Panorama und blieben erst mal eine Weile hier. Was gibt es auch Sch\u00f6neres als Rumd\u00f6sen auf einer Wiese in den Bergen? Nachdem das Essen weggepackt war, waren wir f\u00fcr den Steinbock auch nicht mehr ganz so spannend, wie zuvor noch \ud83d\ude09 . Eigentlich hatten wir \u00fcberlegt, an diesem Tag bis zum Rifugio Tissi zu gehen, nun war aber doch schon gut Zeit vergangen. Eine Alternative w\u00e4re noch das Rifugio Coldai. Wir packten unsere Sachen zusammen und machten uns auf den Weg.<\/p>\n<div id=\"kad-wp-gallery22\" class=\"kad-wp-gallery kad-light-wp-gallery clearfix kt-gallery-column-3 rowtight\"><div class=\"tcol-lg-4 tcol-md-4 tcol-sm-4 tcol-xs-6 tcol-ss-12 g_item\"><div class=\"grid_item kad_gallery_fade_in gallery_item\"><a href=\"https:\/\/www.2muve.de\/wp-content\/uploads\/2016\/09\/MuenchenVenedig_18_18.jpg\" data-rel=\"lightbox\" class=\"lightboxhover\"><img loading=\"lazy\" decoding=\"async\" src=\"https:\/\/www.2muve.de\/wp-content\/uploads\/2016\/09\/MuenchenVenedig_18_18-400x400.jpg\" width=\"400\" height=\"400\" alt=\"Esel und Minipony auf unserem Weg\" srcset=\"https:\/\/www.2muve.de\/wp-content\/uploads\/2016\/09\/MuenchenVenedig_18_18-400x400.jpg 400w, https:\/\/www.2muve.de\/wp-content\/uploads\/2016\/09\/MuenchenVenedig_18_18-150x150.jpg 150w\" sizes=\"auto, (max-width: 400px) 100vw, 400px\" class=\"light-dropshaddow\"\/><\/a><\/div><\/div><div class=\"tcol-lg-4 tcol-md-4 tcol-sm-4 tcol-xs-6 tcol-ss-12 g_item\"><div class=\"grid_item kad_gallery_fade_in gallery_item\"><a href=\"https:\/\/www.2muve.de\/wp-content\/uploads\/2016\/09\/MuenchenVenedig_18_20.jpg\" data-rel=\"lightbox\" class=\"lightboxhover\"><img loading=\"lazy\" decoding=\"async\" src=\"https:\/\/www.2muve.de\/wp-content\/uploads\/2016\/09\/MuenchenVenedig_18_20-400x400.jpg\" width=\"400\" height=\"400\" alt=\"Ausblick vom Rifugio Coldai\" srcset=\"https:\/\/www.2muve.de\/wp-content\/uploads\/2016\/09\/MuenchenVenedig_18_20-400x400.jpg 400w, https:\/\/www.2muve.de\/wp-content\/uploads\/2016\/09\/MuenchenVenedig_18_20-150x150.jpg 150w\" sizes=\"auto, (max-width: 400px) 100vw, 400px\" class=\"light-dropshaddow\"\/><\/a><\/div><\/div><\/div>\n<p>Wir liefen in Richtung der Rifugios und kamen auf den Dolomitenh\u00f6henweg 1. Ab nun w\u00fcrden wir diesem folgen. Dabei kamen wir an einem kleinen Rifugio vorbei, bei dem Esel und Ponys gehalten wurden. Hier mussten wir nat\u00fcrlich einen kurzen Stopp einlegen &#8211; vor allem, weil das Minipony so wahnsinnig s\u00fc\u00df war \ud83d\ude09 . Danach wanderten wir \u00fcber einige Kehren bis zum Rifugio Coldai. Dabei hatten wir schon gemerkt, dass die Kraft langsam weg war. Nachdem das Rifugio auch eine sehr sch\u00f6ne Lage hat, beschlossen wir dort zu bleiben und bezogen ein F\u00fcnferzimmer, in dem jeder Quadratzentimeter perfekt genutzt wurde &#8211; es war wirklich sehr klein \ud83d\ude09 .<\/p>\n<p>Den Abend verbrachten wir dann klassisch mit duschen und essen und spielten dann noch Stadt &#8211; Land &#8211; Fluss, bis uns die Buchstaben ausgingen. Am kommenden Tag w\u00fcrden wir den Weg zum Rifugio Tissi einfach mit dranh\u00e4ngen \ud83d\ude09 .<\/p>\n<p><strong>Erkenntnis des Tages:<\/strong><br \/>\nAuch auf einem langweiligen Weg kann es sch\u00f6ne Orte geben &#8211; in dem Fall Sottoguda.<\/p>\n<p><strong>Fazit:<\/strong><br \/>\nAuch wenn die Etappe nicht sonderlich spannend war, gab es doch ein paar H\u00f6hepunkte: Gleich zu Beginn der Lago di Fedaia, die Schlucht Serrai, danach das Dorf Sottoguda und das Mini-Pony auf dem Weg zum Rifugio Coldai.<\/p>\n<p>Liebe Gr\u00fc\u00dfe,<br \/>\nEarly Bird \ud83d\ude42<\/p>\n[sgpx gpx=&#8220;\/wp-content\/uploads\/gpx\/muve_tag18.gpx&#8220;] <\/p>\n","protected":false},"excerpt":{"rendered":"<p>Zusammenfassung: Wider Erwarten sind wir vom Lago di Fedaia bis nach Alleghe gewandert, ohne den Bus zu nehmen. Die Strecke war auch sch\u00f6ner als erwartet. Von da ging es mit der Gondel auf den Col dei Baldi. Damit waren wir &hellip; <a href=\"https:\/\/www.2muve.de\/index.php\/muve-etappe-18-lago-di-fedaia-rifugio-coldai\/\">Weiter<\/a><\/p>\n","protected":false},"author":1,"featured_media":8515,"comment_status":"open","ping_status":"closed","sticky":false,"template":"","format":"standard","meta":{"kt_blocks_editor_width":"","footnotes":""},"categories":[52,23],"tags":[129,226,218,125,222,225,224,223,68],"class_list":["post-8503","post","type-post","status-publish","format-standard","has-post-thumbnail","hentry","category-muvefar","category-muveup","tag-alpenueberquerung","tag-col-dei-baldi","tag-lago-di-fedaia","tag-muenchen-venedig","tag-rifugio-coldai","tag-santa-maria-delle-grazie","tag-soraru","tag-sottoguda","tag-traumpfad"],"_links":{"self":[{"href":"https:\/\/www.2muve.de\/index.php\/wp-json\/wp\/v2\/posts\/8503","targetHints":{"allow":["GET"]}}],"collection":[{"href":"https:\/\/www.2muve.de\/index.php\/wp-json\/wp\/v2\/posts"}],"about":[{"href":"https:\/\/www.2muve.de\/index.php\/wp-json\/wp\/v2\/types\/post"}],"author":[{"embeddable":true,"href":"https:\/\/www.2muve.de\/index.php\/wp-json\/wp\/v2\/users\/1"}],"replies":[{"embeddable":true,"href":"https:\/\/www.2muve.de\/index.php\/wp-json\/wp\/v2\/comments?post=8503"}],"version-history":[{"count":7,"href":"https:\/\/www.2muve.de\/index.php\/wp-json\/wp\/v2\/posts\/8503\/revisions"}],"predecessor-version":[{"id":8531,"href":"https:\/\/www.2muve.de\/index.php\/wp-json\/wp\/v2\/posts\/8503\/revisions\/8531"}],"wp:featuredmedia":[{"embeddable":true,"href":"https:\/\/www.2muve.de\/index.php\/wp-json\/wp\/v2\/media\/8515"}],"wp:attachment":[{"href":"https:\/\/www.2muve.de\/index.php\/wp-json\/wp\/v2\/media?parent=8503"}],"wp:term":[{"taxonomy":"category","embeddable":true,"href":"https:\/\/www.2muve.de\/index.php\/wp-json\/wp\/v2\/categories?post=8503"},{"taxonomy":"post_tag","embeddable":true,"href":"https:\/\/www.2muve.de\/index.php\/wp-json\/wp\/v2\/tags?post=8503"}],"curies":[{"name":"wp","href":"https:\/\/api.w.org\/{rel}","templated":true}]}}