{"id":8534,"date":"2016-09-25T11:48:39","date_gmt":"2016-09-25T10:48:39","guid":{"rendered":"http:\/\/www.2muve.de\/?p=8534"},"modified":"2016-11-08T11:53:14","modified_gmt":"2016-11-08T10:53:14","slug":"25-omv-halbmarathon-altoetting","status":"publish","type":"post","link":"https:\/\/www.2muve.de\/index.php\/25-omv-halbmarathon-altoetting\/","title":{"rendered":"25. OMV Halbmarathon Alt\u00f6tting"},"content":{"rendered":"<p><strong>Zusammenfassung:<\/strong><br \/>\nAm Sonntag, dem 18.09.2016, war das 25. Jubil\u00e4um des <a href=\"http:\/\/www.halbmarathon.de\/\" target=\"_blank\">Alt\u00f6ttinger Halbmarathons<\/a>. Der Halbmarathon wird als &#8222;Schnellster Naturlauf der Welt&#8220; bezeichnet und f\u00fchrt, mit Start und Ende in der Stadt, in einem Rundkurs \u00fcber Forstwege durch den Alt\u00f6ttinger Forst. Passend zum Jubil\u00e4um gab es dieses Jahr auch einen Teilnehmerrekord mit 2333 L\u00e4ufern im Ziel &#8211; zwei davon waren wir.<\/p>\n<p><strong>Details:<\/strong><br \/>\nNach <a href=\"https:\/\/www.2muve.de\/traumpfad-muenchen-venedig\/\">M\u00fcnchen-Venedig<\/a> waren wir zwar beide hin und wieder laufen, aber regelm\u00e4\u00dfiges Training und richtige Vorbereitung f\u00fcr einen Halbmarathon schauen sicherlich anders aus. Tempol\u00e4ufe? Distanzen>12km? Pustekuchen! Etwa eine Woche vor dem Halbmarathon wurden unsere Zweifel deshalb so gro\u00df, dass wir uns am liebsten auf eine k\u00fcrzere Distanz umgemeldet h\u00e4tten. Da es als Alternative jedoch nur einen 6km-Lauf gab, blieben wir bei unserem urspr\u00fcnglichen Plan und holten am Samstag mit etwas mulmigem Gef\u00fchl unsere Startunterlagen und das Finisher-Shirt f\u00fcr den Halbmarathon. <\/p>\n<p>Der Start des Halbmarathons am folgenden Morgen verlief dann tats\u00e4chlich nicht so glatt, wie wir es gerne gehabt h\u00e4tten: Early Bird hatte ein Teil ihrer Laufklamotten zu Hause vergessen und wir mussten somit etwas improvisieren. Zus\u00e4tzlich verloren wir uns kurz vor dem Start aus den Augen und fanden uns erst wieder, als alle anderen L\u00e4ufer die Startlinie bereits \u00fcberquert hatten. Und so waren wir, wie schon beim <a href=\"https:\/\/www.2muve.de\/unser-erster-trail-run-der-andechs-expert-trail\/\">Andechs Trail<\/a>, unter den allerletzten L\u00e4ufern die in den 25. Alt\u00f6ttinger Halbmarathon starteten. Vorteil: zumindest am Anfang wurden wir von niemandem \u00fcberholt \ud83d\ude09<\/p>\n<div id=\"kad-wp-gallery88\" class=\"kad-wp-gallery kad-light-wp-gallery clearfix kt-gallery-column-4 rowtight\"><div class=\"tcol-lg-3 tcol-md-3 tcol-sm-4 tcol-xs-6 tcol-ss-12 g_item\"><div class=\"grid_item kad_gallery_fade_in gallery_item\"><a href=\"https:\/\/www.2muve.de\/wp-content\/uploads\/2016\/09\/altoetting_hm_01.jpg\" data-rel=\"lightbox\" class=\"lightboxhover\"><img loading=\"lazy\" decoding=\"async\" src=\"https:\/\/www.2muve.de\/wp-content\/uploads\/2016\/09\/altoetting_hm_01-300x300.jpg\" width=\"300\" height=\"300\" alt=\"Mal wieder sind wir beim Start die Letzten.\" srcset=\"https:\/\/www.2muve.de\/wp-content\/uploads\/2016\/09\/altoetting_hm_01-300x300.jpg 300w, https:\/\/www.2muve.de\/wp-content\/uploads\/2016\/09\/altoetting_hm_01-150x150.jpg 150w, https:\/\/www.2muve.de\/wp-content\/uploads\/2016\/09\/altoetting_hm_01.jpg 500w\" sizes=\"auto, (max-width: 300px) 100vw, 300px\" class=\"light-dropshaddow\"\/><\/a><\/div><\/div><div class=\"tcol-lg-3 tcol-md-3 tcol-sm-4 tcol-xs-6 tcol-ss-12 g_item\"><div class=\"grid_item kad_gallery_fade_in gallery_item\"><a href=\"https:\/\/www.2muve.de\/wp-content\/uploads\/2016\/09\/altoetting_hm_02.jpg\" data-rel=\"lightbox\" class=\"lightboxhover\"><img loading=\"lazy\" decoding=\"async\" src=\"https:\/\/www.2muve.de\/wp-content\/uploads\/2016\/09\/altoetting_hm_02-300x300.jpg\" width=\"300\" height=\"300\" alt=\"Auch bei Kilometer 20 laufen wir noch gemeinsam.\" srcset=\"https:\/\/www.2muve.de\/wp-content\/uploads\/2016\/09\/altoetting_hm_02-300x300.jpg 300w, https:\/\/www.2muve.de\/wp-content\/uploads\/2016\/09\/altoetting_hm_02-150x150.jpg 150w, https:\/\/www.2muve.de\/wp-content\/uploads\/2016\/09\/altoetting_hm_02.jpg 500w\" sizes=\"auto, (max-width: 300px) 100vw, 300px\" class=\"light-dropshaddow\"\/><\/a><\/div><\/div><div class=\"tcol-lg-3 tcol-md-3 tcol-sm-4 tcol-xs-6 tcol-ss-12 g_item\"><div class=\"grid_item kad_gallery_fade_in gallery_item\"><a href=\"https:\/\/www.2muve.de\/wp-content\/uploads\/2016\/09\/altoetting_hm_03.jpg\" data-rel=\"lightbox\" class=\"lightboxhover\"><img loading=\"lazy\" decoding=\"async\" src=\"https:\/\/www.2muve.de\/wp-content\/uploads\/2016\/09\/altoetting_hm_03-300x300.jpg\" width=\"300\" height=\"300\" alt=\"Das Ziel ist zum Gl\u00fcck nicht mehr weit.\" srcset=\"https:\/\/www.2muve.de\/wp-content\/uploads\/2016\/09\/altoetting_hm_03-300x300.jpg 300w, https:\/\/www.2muve.de\/wp-content\/uploads\/2016\/09\/altoetting_hm_03-150x150.jpg 150w, https:\/\/www.2muve.de\/wp-content\/uploads\/2016\/09\/altoetting_hm_03.jpg 500w\" sizes=\"auto, (max-width: 300px) 100vw, 300px\" class=\"light-dropshaddow\"\/><\/a><\/div><\/div><div class=\"tcol-lg-3 tcol-md-3 tcol-sm-4 tcol-xs-6 tcol-ss-12 g_item\"><div class=\"grid_item kad_gallery_fade_in gallery_item\"><a href=\"https:\/\/www.2muve.de\/wp-content\/uploads\/2016\/09\/altoetting_hm_04.jpg\" data-rel=\"lightbox\" class=\"lightboxhover\"><img loading=\"lazy\" decoding=\"async\" src=\"https:\/\/www.2muve.de\/wp-content\/uploads\/2016\/09\/altoetting_hm_04-300x300.jpg\" width=\"300\" height=\"300\" alt=\"Geschafft!!!!!\" srcset=\"https:\/\/www.2muve.de\/wp-content\/uploads\/2016\/09\/altoetting_hm_04-300x300.jpg 300w, https:\/\/www.2muve.de\/wp-content\/uploads\/2016\/09\/altoetting_hm_04-150x150.jpg 150w, https:\/\/www.2muve.de\/wp-content\/uploads\/2016\/09\/altoetting_hm_04-365x365.jpg 365w\" sizes=\"auto, (max-width: 300px) 100vw, 300px\" class=\"light-dropshaddow\"\/><\/a><\/div><\/div><\/div>\n<p>Bei leichtem Nieselregen und unter Applaus des zahlreichen Publikums verlie\u00dfen wir Alt\u00f6tting und bogen nach etwa 3 Kilometern in den Alt\u00f6ttinger Forst ab. Hier wurde es erstmal ruhiger und wir liefen viele Kilometer schweigend nebeneinander her. Diesmal waren wir einfach nicht fit genug, um uns w\u00e4rend des Laufens zu unterhalten. Trotz Regen waren auch im Wald viele Zuschauer und sogar eine Band spielte bei Kilometer 7 und 14. Zusammen mit den sechs Verpflegungsstationen kam somit auf der langen Waldstrecke keine Langeweile auf. <\/p>\n<p>Trotz unserer schlechten Vorbereitung verlief der Halbmarathon \u00fcberraschend gut. Wir waren nicht schnell unterwegs, die ersten 16 Kilometer vergingen aber trotzdem wie im Flug. Danach wurde es langsam anstrenged und wir waren beide froh, dass wir zu zweit unterwegs waren. Alleine w\u00e4ren wir wohl ins Gehen gewechselt, aber so hielten wir tats\u00e4chlich bis zum Ende durch. Early Bird hatte kurz vor Schluss sogar noch Energie f\u00fcr einen kleinen Schlusssprint. Nach 2:13 Stunden erreichten wir dann beide ersch\u00f6pft, aber gl\u00fccklich das Ziel. <\/p>\n<p><strong>Fazit:<\/strong><br \/>\nAuch wenn es nicht unser schnellster Halbmarathon war und wir die 2 Stunden um ein weites verfehlt haben, so sind wir trotzdem sehr zufrieden mit unserer Leistung. Aufgrund der tollen Stimmung, der guten Organisation und der sch\u00f6nen Strecke hat uns der Alt\u00f6ttinger Halbmarathon auch sicher nicht zum letzten Mal gesehen. <\/p>\n<p><strong>Strecke:<\/strong><br \/>\n[sgpx gpx=&#8220;\/wp-content\/uploads\/gpx\/halbmarathon_altoetting.gpx&#8220;] <\/p>\n","protected":false},"excerpt":{"rendered":"<p>Zusammenfassung: Am Sonntag, dem 18.09.2016, war das 25. Jubil\u00e4um des Alt\u00f6ttinger Halbmarathons. Der Halbmarathon wird als &#8222;Schnellster Naturlauf der Welt&#8220; bezeichnet und f\u00fchrt, mit Start und Ende in der Stadt, in einem Rundkurs \u00fcber Forstwege durch den Alt\u00f6ttinger Forst. Passend &hellip; <a href=\"https:\/\/www.2muve.de\/index.php\/25-omv-halbmarathon-altoetting\/\">Weiter<\/a><\/p>\n","protected":false},"author":3,"featured_media":8566,"comment_status":"open","ping_status":"closed","sticky":false,"template":"","format":"standard","meta":{"kt_blocks_editor_width":"","footnotes":""},"categories":[36],"tags":[234,71,73,64],"class_list":["post-8534","post","type-post","status-publish","format-standard","has-post-thumbnail","hentry","category-muvefast","tag-altoetting","tag-halbmarathon","tag-joggen","tag-laufen"],"_links":{"self":[{"href":"https:\/\/www.2muve.de\/index.php\/wp-json\/wp\/v2\/posts\/8534","targetHints":{"allow":["GET"]}}],"collection":[{"href":"https:\/\/www.2muve.de\/index.php\/wp-json\/wp\/v2\/posts"}],"about":[{"href":"https:\/\/www.2muve.de\/index.php\/wp-json\/wp\/v2\/types\/post"}],"author":[{"embeddable":true,"href":"https:\/\/www.2muve.de\/index.php\/wp-json\/wp\/v2\/users\/3"}],"replies":[{"embeddable":true,"href":"https:\/\/www.2muve.de\/index.php\/wp-json\/wp\/v2\/comments?post=8534"}],"version-history":[{"count":27,"href":"https:\/\/www.2muve.de\/index.php\/wp-json\/wp\/v2\/posts\/8534\/revisions"}],"predecessor-version":[{"id":8918,"href":"https:\/\/www.2muve.de\/index.php\/wp-json\/wp\/v2\/posts\/8534\/revisions\/8918"}],"wp:featuredmedia":[{"embeddable":true,"href":"https:\/\/www.2muve.de\/index.php\/wp-json\/wp\/v2\/media\/8566"}],"wp:attachment":[{"href":"https:\/\/www.2muve.de\/index.php\/wp-json\/wp\/v2\/media?parent=8534"}],"wp:term":[{"taxonomy":"category","embeddable":true,"href":"https:\/\/www.2muve.de\/index.php\/wp-json\/wp\/v2\/categories?post=8534"},{"taxonomy":"post_tag","embeddable":true,"href":"https:\/\/www.2muve.de\/index.php\/wp-json\/wp\/v2\/tags?post=8534"}],"curies":[{"name":"wp","href":"https:\/\/api.w.org\/{rel}","templated":true}]}}