{"id":8536,"date":"2016-09-21T20:52:32","date_gmt":"2016-09-21T19:52:32","guid":{"rendered":"http:\/\/www.2muve.de\/?p=8536"},"modified":"2016-09-29T08:51:07","modified_gmt":"2016-09-29T07:51:07","slug":"muve-etappe-19-rifugio-coldai-passo-duran","status":"publish","type":"post","link":"https:\/\/www.2muve.de\/index.php\/muve-etappe-19-rifugio-coldai-passo-duran\/","title":{"rendered":"muve Etappe 19: Rifugio Coldai &#8211; Passo Duran"},"content":{"rendered":"<div class=\"blockquote blockquote-full postclass clearfix\">\n<ul id=\"track_ov\">\n<li id=\"time\">9:00h<\/li>\n<li id=\"public\">nicht mit \u00f6ffentlichen Verkehrsmitteln erreichbar<\/li>\n<li id=\"distance\">27 km<\/li>\n<li id=\"equipment\">Gute Schuhe, Gep\u00e4ck f\u00fcr vier Wochen<\/li>\n<\/ul>\n<\/div><div class=\"clearfix\"><\/div>\n<p><strong>Zusammenfassung:<\/strong><br \/>\nAuf dieser Etappe haben wir das restliche St\u00fcck zum Rifugio Tissi, die komplette folgende Etappe laut Rother und noch das St\u00fcck zum Passo Duran zusammengelegt. Der Start mit dem Lago di Coldai und dem atemberaubenden Panorama im Sonnenaufgang und der Aufstieg zum Forcella del Camp waren die H\u00f6hepunkte der Tour.<\/p>\n<p><strong>Details:<\/strong><br \/>\nNach einer angenehmen Nacht in unserem Mini-F\u00fcnferzimmer und einem leckeren Fr\u00fchst\u00fccksbuffet sind wir vom Rifugio Coldai aufgebrochen. Die Sonne versteckte sich noch etwas, als wir loszogen. Dadurch wurde die Landschaft in traumhafte Farben getaucht.<\/p>\n<div id=\"kad-wp-gallery43\" class=\"kad-wp-gallery kad-light-wp-gallery clearfix kt-gallery-column-1 rowtight\"><div class=\"tcol-lg-12 tcol-md-12 tcol-sm-12 tcol-xs-12 tcol-ss-12 g_item\"><div class=\"grid_item kad_gallery_fade_in gallery_item\"><a href=\"https:\/\/www.2muve.de\/wp-content\/uploads\/2016\/09\/MuenchenVenedig_19_1.jpg\" data-rel=\"lightbox\" class=\"lightboxhover\"><img loading=\"lazy\" decoding=\"async\" src=\"https:\/\/www.2muve.de\/wp-content\/uploads\/2016\/09\/MuenchenVenedig_19_1.jpg\" width=\"1000\" height=\"322\" alt=\"Aufbruch im Morgengrauen\" srcset=\"https:\/\/www.2muve.de\/wp-content\/uploads\/2016\/09\/MuenchenVenedig_19_1.jpg 1000w, https:\/\/www.2muve.de\/wp-content\/uploads\/2016\/09\/MuenchenVenedig_19_1-300x97.jpg 300w, https:\/\/www.2muve.de\/wp-content\/uploads\/2016\/09\/MuenchenVenedig_19_1-768x247.jpg 768w\" sizes=\"auto, (max-width: 1000px) 100vw, 1000px\" class=\"light-dropshaddow\"\/><\/a><\/div><\/div><\/div>\n<p>Schon kurz nach dem Start hatten wir einen grandiosen Blick auf den Lago di Coldai. Der Tag startete mit diesem wundersch\u00f6nen Panorama und wir hielten immer wieder, um das auch zu genie\u00dfen und Bilder zu machen. Der Weg verlief weiter \u00fcber viel Ger\u00f6ll, bis wir beim Abzweig zum Rifugio Tissi waren. Dort liefen wir aber geradeaus weiter, da der Weg vom Rifugio Tissi sowieso wieder auf unseren Weg sto\u00dfen w\u00fcrde.<\/p>\n<div id=\"kad-wp-gallery91\" class=\"kad-wp-gallery kad-light-wp-gallery clearfix kt-gallery-column-1 rowtight\"><div class=\"tcol-lg-12 tcol-md-12 tcol-sm-12 tcol-xs-12 tcol-ss-12 g_item\"><div class=\"grid_item kad_gallery_fade_in gallery_item\"><a href=\"https:\/\/www.2muve.de\/wp-content\/uploads\/2016\/09\/MuenchenVenedig_19_2.jpg\" data-rel=\"lightbox\" class=\"lightboxhover\"><img loading=\"lazy\" decoding=\"async\" src=\"https:\/\/www.2muve.de\/wp-content\/uploads\/2016\/09\/MuenchenVenedig_19_2.jpg\" width=\"1000\" height=\"227\" alt=\"Lago di Coldai\" srcset=\"https:\/\/www.2muve.de\/wp-content\/uploads\/2016\/09\/MuenchenVenedig_19_2.jpg 1000w, https:\/\/www.2muve.de\/wp-content\/uploads\/2016\/09\/MuenchenVenedig_19_2-300x68.jpg 300w, https:\/\/www.2muve.de\/wp-content\/uploads\/2016\/09\/MuenchenVenedig_19_2-768x174.jpg 768w\" sizes=\"auto, (max-width: 1000px) 100vw, 1000px\" class=\"light-dropshaddow\"\/><\/a><\/div><\/div><\/div>\n<p>Der Weg wurde nach und nach immer weniger felsig und mehr eine Wiese mit Findlingen. Leider wurden es auch immer mehr Wanderer, die wohl vom Rifugio Tissi kamen. Unser Weg f\u00fchrte in Richtung Rifugio Vazzoler &#8211; da waren wir aber nicht die einzigen. Wie \u00fcberholten immer wieder Wanderer und waren dann auch recht flott unterwegs, weil wir einfach nur wieder allein sein wollten.<\/p>\n<div id=\"kad-wp-gallery99\" class=\"kad-wp-gallery kad-light-wp-gallery clearfix kt-gallery-column-4 rowtight\"><div class=\"tcol-lg-3 tcol-md-3 tcol-sm-4 tcol-xs-6 tcol-ss-12 g_item\"><div class=\"grid_item kad_gallery_fade_in gallery_item\"><a href=\"https:\/\/www.2muve.de\/wp-content\/uploads\/2016\/09\/MuenchenVenedig_19_3.jpg\" data-rel=\"lightbox\" class=\"lightboxhover\"><img loading=\"lazy\" decoding=\"async\" src=\"https:\/\/www.2muve.de\/wp-content\/uploads\/2016\/09\/MuenchenVenedig_19_3-300x300.jpg\" width=\"300\" height=\"300\" alt=\"Anfangs hatten wir immer einen traumhaften Blick ins Tal\" srcset=\"https:\/\/www.2muve.de\/wp-content\/uploads\/2016\/09\/MuenchenVenedig_19_3-300x300.jpg 300w, https:\/\/www.2muve.de\/wp-content\/uploads\/2016\/09\/MuenchenVenedig_19_3-150x150.jpg 150w\" sizes=\"auto, (max-width: 300px) 100vw, 300px\" class=\"light-dropshaddow\"\/><\/a><\/div><\/div><div class=\"tcol-lg-3 tcol-md-3 tcol-sm-4 tcol-xs-6 tcol-ss-12 g_item\"><div class=\"grid_item kad_gallery_fade_in gallery_item\"><a href=\"https:\/\/www.2muve.de\/wp-content\/uploads\/2016\/09\/MuenchenVenedig_19_4.jpg\" data-rel=\"lightbox\" class=\"lightboxhover\"><img loading=\"lazy\" decoding=\"async\" src=\"https:\/\/www.2muve.de\/wp-content\/uploads\/2016\/09\/MuenchenVenedig_19_4-300x300.jpg\" width=\"300\" height=\"300\" alt=\"Dann wurde es flacher\" srcset=\"https:\/\/www.2muve.de\/wp-content\/uploads\/2016\/09\/MuenchenVenedig_19_4-300x300.jpg 300w, https:\/\/www.2muve.de\/wp-content\/uploads\/2016\/09\/MuenchenVenedig_19_4-150x150.jpg 150w\" sizes=\"auto, (max-width: 300px) 100vw, 300px\" class=\"light-dropshaddow\"\/><\/a><\/div><\/div><div class=\"tcol-lg-3 tcol-md-3 tcol-sm-4 tcol-xs-6 tcol-ss-12 g_item\"><div class=\"grid_item kad_gallery_fade_in gallery_item\"><a href=\"https:\/\/www.2muve.de\/wp-content\/uploads\/2016\/09\/MuenchenVenedig_19_5.jpg\" data-rel=\"lightbox\" class=\"lightboxhover\"><img loading=\"lazy\" decoding=\"async\" src=\"https:\/\/www.2muve.de\/wp-content\/uploads\/2016\/09\/MuenchenVenedig_19_5-300x300.jpg\" width=\"300\" height=\"300\" alt=\"Das sch\u00f6ne Panorama blieb\" srcset=\"https:\/\/www.2muve.de\/wp-content\/uploads\/2016\/09\/MuenchenVenedig_19_5-300x300.jpg 300w, https:\/\/www.2muve.de\/wp-content\/uploads\/2016\/09\/MuenchenVenedig_19_5-150x150.jpg 150w\" sizes=\"auto, (max-width: 300px) 100vw, 300px\" class=\"light-dropshaddow\"\/><\/a><\/div><\/div><div class=\"tcol-lg-3 tcol-md-3 tcol-sm-4 tcol-xs-6 tcol-ss-12 g_item\"><div class=\"grid_item kad_gallery_fade_in gallery_item\"><a href=\"https:\/\/www.2muve.de\/wp-content\/uploads\/2016\/09\/MuenchenVenedig_19_6.jpg\" data-rel=\"lightbox\" class=\"lightboxhover\"><img loading=\"lazy\" decoding=\"async\" src=\"https:\/\/www.2muve.de\/wp-content\/uploads\/2016\/09\/MuenchenVenedig_19_6-300x300.jpg\" width=\"300\" height=\"300\" alt=\"Nach und nach wurde es wieder felsiger\" srcset=\"https:\/\/www.2muve.de\/wp-content\/uploads\/2016\/09\/MuenchenVenedig_19_6-300x300.jpg 300w, https:\/\/www.2muve.de\/wp-content\/uploads\/2016\/09\/MuenchenVenedig_19_6-150x150.jpg 150w\" sizes=\"auto, (max-width: 300px) 100vw, 300px\" class=\"light-dropshaddow\"\/><\/a><\/div><\/div><\/div>\n<p>Nachdem es zum Rifugio Tissi nochmal bergauf gegangen war, liefen wir nun bergab. Das Rifugio Vazzoler versteckt sich im Wald. Die Ausblicke waren immer wieder gigantisch, wir nahmen uns aber nicht wirklich Zeit, das zu genie\u00dfen. Nachdem wir den Gro\u00dfteil der anderen Wandergruppe hinter uns gelassen hatten, war es auch nicht mehr weit. Wir kamen in den Wald hinein, bogen ab und da stand auch schon das sch\u00f6ne Rifugio Vazzoler.<\/p>\n<div id=\"kad-wp-gallery36\" class=\"kad-wp-gallery kad-light-wp-gallery clearfix kt-gallery-column-3 rowtight\"><div class=\"tcol-lg-4 tcol-md-4 tcol-sm-4 tcol-xs-6 tcol-ss-12 g_item\"><div class=\"grid_item kad_gallery_fade_in gallery_item\"><a href=\"https:\/\/www.2muve.de\/wp-content\/uploads\/2016\/09\/MuenchenVenedig_19_7.jpg\" data-rel=\"lightbox\" class=\"lightboxhover\"><img loading=\"lazy\" decoding=\"async\" src=\"https:\/\/www.2muve.de\/wp-content\/uploads\/2016\/09\/MuenchenVenedig_19_7-400x400.jpg\" width=\"400\" height=\"400\" alt=\"Kleine Pause am sch\u00f6nen Rifugio Vazzoler\" srcset=\"https:\/\/www.2muve.de\/wp-content\/uploads\/2016\/09\/MuenchenVenedig_19_7-400x400.jpg 400w, https:\/\/www.2muve.de\/wp-content\/uploads\/2016\/09\/MuenchenVenedig_19_7-150x150.jpg 150w\" sizes=\"auto, (max-width: 400px) 100vw, 400px\" class=\"light-dropshaddow\"\/><\/a><\/div><\/div><div class=\"tcol-lg-4 tcol-md-4 tcol-sm-4 tcol-xs-6 tcol-ss-12 g_item\"><div class=\"grid_item kad_gallery_fade_in gallery_item\"><a href=\"https:\/\/www.2muve.de\/wp-content\/uploads\/2016\/09\/MuenchenVenedig_19_8.jpg\" data-rel=\"lightbox\" class=\"lightboxhover\"><img loading=\"lazy\" decoding=\"async\" src=\"https:\/\/www.2muve.de\/wp-content\/uploads\/2016\/09\/MuenchenVenedig_19_8-400x400.jpg\" width=\"400\" height=\"400\" alt=\"Ein St\u00fcck bergab\" srcset=\"https:\/\/www.2muve.de\/wp-content\/uploads\/2016\/09\/MuenchenVenedig_19_8-400x400.jpg 400w, https:\/\/www.2muve.de\/wp-content\/uploads\/2016\/09\/MuenchenVenedig_19_8-150x150.jpg 150w\" sizes=\"auto, (max-width: 400px) 100vw, 400px\" class=\"light-dropshaddow\"\/><\/a><\/div><\/div><div class=\"tcol-lg-4 tcol-md-4 tcol-sm-4 tcol-xs-6 tcol-ss-12 g_item\"><div class=\"grid_item kad_gallery_fade_in gallery_item\"><a href=\"https:\/\/www.2muve.de\/wp-content\/uploads\/2016\/09\/MuenchenVenedig_19_9.jpg\" data-rel=\"lightbox\" class=\"lightboxhover\"><img loading=\"lazy\" decoding=\"async\" src=\"https:\/\/www.2muve.de\/wp-content\/uploads\/2016\/09\/MuenchenVenedig_19_9-400x400.jpg\" width=\"400\" height=\"400\" alt=\"Traumhafte Landschaft\" srcset=\"https:\/\/www.2muve.de\/wp-content\/uploads\/2016\/09\/MuenchenVenedig_19_9-400x400.jpg 400w, https:\/\/www.2muve.de\/wp-content\/uploads\/2016\/09\/MuenchenVenedig_19_9-150x150.jpg 150w, https:\/\/www.2muve.de\/wp-content\/uploads\/2016\/09\/MuenchenVenedig_19_9-365x365.jpg 365w\" sizes=\"auto, (max-width: 400px) 100vw, 400px\" class=\"light-dropshaddow\"\/><\/a><\/div><\/div><\/div>\n<p>Dort legten wir eine Pause ein. Es war wirklich gem\u00fctlich und eine \u00dcbernachtung dort ist sicherlich auch sehr sch\u00f6n. Wir f\u00fcllten hier wie vom Rother empfohlen unser Wasser wieder auf. Nach und nach kam auch die Wandergruppe, um Pause zu machen, was f\u00fcr uns der richtige Moment war, um wieder loszuziehen. Nun ging es noch ein St\u00fcck bergab bis auf 1430hm.<\/p>\n<div id=\"kad-wp-gallery34\" class=\"kad-wp-gallery kad-light-wp-gallery clearfix kt-gallery-column-3 rowtight\"><div class=\"tcol-lg-4 tcol-md-4 tcol-sm-4 tcol-xs-6 tcol-ss-12 g_item\"><div class=\"grid_item kad_gallery_fade_in gallery_item\"><a href=\"https:\/\/www.2muve.de\/wp-content\/uploads\/2016\/09\/MuenchenVenedig_19_10.jpg\" data-rel=\"lightbox\" class=\"lightboxhover\"><img loading=\"lazy\" decoding=\"async\" src=\"https:\/\/www.2muve.de\/wp-content\/uploads\/2016\/09\/MuenchenVenedig_19_10-400x400.jpg\" width=\"400\" height=\"400\" alt=\"Traumhafte Landschaft\" srcset=\"https:\/\/www.2muve.de\/wp-content\/uploads\/2016\/09\/MuenchenVenedig_19_10-400x400.jpg 400w, https:\/\/www.2muve.de\/wp-content\/uploads\/2016\/09\/MuenchenVenedig_19_10-150x150.jpg 150w\" sizes=\"auto, (max-width: 400px) 100vw, 400px\" class=\"light-dropshaddow\"\/><\/a><\/div><\/div><div class=\"tcol-lg-4 tcol-md-4 tcol-sm-4 tcol-xs-6 tcol-ss-12 g_item\"><div class=\"grid_item kad_gallery_fade_in gallery_item\"><a href=\"https:\/\/www.2muve.de\/wp-content\/uploads\/2016\/09\/MuenchenVenedig_19_11.jpg\" data-rel=\"lightbox\" class=\"lightboxhover\"><img loading=\"lazy\" decoding=\"async\" src=\"https:\/\/www.2muve.de\/wp-content\/uploads\/2016\/09\/MuenchenVenedig_19_11-400x400.jpg\" width=\"400\" height=\"400\" alt=\"Immer auf dem Dolomitenh\u00f6henweg 1\" srcset=\"https:\/\/www.2muve.de\/wp-content\/uploads\/2016\/09\/MuenchenVenedig_19_11-400x400.jpg 400w, https:\/\/www.2muve.de\/wp-content\/uploads\/2016\/09\/MuenchenVenedig_19_11-150x150.jpg 150w\" sizes=\"auto, (max-width: 400px) 100vw, 400px\" class=\"light-dropshaddow\"\/><\/a><\/div><\/div><div class=\"tcol-lg-4 tcol-md-4 tcol-sm-4 tcol-xs-6 tcol-ss-12 g_item\"><div class=\"grid_item kad_gallery_fade_in gallery_item\"><a href=\"https:\/\/www.2muve.de\/wp-content\/uploads\/2016\/09\/MuenchenVenedig_19_12.jpg\" data-rel=\"lightbox\" class=\"lightboxhover\"><img loading=\"lazy\" decoding=\"async\" src=\"https:\/\/www.2muve.de\/wp-content\/uploads\/2016\/09\/MuenchenVenedig_19_12-400x400.jpg\" width=\"400\" height=\"400\" alt=\"Und es geht wieder hoch\" srcset=\"https:\/\/www.2muve.de\/wp-content\/uploads\/2016\/09\/MuenchenVenedig_19_12-400x400.jpg 400w, https:\/\/www.2muve.de\/wp-content\/uploads\/2016\/09\/MuenchenVenedig_19_12-150x150.jpg 150w\" sizes=\"auto, (max-width: 400px) 100vw, 400px\" class=\"light-dropshaddow\"\/><\/a><\/div><\/div><\/div>\n<p>Von dort bogen wir auf den Weg 554 und stiegen dann wieder auf. Der Weg verlief anfangs zum gro\u00dfen Teil im Wald, bis wir die Baumgrenze erreichten. Noch im Wald nutzten wir den Schatten f\u00fcr eine gr\u00f6\u00dfere Pause. Der Anstieg war \u00fcberraschend anstrengend und mein Magen grummelte schon wieder. Daher gab&#8217;s jetzt schon das ausgiebige Mittagessen. Nach der verdienten und auch n\u00f6tigen Pause ging es dann weiter.<\/p>\n<div id=\"kad-wp-gallery75\" class=\"kad-wp-gallery kad-light-wp-gallery clearfix kt-gallery-column-1 rowtight\"><div class=\"tcol-lg-12 tcol-md-12 tcol-sm-12 tcol-xs-12 tcol-ss-12 g_item\"><div class=\"grid_item kad_gallery_fade_in gallery_item\"><a href=\"https:\/\/www.2muve.de\/wp-content\/uploads\/2016\/09\/MuenchenVenedig_19_13.jpg\" data-rel=\"lightbox\" class=\"lightboxhover\"><img loading=\"lazy\" decoding=\"async\" src=\"https:\/\/www.2muve.de\/wp-content\/uploads\/2016\/09\/MuenchenVenedig_19_13.jpg\" width=\"1000\" height=\"275\" alt=\"Hinter uns ein traumhaftes Panorama\" srcset=\"https:\/\/www.2muve.de\/wp-content\/uploads\/2016\/09\/MuenchenVenedig_19_13.jpg 1000w, https:\/\/www.2muve.de\/wp-content\/uploads\/2016\/09\/MuenchenVenedig_19_13-300x83.jpg 300w, https:\/\/www.2muve.de\/wp-content\/uploads\/2016\/09\/MuenchenVenedig_19_13-768x211.jpg 768w\" sizes=\"auto, (max-width: 1000px) 100vw, 1000px\" class=\"light-dropshaddow\"\/><\/a><\/div><\/div><\/div>\n<p>Nachdem wir die B\u00e4ume hinter uns gelassen hatten, wurde das Panorama wundersch\u00f6n. Blick nach vorn und nach hinten und immer wieder blieben wir kurz stehen und machten ein paar Bilder. Es war traumhaft! Wir konnten es nicht fassen, dass wir uns wieder nicht satt sehen konnten. <\/p>\n<div id=\"kad-wp-gallery84\" class=\"kad-wp-gallery kad-light-wp-gallery clearfix kt-gallery-column-3 rowtight\"><div class=\"tcol-lg-4 tcol-md-4 tcol-sm-4 tcol-xs-6 tcol-ss-12 g_item\"><div class=\"grid_item kad_gallery_fade_in gallery_item\"><a href=\"https:\/\/www.2muve.de\/wp-content\/uploads\/2016\/09\/MuenchenVenedig_19_14.jpg\" data-rel=\"lightbox\" class=\"lightboxhover\"><img loading=\"lazy\" decoding=\"async\" src=\"https:\/\/www.2muve.de\/wp-content\/uploads\/2016\/09\/MuenchenVenedig_19_14-400x400.jpg\" width=\"400\" height=\"400\" alt=\"Die markanten Zacken der Dolomiten\" srcset=\"https:\/\/www.2muve.de\/wp-content\/uploads\/2016\/09\/MuenchenVenedig_19_14-400x400.jpg 400w, https:\/\/www.2muve.de\/wp-content\/uploads\/2016\/09\/MuenchenVenedig_19_14-150x150.jpg 150w\" sizes=\"auto, (max-width: 400px) 100vw, 400px\" class=\"light-dropshaddow\"\/><\/a><\/div><\/div><div class=\"tcol-lg-4 tcol-md-4 tcol-sm-4 tcol-xs-6 tcol-ss-12 g_item\"><div class=\"grid_item kad_gallery_fade_in gallery_item\"><a href=\"https:\/\/www.2muve.de\/wp-content\/uploads\/2016\/09\/MuenchenVenedig_19_15.jpg\" data-rel=\"lightbox\" class=\"lightboxhover\"><img loading=\"lazy\" decoding=\"async\" src=\"https:\/\/www.2muve.de\/wp-content\/uploads\/2016\/09\/MuenchenVenedig_19_15-400x400.jpg\" width=\"400\" height=\"400\" alt=\"Weg entlang einiger Zacken\" srcset=\"https:\/\/www.2muve.de\/wp-content\/uploads\/2016\/09\/MuenchenVenedig_19_15-400x400.jpg 400w, https:\/\/www.2muve.de\/wp-content\/uploads\/2016\/09\/MuenchenVenedig_19_15-150x150.jpg 150w, https:\/\/www.2muve.de\/wp-content\/uploads\/2016\/09\/MuenchenVenedig_19_15-300x300.jpg 300w\" sizes=\"auto, (max-width: 400px) 100vw, 400px\" class=\"light-dropshaddow\"\/><\/a><\/div><\/div><div class=\"tcol-lg-4 tcol-md-4 tcol-sm-4 tcol-xs-6 tcol-ss-12 g_item\"><div class=\"grid_item kad_gallery_fade_in gallery_item\"><a href=\"https:\/\/www.2muve.de\/wp-content\/uploads\/2016\/09\/MuenchenVenedig_19_16.jpg\" data-rel=\"lightbox\" class=\"lightboxhover\"><img loading=\"lazy\" decoding=\"async\" src=\"https:\/\/www.2muve.de\/wp-content\/uploads\/2016\/09\/MuenchenVenedig_19_16-400x400.jpg\" width=\"400\" height=\"400\" alt=\"\u00dcber Pfade und Ger\u00f6ll\" srcset=\"https:\/\/www.2muve.de\/wp-content\/uploads\/2016\/09\/MuenchenVenedig_19_16-400x400.jpg 400w, https:\/\/www.2muve.de\/wp-content\/uploads\/2016\/09\/MuenchenVenedig_19_16-150x150.jpg 150w\" sizes=\"auto, (max-width: 400px) 100vw, 400px\" class=\"light-dropshaddow\"\/><\/a><\/div><\/div><\/div>\n<p>Neben uns waren die Moiazza-W\u00e4nde und um uns rum zu jeder Seite beeindruckende Felsw\u00e4nde. Ziel war das Forcella del Camp. Bis dahin war aber noch ein bisschen Weg zur\u00fcckzulegen. Auch wenn die Ausblicke berauschend waren, waren wir relativ flott unterwegs. So dass wir schon bald an eine Kreuzung mit dem letzten Aufstieg kamen.<\/p>\n<div id=\"kad-wp-gallery100\" class=\"kad-wp-gallery kad-light-wp-gallery clearfix kt-gallery-column-3 rowtight\"><div class=\"tcol-lg-4 tcol-md-4 tcol-sm-4 tcol-xs-6 tcol-ss-12 g_item\"><div class=\"grid_item kad_gallery_fade_in gallery_item\"><a href=\"https:\/\/www.2muve.de\/wp-content\/uploads\/2016\/09\/MuenchenVenedig_19_17.jpg\" data-rel=\"lightbox\" class=\"lightboxhover\"><img loading=\"lazy\" decoding=\"async\" src=\"https:\/\/www.2muve.de\/wp-content\/uploads\/2016\/09\/MuenchenVenedig_19_17-400x400.jpg\" width=\"400\" height=\"400\" alt=\"Immer wieder traumhafte Ausblicke\" srcset=\"https:\/\/www.2muve.de\/wp-content\/uploads\/2016\/09\/MuenchenVenedig_19_17-400x400.jpg 400w, https:\/\/www.2muve.de\/wp-content\/uploads\/2016\/09\/MuenchenVenedig_19_17-150x150.jpg 150w\" sizes=\"auto, (max-width: 400px) 100vw, 400px\" class=\"light-dropshaddow\"\/><\/a><\/div><\/div><div class=\"tcol-lg-4 tcol-md-4 tcol-sm-4 tcol-xs-6 tcol-ss-12 g_item\"><div class=\"grid_item kad_gallery_fade_in gallery_item\"><a href=\"https:\/\/www.2muve.de\/wp-content\/uploads\/2016\/09\/MuenchenVenedig_19_18.jpg\" data-rel=\"lightbox\" class=\"lightboxhover\"><img loading=\"lazy\" decoding=\"async\" src=\"https:\/\/www.2muve.de\/wp-content\/uploads\/2016\/09\/MuenchenVenedig_19_18-400x400.jpg\" width=\"400\" height=\"400\" alt=\"Da muss man auch mal zur\u00fcckschauen\" srcset=\"https:\/\/www.2muve.de\/wp-content\/uploads\/2016\/09\/MuenchenVenedig_19_18-400x400.jpg 400w, https:\/\/www.2muve.de\/wp-content\/uploads\/2016\/09\/MuenchenVenedig_19_18-150x150.jpg 150w, https:\/\/www.2muve.de\/wp-content\/uploads\/2016\/09\/MuenchenVenedig_19_18-300x300.jpg 300w\" sizes=\"auto, (max-width: 400px) 100vw, 400px\" class=\"light-dropshaddow\"\/><\/a><\/div><\/div><div class=\"tcol-lg-4 tcol-md-4 tcol-sm-4 tcol-xs-6 tcol-ss-12 g_item\"><div class=\"grid_item kad_gallery_fade_in gallery_item\"><a href=\"https:\/\/www.2muve.de\/wp-content\/uploads\/2016\/09\/MuenchenVenedig_19_19.jpg\" data-rel=\"lightbox\" class=\"lightboxhover\"><img loading=\"lazy\" decoding=\"async\" src=\"https:\/\/www.2muve.de\/wp-content\/uploads\/2016\/09\/MuenchenVenedig_19_19-400x400.jpg\" width=\"400\" height=\"400\" alt=\"Zum Rifugio Bruto Carestiato wird&#039;s wieder gr\u00fcner\" srcset=\"https:\/\/www.2muve.de\/wp-content\/uploads\/2016\/09\/MuenchenVenedig_19_19-400x400.jpg 400w, https:\/\/www.2muve.de\/wp-content\/uploads\/2016\/09\/MuenchenVenedig_19_19-150x150.jpg 150w\" sizes=\"auto, (max-width: 400px) 100vw, 400px\" class=\"light-dropshaddow\"\/><\/a><\/div><\/div><\/div>\n<p>Wir beratschlagten kurz, welchen Weg wir wohl nehmen mussten und hatten uns aber schnell f\u00fcr den richtigen entschieden. Und damit meisterten wir die letzten H\u00f6henmeter bis zum Forcella del Camp. Von dort liefen wir noch ein kurzes St\u00fcck bergab zu einem Marterl und machten nochmal eine kleine Pause. Nun war es nicht mehr weit zum Rifugio Bruto Carestiato. \u00dcber Ger\u00f6ll und schmale Pfade f\u00fchrte der Weg weiter.<\/p>\n<div id=\"kad-wp-gallery26\" class=\"kad-wp-gallery kad-light-wp-gallery clearfix kt-gallery-column-3 rowtight\"><div class=\"tcol-lg-4 tcol-md-4 tcol-sm-4 tcol-xs-6 tcol-ss-12 g_item\"><div class=\"grid_item kad_gallery_fade_in gallery_item\"><a href=\"https:\/\/www.2muve.de\/wp-content\/uploads\/2016\/09\/MuenchenVenedig_19_20.jpg\" data-rel=\"lightbox\" class=\"lightboxhover\"><img loading=\"lazy\" decoding=\"async\" src=\"https:\/\/www.2muve.de\/wp-content\/uploads\/2016\/09\/MuenchenVenedig_19_20-400x400.jpg\" width=\"400\" height=\"400\" alt=\"Zum Rifugio Bruto Carestiato wird&#039;s wieder gr\u00fcner\" srcset=\"https:\/\/www.2muve.de\/wp-content\/uploads\/2016\/09\/MuenchenVenedig_19_20-400x400.jpg 400w, https:\/\/www.2muve.de\/wp-content\/uploads\/2016\/09\/MuenchenVenedig_19_20-150x150.jpg 150w\" sizes=\"auto, (max-width: 400px) 100vw, 400px\" class=\"light-dropshaddow\"\/><\/a><\/div><\/div><div class=\"tcol-lg-4 tcol-md-4 tcol-sm-4 tcol-xs-6 tcol-ss-12 g_item\"><div class=\"grid_item kad_gallery_fade_in gallery_item\"><a href=\"https:\/\/www.2muve.de\/wp-content\/uploads\/2016\/09\/MuenchenVenedig_19_21.jpg\" data-rel=\"lightbox\" class=\"lightboxhover\"><img loading=\"lazy\" decoding=\"async\" src=\"https:\/\/www.2muve.de\/wp-content\/uploads\/2016\/09\/MuenchenVenedig_19_21-400x400.jpg\" width=\"400\" height=\"400\" alt=\"Rifugio Bruto Carestiato\" srcset=\"https:\/\/www.2muve.de\/wp-content\/uploads\/2016\/09\/MuenchenVenedig_19_21-400x400.jpg 400w, https:\/\/www.2muve.de\/wp-content\/uploads\/2016\/09\/MuenchenVenedig_19_21-150x150.jpg 150w\" sizes=\"auto, (max-width: 400px) 100vw, 400px\" class=\"light-dropshaddow\"\/><\/a><\/div><\/div><div class=\"tcol-lg-4 tcol-md-4 tcol-sm-4 tcol-xs-6 tcol-ss-12 g_item\"><div class=\"grid_item kad_gallery_fade_in gallery_item\"><a href=\"https:\/\/www.2muve.de\/wp-content\/uploads\/2016\/09\/MuenchenVenedig_19_22.jpg\" data-rel=\"lightbox\" class=\"lightboxhover\"><img loading=\"lazy\" decoding=\"async\" src=\"https:\/\/www.2muve.de\/wp-content\/uploads\/2016\/09\/MuenchenVenedig_19_22-400x400.jpg\" width=\"400\" height=\"400\" alt=\"Passo Duran - unser Etappenziel\" srcset=\"https:\/\/www.2muve.de\/wp-content\/uploads\/2016\/09\/MuenchenVenedig_19_22-400x400.jpg 400w, https:\/\/www.2muve.de\/wp-content\/uploads\/2016\/09\/MuenchenVenedig_19_22-150x150.jpg 150w\" sizes=\"auto, (max-width: 400px) 100vw, 400px\" class=\"light-dropshaddow\"\/><\/a><\/div><\/div><\/div>\n<p>Auch auf diesem Teil des Weges waren wir flott unterwegs und so tauchte das Rifugio schon bald auf. Und damit hatten wir das Etappenende laut Rother schon erreicht. F\u00fcr uns war es aber nur ein Pausenplatz mit einem verdienten Spezi (in Italien bestellt man einfach Cola und Fanta und mischt selber \ud83d\ude09 ). Als wir dort sa\u00dfen kam auch die Bergziege vorbei und gesellte sich kurz zu uns, bevor sie weiterzog.<\/p>\n<p>Nachdem wir wieder gest\u00e4rkt waren ging es auf zum letzten St\u00fcck zum Rifugio San Sebastiano. Der Weg war unspektakul\u00e4r und wir waren schnell abgestiegen und erreichten so den Passo Duran. Wir wurden von Beniamino herzlich begr\u00fc\u00dft und auf unser Lager gef\u00fchrt und genossen den Nachmittag dann noch in den Liegest\u00fchlen auf der Terrasse. Am Abend gab&#8217;s dann lecker Pasta und wir sa\u00dfen gemeinsam mit einem Dolomitenh\u00f6henwegwanderer und einer weiteren muvelerin am Tisch, die wir bisher noch nicht getroffen hatten. So hatten wir einen sch\u00f6nen gespr\u00e4chigen Abend, bis es wieder gl\u00fccklich ins Bett ging.<\/p>\n<p><strong>Erkenntnis des Tages:<\/strong><br \/>\nDie Etappen im Rother sind nur ein Vorschlag &#8211; jeder wandert sein eigenes M\u00fcnchen-Venedig.<\/p>\n<p><strong>Fazit:<\/strong><br \/>\nDie zusammengelegte Etappe war sehr sch\u00f6n. Wir hatten zahlreiche sch\u00f6ne Ausblicke, waren gef\u00fchlt aber etwas zu schnell unterwegs. Es war wieder ein Tag, an dem wir so viel gesehen haben, dass es auch drei Tage h\u00e4tten sein k\u00f6nnen.<\/p>\n<p>Liebe Gr\u00fc\u00dfe,<br \/>\nEarly Bird \ud83d\ude42<\/p>\n[sgpx gpx=&#8220;\/wp-content\/uploads\/gpx\/muve_tag19.gpx&#8220;] <\/p>\n","protected":false},"excerpt":{"rendered":"<p>Zusammenfassung: Auf dieser Etappe haben wir das restliche St\u00fcck zum Rifugio Tissi, die komplette folgende Etappe laut Rother und noch das St\u00fcck zum Passo Duran zusammengelegt. Der Start mit dem Lago di Coldai und dem atemberaubenden Panorama im Sonnenaufgang und &hellip; <a href=\"https:\/\/www.2muve.de\/index.php\/muve-etappe-19-rifugio-coldai-passo-duran\/\">Weiter<\/a><\/p>\n","protected":false},"author":1,"featured_media":8545,"comment_status":"open","ping_status":"closed","sticky":false,"template":"","format":"standard","meta":{"kt_blocks_editor_width":"","footnotes":""},"categories":[52,23],"tags":[129,199,235,229,125,227,233,222,228,230,232,231,68],"class_list":["post-8536","post","type-post","status-publish","format-standard","has-post-thumbnail","hentry","category-muvefar","category-muveup","tag-alpenueberquerung","tag-dolomiten","tag-forcella-del-camp","tag-lago-coldai","tag-muenchen-venedig","tag-passo-duran","tag-rifugio-bruto-carestiato","tag-rifugio-coldai","tag-rifugio-san-sebastiano","tag-rifugio-tissi","tag-rifugio-vazzoler","tag-sella-di-pelsa","tag-traumpfad"],"_links":{"self":[{"href":"https:\/\/www.2muve.de\/index.php\/wp-json\/wp\/v2\/posts\/8536","targetHints":{"allow":["GET"]}}],"collection":[{"href":"https:\/\/www.2muve.de\/index.php\/wp-json\/wp\/v2\/posts"}],"about":[{"href":"https:\/\/www.2muve.de\/index.php\/wp-json\/wp\/v2\/types\/post"}],"author":[{"embeddable":true,"href":"https:\/\/www.2muve.de\/index.php\/wp-json\/wp\/v2\/users\/1"}],"replies":[{"embeddable":true,"href":"https:\/\/www.2muve.de\/index.php\/wp-json\/wp\/v2\/comments?post=8536"}],"version-history":[{"count":8,"href":"https:\/\/www.2muve.de\/index.php\/wp-json\/wp\/v2\/posts\/8536\/revisions"}],"predecessor-version":[{"id":8586,"href":"https:\/\/www.2muve.de\/index.php\/wp-json\/wp\/v2\/posts\/8536\/revisions\/8586"}],"wp:featuredmedia":[{"embeddable":true,"href":"https:\/\/www.2muve.de\/index.php\/wp-json\/wp\/v2\/media\/8545"}],"wp:attachment":[{"href":"https:\/\/www.2muve.de\/index.php\/wp-json\/wp\/v2\/media?parent=8536"}],"wp:term":[{"taxonomy":"category","embeddable":true,"href":"https:\/\/www.2muve.de\/index.php\/wp-json\/wp\/v2\/categories?post=8536"},{"taxonomy":"post_tag","embeddable":true,"href":"https:\/\/www.2muve.de\/index.php\/wp-json\/wp\/v2\/tags?post=8536"}],"curies":[{"name":"wp","href":"https:\/\/api.w.org\/{rel}","templated":true}]}}