{"id":8700,"date":"2016-10-10T21:07:40","date_gmt":"2016-10-10T20:07:40","guid":{"rendered":"http:\/\/www.2muve.de\/?p=8700"},"modified":"2016-10-10T21:07:40","modified_gmt":"2016-10-10T20:07:40","slug":"muve-etappe-23-rifugio-col-visentin-arfanta","status":"publish","type":"post","link":"https:\/\/www.2muve.de\/index.php\/muve-etappe-23-rifugio-col-visentin-arfanta\/","title":{"rendered":"muve Etappe 23: Rifugio Col Visentin &#8211; Arfanta"},"content":{"rendered":"<div class=\"blockquote blockquote-full postclass clearfix\">\n<ul id=\"track_ov\">\n<li id=\"time\">7:15h<\/li>\n<li id=\"public\">Bus nach Revine und Tarzo<\/li>\n<li id=\"distance\">24 km<\/li>\n<li id=\"equipment\">Gute Schuhe, Gep\u00e4ck f\u00fcr vier Wochen<\/li>\n<\/ul>\n<\/div><div class=\"clearfix\"><\/div>\n<p><strong>Zusammenfassung:<\/strong><br \/>\nAuf dieser Etappe verabschiedeten wir uns endg\u00fcltig von den Bergen. Nach einem sch\u00f6nen Abstieg bis zum Rifugio Pian de Femene war der Weg bis Revine etwas l\u00e4nglich &#8211; auch weil ein Teil davon die Stra\u00dfe entlang ging. Und in Revine waren wir dann in Italien angekommen und wanderten bei gr\u00f6\u00dfter Hitze weiter bis Arfanta.<\/p>\n<p><strong>Details:<\/strong><br \/>\nEin letztes Mal aus dem H\u00fcttenschlafsack kriechen, ein letztes Mal den Tag auf dem Berg begr\u00fc\u00dfen, ein letztes Mal absteigen. Wir hatten erstaunlich gut geschlafen in unserem letzten Lager. Ich war schon fr\u00fch wach und packte meine Sachen und ging in den Waschraum. Dort sortierte ich alles und packte richtig zusammen und machte mich fertig. Ich plauderte mit einer anderen muvelerin und dann kam auch Night Owl. Wir spazierten ein bisschen vor der H\u00fctte rum und gingen dann zum Fr\u00fchst\u00fcck. So gest\u00e4rkt konnte es losgehen. <\/p>\n<div id=\"kad-wp-gallery40\" class=\"kad-wp-gallery kad-light-wp-gallery clearfix kt-gallery-column-4 rowtight\"><div class=\"tcol-lg-3 tcol-md-3 tcol-sm-4 tcol-xs-6 tcol-ss-12 g_item\"><div class=\"grid_item kad_gallery_fade_in gallery_item\"><a href=\"https:\/\/www.2muve.de\/wp-content\/uploads\/2016\/10\/MuenchenVenedig_23_1.jpg\" data-rel=\"lightbox\" class=\"lightboxhover\"><img loading=\"lazy\" decoding=\"async\" src=\"https:\/\/www.2muve.de\/wp-content\/uploads\/2016\/10\/MuenchenVenedig_23_1-300x300.jpg\" width=\"300\" height=\"300\" alt=\"Los geht&#039;s bergab\" srcset=\"https:\/\/www.2muve.de\/wp-content\/uploads\/2016\/10\/MuenchenVenedig_23_1-300x300.jpg 300w, https:\/\/www.2muve.de\/wp-content\/uploads\/2016\/10\/MuenchenVenedig_23_1-150x150.jpg 150w\" sizes=\"auto, (max-width: 300px) 100vw, 300px\" class=\"light-dropshaddow\"\/><\/a><\/div><\/div><div class=\"tcol-lg-3 tcol-md-3 tcol-sm-4 tcol-xs-6 tcol-ss-12 g_item\"><div class=\"grid_item kad_gallery_fade_in gallery_item\"><a href=\"https:\/\/www.2muve.de\/wp-content\/uploads\/2016\/10\/MuenchenVenedig_23_2.jpg\" data-rel=\"lightbox\" class=\"lightboxhover\"><img loading=\"lazy\" decoding=\"async\" src=\"https:\/\/www.2muve.de\/wp-content\/uploads\/2016\/10\/MuenchenVenedig_23_2-300x300.jpg\" width=\"300\" height=\"300\" alt=\"Blick zur\u00fcck zum Rifugio Col Visentin\" srcset=\"https:\/\/www.2muve.de\/wp-content\/uploads\/2016\/10\/MuenchenVenedig_23_2-300x300.jpg 300w, https:\/\/www.2muve.de\/wp-content\/uploads\/2016\/10\/MuenchenVenedig_23_2-150x150.jpg 150w, https:\/\/www.2muve.de\/wp-content\/uploads\/2016\/10\/MuenchenVenedig_23_2-400x400.jpg 400w\" sizes=\"auto, (max-width: 300px) 100vw, 300px\" class=\"light-dropshaddow\"\/><\/a><\/div><\/div><div class=\"tcol-lg-3 tcol-md-3 tcol-sm-4 tcol-xs-6 tcol-ss-12 g_item\"><div class=\"grid_item kad_gallery_fade_in gallery_item\"><a href=\"https:\/\/www.2muve.de\/wp-content\/uploads\/2016\/10\/MuenchenVenedig_23_3.jpg\" data-rel=\"lightbox\" class=\"lightboxhover\"><img loading=\"lazy\" decoding=\"async\" src=\"https:\/\/www.2muve.de\/wp-content\/uploads\/2016\/10\/MuenchenVenedig_23_3-300x300.jpg\" width=\"300\" height=\"300\" alt=\"Viele Wiesenh\u00fcgel\" srcset=\"https:\/\/www.2muve.de\/wp-content\/uploads\/2016\/10\/MuenchenVenedig_23_3-300x300.jpg 300w, https:\/\/www.2muve.de\/wp-content\/uploads\/2016\/10\/MuenchenVenedig_23_3-150x150.jpg 150w\" sizes=\"auto, (max-width: 300px) 100vw, 300px\" class=\"light-dropshaddow\"\/><\/a><\/div><\/div><div class=\"tcol-lg-3 tcol-md-3 tcol-sm-4 tcol-xs-6 tcol-ss-12 g_item\"><div class=\"grid_item kad_gallery_fade_in gallery_item\"><a href=\"https:\/\/www.2muve.de\/wp-content\/uploads\/2016\/10\/MuenchenVenedig_23_4.jpg\" data-rel=\"lightbox\" class=\"lightboxhover\"><img loading=\"lazy\" decoding=\"async\" src=\"https:\/\/www.2muve.de\/wp-content\/uploads\/2016\/10\/MuenchenVenedig_23_4-300x300.jpg\" width=\"300\" height=\"300\" alt=\"Leicht bergab die Wiese entlang\" srcset=\"https:\/\/www.2muve.de\/wp-content\/uploads\/2016\/10\/MuenchenVenedig_23_4-300x300.jpg 300w, https:\/\/www.2muve.de\/wp-content\/uploads\/2016\/10\/MuenchenVenedig_23_4-150x150.jpg 150w\" sizes=\"auto, (max-width: 300px) 100vw, 300px\" class=\"light-dropshaddow\"\/><\/a><\/div><\/div><\/div>\n<p>Es war bestes Wetter und wir spazierten den Fahrweg hinab. Der Weg f\u00fchrte \u00fcber Wiesenpfade und wider Erwarten mal auf und ab. Dabei hatten wir immer ein wundersch\u00f6nes Panorama ins Tal in Richtung Venedig und auch zur\u00fcck zu den Dolomiten. Wir liefen den muvelern vor uns nach und bogen so an den richtigen Stellen ab.<\/p>\n<div id=\"kad-wp-gallery65\" class=\"kad-wp-gallery kad-light-wp-gallery clearfix kt-gallery-column-4 rowtight\"><div class=\"tcol-lg-3 tcol-md-3 tcol-sm-4 tcol-xs-6 tcol-ss-12 g_item\"><div class=\"grid_item kad_gallery_fade_in gallery_item\"><a href=\"https:\/\/www.2muve.de\/wp-content\/uploads\/2016\/10\/MuenchenVenedig_23_5.jpg\" data-rel=\"lightbox\" class=\"lightboxhover\"><img loading=\"lazy\" decoding=\"async\" src=\"https:\/\/www.2muve.de\/wp-content\/uploads\/2016\/10\/MuenchenVenedig_23_5-300x300.jpg\" width=\"300\" height=\"300\" alt=\"Die letzten H\u00f6henmeter\" srcset=\"https:\/\/www.2muve.de\/wp-content\/uploads\/2016\/10\/MuenchenVenedig_23_5-300x300.jpg 300w, https:\/\/www.2muve.de\/wp-content\/uploads\/2016\/10\/MuenchenVenedig_23_5-150x150.jpg 150w, https:\/\/www.2muve.de\/wp-content\/uploads\/2016\/10\/MuenchenVenedig_23_5-400x400.jpg 400w\" sizes=\"auto, (max-width: 300px) 100vw, 300px\" class=\"light-dropshaddow\"\/><\/a><\/div><\/div><div class=\"tcol-lg-3 tcol-md-3 tcol-sm-4 tcol-xs-6 tcol-ss-12 g_item\"><div class=\"grid_item kad_gallery_fade_in gallery_item\"><a href=\"https:\/\/www.2muve.de\/wp-content\/uploads\/2016\/10\/MuenchenVenedig_23_6.jpg\" data-rel=\"lightbox\" class=\"lightboxhover\"><img loading=\"lazy\" decoding=\"async\" src=\"https:\/\/www.2muve.de\/wp-content\/uploads\/2016\/10\/MuenchenVenedig_23_6-300x300.jpg\" width=\"300\" height=\"300\" alt=\"Schattenspiele\" srcset=\"https:\/\/www.2muve.de\/wp-content\/uploads\/2016\/10\/MuenchenVenedig_23_6-300x300.jpg 300w, https:\/\/www.2muve.de\/wp-content\/uploads\/2016\/10\/MuenchenVenedig_23_6-150x150.jpg 150w, https:\/\/www.2muve.de\/wp-content\/uploads\/2016\/10\/MuenchenVenedig_23_6-400x400.jpg 400w\" sizes=\"auto, (max-width: 300px) 100vw, 300px\" class=\"light-dropshaddow\"\/><\/a><\/div><\/div><div class=\"tcol-lg-3 tcol-md-3 tcol-sm-4 tcol-xs-6 tcol-ss-12 g_item\"><div class=\"grid_item kad_gallery_fade_in gallery_item\"><a href=\"https:\/\/www.2muve.de\/wp-content\/uploads\/2016\/10\/MuenchenVenedig_23_7.jpg\" data-rel=\"lightbox\" class=\"lightboxhover\"><img loading=\"lazy\" decoding=\"async\" src=\"https:\/\/www.2muve.de\/wp-content\/uploads\/2016\/10\/MuenchenVenedig_23_7-300x300.jpg\" width=\"300\" height=\"300\" alt=\"Weiter und immer weiter\" srcset=\"https:\/\/www.2muve.de\/wp-content\/uploads\/2016\/10\/MuenchenVenedig_23_7-300x300.jpg 300w, https:\/\/www.2muve.de\/wp-content\/uploads\/2016\/10\/MuenchenVenedig_23_7-150x150.jpg 150w\" sizes=\"auto, (max-width: 300px) 100vw, 300px\" class=\"light-dropshaddow\"\/><\/a><\/div><\/div><div class=\"tcol-lg-3 tcol-md-3 tcol-sm-4 tcol-xs-6 tcol-ss-12 g_item\"><div class=\"grid_item kad_gallery_fade_in gallery_item\"><a href=\"https:\/\/www.2muve.de\/wp-content\/uploads\/2016\/10\/MuenchenVenedig_23_8.jpg\" data-rel=\"lightbox\" class=\"lightboxhover\"><img loading=\"lazy\" decoding=\"async\" src=\"https:\/\/www.2muve.de\/wp-content\/uploads\/2016\/10\/MuenchenVenedig_23_8-300x300.jpg\" width=\"300\" height=\"300\" alt=\"Ein H\u00fcgel nach dem anderen\" srcset=\"https:\/\/www.2muve.de\/wp-content\/uploads\/2016\/10\/MuenchenVenedig_23_8-300x300.jpg 300w, https:\/\/www.2muve.de\/wp-content\/uploads\/2016\/10\/MuenchenVenedig_23_8-150x150.jpg 150w\" sizes=\"auto, (max-width: 300px) 100vw, 300px\" class=\"light-dropshaddow\"\/><\/a><\/div><\/div><\/div>\n<p>Wir kamen zum Haus der Casere Cor und waren uns bei der Wegwahl manchmal unsicher. Nach Revine w\u00e4re es auch schon fr\u00fcher mal gegangen, in der Beschreibung war als n\u00e4chstes Ziel aber das Rifugio Pian de le Femene angegeben. Die gestrichelte Wegf\u00fchrung im Wanderf\u00fchrer, die diese H\u00fctte gar nicht mitnimmt, hatte ich erst lang nach unserer Wanderung entdeckt.<\/p>\n<div id=\"kad-wp-gallery13\" class=\"kad-wp-gallery kad-light-wp-gallery clearfix kt-gallery-column-3 rowtight\"><div class=\"tcol-lg-4 tcol-md-4 tcol-sm-4 tcol-xs-6 tcol-ss-12 g_item\"><div class=\"grid_item kad_gallery_fade_in gallery_item\"><a href=\"https:\/\/www.2muve.de\/wp-content\/uploads\/2016\/10\/MuenchenVenedig_23_9.jpg\" data-rel=\"lightbox\" class=\"lightboxhover\"><img loading=\"lazy\" decoding=\"async\" src=\"https:\/\/www.2muve.de\/wp-content\/uploads\/2016\/10\/MuenchenVenedig_23_9-400x400.jpg\" width=\"400\" height=\"400\" alt=\"Wir wandern stetig weiter\" srcset=\"https:\/\/www.2muve.de\/wp-content\/uploads\/2016\/10\/MuenchenVenedig_23_9-400x400.jpg 400w, https:\/\/www.2muve.de\/wp-content\/uploads\/2016\/10\/MuenchenVenedig_23_9-150x150.jpg 150w\" sizes=\"auto, (max-width: 400px) 100vw, 400px\" class=\"light-dropshaddow\"\/><\/a><\/div><\/div><div class=\"tcol-lg-4 tcol-md-4 tcol-sm-4 tcol-xs-6 tcol-ss-12 g_item\"><div class=\"grid_item kad_gallery_fade_in gallery_item\"><a href=\"https:\/\/www.2muve.de\/wp-content\/uploads\/2016\/10\/MuenchenVenedig_23_10.jpg\" data-rel=\"lightbox\" class=\"lightboxhover\"><img loading=\"lazy\" decoding=\"async\" src=\"https:\/\/www.2muve.de\/wp-content\/uploads\/2016\/10\/MuenchenVenedig_23_10-400x400.jpg\" width=\"400\" height=\"400\" alt=\"Ein sdf Blick zu den Dolomiten\" srcset=\"https:\/\/www.2muve.de\/wp-content\/uploads\/2016\/10\/MuenchenVenedig_23_10-400x400.jpg 400w, https:\/\/www.2muve.de\/wp-content\/uploads\/2016\/10\/MuenchenVenedig_23_10-150x150.jpg 150w\" sizes=\"auto, (max-width: 400px) 100vw, 400px\" class=\"light-dropshaddow\"\/><\/a><\/div><\/div><div class=\"tcol-lg-4 tcol-md-4 tcol-sm-4 tcol-xs-6 tcol-ss-12 g_item\"><div class=\"grid_item kad_gallery_fade_in gallery_item\"><a href=\"https:\/\/www.2muve.de\/wp-content\/uploads\/2016\/10\/MuenchenVenedig_23_11.jpg\" data-rel=\"lightbox\" class=\"lightboxhover\"><img loading=\"lazy\" decoding=\"async\" src=\"https:\/\/www.2muve.de\/wp-content\/uploads\/2016\/10\/MuenchenVenedig_23_11-400x400.jpg\" width=\"400\" height=\"400\" alt=\"Und ein Blick ins Tal\" srcset=\"https:\/\/www.2muve.de\/wp-content\/uploads\/2016\/10\/MuenchenVenedig_23_11-400x400.jpg 400w, https:\/\/www.2muve.de\/wp-content\/uploads\/2016\/10\/MuenchenVenedig_23_11-150x150.jpg 150w\" sizes=\"auto, (max-width: 400px) 100vw, 400px\" class=\"light-dropshaddow\"\/><\/a><\/div><\/div><\/div>\n<p>Daher wanderten wir auf dem geplanten Weg weiter bis zum Rifugio Pian de le Femene. Bis dahin kamen wir immer mal wieder an H\u00fctten vorbei, an einem Weiher und waren auf sch\u00f6nen Wiesenpfaden unterwegs.<\/p>\n<div id=\"kad-wp-gallery13\" class=\"kad-wp-gallery kad-light-wp-gallery clearfix kt-gallery-column-3 rowtight\"><div class=\"tcol-lg-4 tcol-md-4 tcol-sm-4 tcol-xs-6 tcol-ss-12 g_item\"><div class=\"grid_item kad_gallery_fade_in gallery_item\"><a href=\"https:\/\/www.2muve.de\/wp-content\/uploads\/2016\/10\/MuenchenVenedig_23_12.jpg\" data-rel=\"lightbox\" class=\"lightboxhover\"><img loading=\"lazy\" decoding=\"async\" src=\"https:\/\/www.2muve.de\/wp-content\/uploads\/2016\/10\/MuenchenVenedig_23_12-400x400.jpg\" width=\"400\" height=\"400\" alt=\"Abstieg \u00fcber die Stra\u00dfe\" srcset=\"https:\/\/www.2muve.de\/wp-content\/uploads\/2016\/10\/MuenchenVenedig_23_12-400x400.jpg 400w, https:\/\/www.2muve.de\/wp-content\/uploads\/2016\/10\/MuenchenVenedig_23_12-150x150.jpg 150w\" sizes=\"auto, (max-width: 400px) 100vw, 400px\" class=\"light-dropshaddow\"\/><\/a><\/div><\/div><div class=\"tcol-lg-4 tcol-md-4 tcol-sm-4 tcol-xs-6 tcol-ss-12 g_item\"><div class=\"grid_item kad_gallery_fade_in gallery_item\"><a href=\"https:\/\/www.2muve.de\/wp-content\/uploads\/2016\/10\/MuenchenVenedig_23_13.jpg\" data-rel=\"lightbox\" class=\"lightboxhover\"><img loading=\"lazy\" decoding=\"async\" src=\"https:\/\/www.2muve.de\/wp-content\/uploads\/2016\/10\/MuenchenVenedig_23_13-400x400.jpg\" width=\"400\" height=\"400\" alt=\"Dann zum Gl\u00fcck wieder auf Pfaden\" srcset=\"https:\/\/www.2muve.de\/wp-content\/uploads\/2016\/10\/MuenchenVenedig_23_13-400x400.jpg 400w, https:\/\/www.2muve.de\/wp-content\/uploads\/2016\/10\/MuenchenVenedig_23_13-150x150.jpg 150w\" sizes=\"auto, (max-width: 400px) 100vw, 400px\" class=\"light-dropshaddow\"\/><\/a><\/div><\/div><div class=\"tcol-lg-4 tcol-md-4 tcol-sm-4 tcol-xs-6 tcol-ss-12 g_item\"><div class=\"grid_item kad_gallery_fade_in gallery_item\"><a href=\"https:\/\/www.2muve.de\/wp-content\/uploads\/2016\/10\/MuenchenVenedig_23_14.jpg\" data-rel=\"lightbox\" class=\"lightboxhover\"><img loading=\"lazy\" decoding=\"async\" src=\"https:\/\/www.2muve.de\/wp-content\/uploads\/2016\/10\/MuenchenVenedig_23_14-400x400.jpg\" width=\"400\" height=\"400\" alt=\"Zum sch\u00f6nen Revine\" srcset=\"https:\/\/www.2muve.de\/wp-content\/uploads\/2016\/10\/MuenchenVenedig_23_14-400x400.jpg 400w, https:\/\/www.2muve.de\/wp-content\/uploads\/2016\/10\/MuenchenVenedig_23_14-150x150.jpg 150w\" sizes=\"auto, (max-width: 400px) 100vw, 400px\" class=\"light-dropshaddow\"\/><\/a><\/div><\/div><\/div>\n<p>Als wir das Rifugio dann erreicht hatten, waren wir in der Zivilisation angekommen. Das war scheinbar ein beliebter Treffpunkt f\u00fcr Biker, hier war einiges los. Wir machten kurz Pause und liefen dann ein ganze St\u00fcck die Stra\u00dfe entlang. Irgendwann entdeckten wir dann den Wanderweg 1033 und waren so weg von der Stra\u00dfe. Allerdings wurden wir hier einmal in die Irre gef\u00fchrt und liefen in die falsche Richtung. Wieder zur\u00fcck h\u00e4tte ich schon fast das Schild umgedreht, wir hatten aber dann doch eins in die richtige Richtung gefunden. So wanderten wir \u00fcber viele Kehren nach Revine.<\/p>\n<div id=\"kad-wp-gallery45\" class=\"kad-wp-gallery kad-light-wp-gallery clearfix kt-gallery-column-3 rowtight\"><div class=\"tcol-lg-4 tcol-md-4 tcol-sm-4 tcol-xs-6 tcol-ss-12 g_item\"><div class=\"grid_item kad_gallery_fade_in gallery_item\"><a href=\"https:\/\/www.2muve.de\/wp-content\/uploads\/2016\/10\/MuenchenVenedig_23_15.jpg\" data-rel=\"lightbox\" class=\"lightboxhover\"><img loading=\"lazy\" decoding=\"async\" src=\"https:\/\/www.2muve.de\/wp-content\/uploads\/2016\/10\/MuenchenVenedig_23_15-400x400.jpg\" width=\"400\" height=\"400\" alt=\"Unser Weg f\u00fchrt durch Revine\" srcset=\"https:\/\/www.2muve.de\/wp-content\/uploads\/2016\/10\/MuenchenVenedig_23_15-400x400.jpg 400w, https:\/\/www.2muve.de\/wp-content\/uploads\/2016\/10\/MuenchenVenedig_23_15-150x150.jpg 150w\" sizes=\"auto, (max-width: 400px) 100vw, 400px\" class=\"light-dropshaddow\"\/><\/a><\/div><\/div><div class=\"tcol-lg-4 tcol-md-4 tcol-sm-4 tcol-xs-6 tcol-ss-12 g_item\"><div class=\"grid_item kad_gallery_fade_in gallery_item\"><a href=\"https:\/\/www.2muve.de\/wp-content\/uploads\/2016\/10\/MuenchenVenedig_23_16.jpg\" data-rel=\"lightbox\" class=\"lightboxhover\"><img loading=\"lazy\" decoding=\"async\" src=\"https:\/\/www.2muve.de\/wp-content\/uploads\/2016\/10\/MuenchenVenedig_23_16-400x400.jpg\" width=\"400\" height=\"400\" alt=\"Wir wandern vorbei an Weinfeldern\" srcset=\"https:\/\/www.2muve.de\/wp-content\/uploads\/2016\/10\/MuenchenVenedig_23_16-400x400.jpg 400w, https:\/\/www.2muve.de\/wp-content\/uploads\/2016\/10\/MuenchenVenedig_23_16-150x150.jpg 150w\" sizes=\"auto, (max-width: 400px) 100vw, 400px\" class=\"light-dropshaddow\"\/><\/a><\/div><\/div><div class=\"tcol-lg-4 tcol-md-4 tcol-sm-4 tcol-xs-6 tcol-ss-12 g_item\"><div class=\"grid_item kad_gallery_fade_in gallery_item\"><a href=\"https:\/\/www.2muve.de\/wp-content\/uploads\/2016\/10\/MuenchenVenedig_23_17.jpg\" data-rel=\"lightbox\" class=\"lightboxhover\"><img loading=\"lazy\" decoding=\"async\" src=\"https:\/\/www.2muve.de\/wp-content\/uploads\/2016\/10\/MuenchenVenedig_23_17-400x400.jpg\" width=\"400\" height=\"400\" alt=\"Und die Stra\u00dfe entlang\" srcset=\"https:\/\/www.2muve.de\/wp-content\/uploads\/2016\/10\/MuenchenVenedig_23_17-400x400.jpg 400w, https:\/\/www.2muve.de\/wp-content\/uploads\/2016\/10\/MuenchenVenedig_23_17-150x150.jpg 150w\" sizes=\"auto, (max-width: 400px) 100vw, 400px\" class=\"light-dropshaddow\"\/><\/a><\/div><\/div><\/div>\n<p>Mit Revine waren wir in einem sch\u00f6nen italienischen Dorf angekommen. Dort wollten wir Pause machen, allerdings fanden wir nirgends einen schattigen Platz. Im Tal war es sehr hei\u00df und in der Sonne wollten wir nicht sitzen. Daher liefen wir weiter in Richtung Lago di Maria. Dort fanden wir ein schattiges Pl\u00e4tzchen im Gras &#8211; allerdings wurden auch wir gefunden &#8211; von einem riesigen M\u00fcckenschwarm &#8211; und w\u00e4hrend unserer Pause ziemlich zerstochen.<\/p>\n<div id=\"kad-wp-gallery63\" class=\"kad-wp-gallery kad-light-wp-gallery clearfix kt-gallery-column-3 rowtight\"><div class=\"tcol-lg-4 tcol-md-4 tcol-sm-4 tcol-xs-6 tcol-ss-12 g_item\"><div class=\"grid_item kad_gallery_fade_in gallery_item\"><a href=\"https:\/\/www.2muve.de\/wp-content\/uploads\/2016\/10\/MuenchenVenedig_23_18.jpg\" data-rel=\"lightbox\" class=\"lightboxhover\"><img loading=\"lazy\" decoding=\"async\" src=\"https:\/\/www.2muve.de\/wp-content\/uploads\/2016\/10\/MuenchenVenedig_23_18-400x400.jpg\" width=\"400\" height=\"400\" alt=\"Und immer weiter die Stra\u00dfe entlang\" srcset=\"https:\/\/www.2muve.de\/wp-content\/uploads\/2016\/10\/MuenchenVenedig_23_18-400x400.jpg 400w, https:\/\/www.2muve.de\/wp-content\/uploads\/2016\/10\/MuenchenVenedig_23_18-150x150.jpg 150w\" sizes=\"auto, (max-width: 400px) 100vw, 400px\" class=\"light-dropshaddow\"\/><\/a><\/div><\/div><div class=\"tcol-lg-4 tcol-md-4 tcol-sm-4 tcol-xs-6 tcol-ss-12 g_item\"><div class=\"grid_item kad_gallery_fade_in gallery_item\"><a href=\"https:\/\/www.2muve.de\/wp-content\/uploads\/2016\/10\/MuenchenVenedig_23_19.jpg\" data-rel=\"lightbox\" class=\"lightboxhover\"><img loading=\"lazy\" decoding=\"async\" src=\"https:\/\/www.2muve.de\/wp-content\/uploads\/2016\/10\/MuenchenVenedig_23_19-400x400.jpg\" width=\"400\" height=\"400\" alt=\"Nicht mehr weit\" srcset=\"https:\/\/www.2muve.de\/wp-content\/uploads\/2016\/10\/MuenchenVenedig_23_19-400x400.jpg 400w, https:\/\/www.2muve.de\/wp-content\/uploads\/2016\/10\/MuenchenVenedig_23_19-150x150.jpg 150w\" sizes=\"auto, (max-width: 400px) 100vw, 400px\" class=\"light-dropshaddow\"\/><\/a><\/div><\/div><div class=\"tcol-lg-4 tcol-md-4 tcol-sm-4 tcol-xs-6 tcol-ss-12 g_item\"><div class=\"grid_item kad_gallery_fade_in gallery_item\"><a href=\"https:\/\/www.2muve.de\/wp-content\/uploads\/2016\/10\/MuenchenVenedig_23_20.jpg\" data-rel=\"lightbox\" class=\"lightboxhover\"><img loading=\"lazy\" decoding=\"async\" src=\"https:\/\/www.2muve.de\/wp-content\/uploads\/2016\/10\/MuenchenVenedig_23_20-400x400.jpg\" width=\"400\" height=\"400\" alt=\"Hallo Spiegelbild ;-)\" srcset=\"https:\/\/www.2muve.de\/wp-content\/uploads\/2016\/10\/MuenchenVenedig_23_20-400x400.jpg 400w, https:\/\/www.2muve.de\/wp-content\/uploads\/2016\/10\/MuenchenVenedig_23_20-150x150.jpg 150w\" sizes=\"auto, (max-width: 400px) 100vw, 400px\" class=\"light-dropshaddow\"\/><\/a><\/div><\/div><\/div>\n<p>Daher liefen wir dann bald wieder weiter. Nun ging es die Stra\u00dfe entlang parallel zum See in Richtung Tarzo. Durch die Hitze zog sich der Weg. Es war sch\u00f6n, im typischen Italien angekommen zu sein. Etwas k\u00fchler h\u00e4tte es trotzdem sein d\u00fcrfen \ud83d\ude09 . In Tarzo angekommen liefen wir weiter die Stra\u00dfe entlang in Richtung Arfanta.<\/p>\n<div id=\"kad-wp-gallery63\" class=\"kad-wp-gallery kad-light-wp-gallery clearfix kt-gallery-column-3 rowtight\"><div class=\"tcol-lg-4 tcol-md-4 tcol-sm-4 tcol-xs-6 tcol-ss-12 g_item\"><div class=\"grid_item kad_gallery_fade_in gallery_item\"><a href=\"https:\/\/www.2muve.de\/wp-content\/uploads\/2016\/10\/MuenchenVenedig_23_21.jpg\" data-rel=\"lightbox\" class=\"lightboxhover\"><img loading=\"lazy\" decoding=\"async\" src=\"https:\/\/www.2muve.de\/wp-content\/uploads\/2016\/10\/MuenchenVenedig_23_21-400x400.jpg\" width=\"400\" height=\"400\" alt=\"Und endlich in Arfanta\" srcset=\"https:\/\/www.2muve.de\/wp-content\/uploads\/2016\/10\/MuenchenVenedig_23_21-400x400.jpg 400w, https:\/\/www.2muve.de\/wp-content\/uploads\/2016\/10\/MuenchenVenedig_23_21-150x150.jpg 150w\" sizes=\"auto, (max-width: 400px) 100vw, 400px\" class=\"light-dropshaddow\"\/><\/a><\/div><\/div><div class=\"tcol-lg-4 tcol-md-4 tcol-sm-4 tcol-xs-6 tcol-ss-12 g_item\"><div class=\"grid_item kad_gallery_fade_in gallery_item\"><a href=\"https:\/\/www.2muve.de\/wp-content\/uploads\/2016\/10\/MuenchenVenedig_23_22.jpg\" data-rel=\"lightbox\" class=\"lightboxhover\"><img loading=\"lazy\" decoding=\"async\" src=\"https:\/\/www.2muve.de\/wp-content\/uploads\/2016\/10\/MuenchenVenedig_23_22-400x400.jpg\" width=\"400\" height=\"400\" alt=\"Gepr\u00e4gt von Wein und einem wundersch\u00f6nen Ausblick\" srcset=\"https:\/\/www.2muve.de\/wp-content\/uploads\/2016\/10\/MuenchenVenedig_23_22-400x400.jpg 400w, https:\/\/www.2muve.de\/wp-content\/uploads\/2016\/10\/MuenchenVenedig_23_22-150x150.jpg 150w, https:\/\/www.2muve.de\/wp-content\/uploads\/2016\/10\/MuenchenVenedig_23_22-365x365.jpg 365w\" sizes=\"auto, (max-width: 400px) 100vw, 400px\" class=\"light-dropshaddow\"\/><\/a><\/div><\/div><div class=\"tcol-lg-4 tcol-md-4 tcol-sm-4 tcol-xs-6 tcol-ss-12 g_item\"><div class=\"grid_item kad_gallery_fade_in gallery_item\"><a href=\"https:\/\/www.2muve.de\/wp-content\/uploads\/2016\/10\/MuenchenVenedig_23_23.jpg\" data-rel=\"lightbox\" class=\"lightboxhover\"><img loading=\"lazy\" decoding=\"async\" src=\"https:\/\/www.2muve.de\/wp-content\/uploads\/2016\/10\/MuenchenVenedig_23_23-400x400.jpg\" width=\"400\" height=\"400\" alt=\"Das liebliche Arfanta\" srcset=\"https:\/\/www.2muve.de\/wp-content\/uploads\/2016\/10\/MuenchenVenedig_23_23-400x400.jpg 400w, https:\/\/www.2muve.de\/wp-content\/uploads\/2016\/10\/MuenchenVenedig_23_23-150x150.jpg 150w\" sizes=\"auto, (max-width: 400px) 100vw, 400px\" class=\"light-dropshaddow\"\/><\/a><\/div><\/div><\/div>\n<p>Auch das zog sich und die zus\u00e4tzliche Stunde nach Arfanta war anstrengend, was vor allem daran lag, dass wir es einfach nicht gewohnt waren, bei so einer Hitze zu laufen. Irgendwann kam aber dann das Ortsschild von Arfanta und kurze Zeit sp\u00e4ter sahen wir auch schon den wundersch\u00f6nen Ort mit seinen Weinbergen.<\/p>\n<div id=\"kad-wp-gallery43\" class=\"kad-wp-gallery kad-light-wp-gallery clearfix kt-gallery-column-1 rowtight\"><div class=\"tcol-lg-12 tcol-md-12 tcol-sm-12 tcol-xs-12 tcol-ss-12 g_item\"><div class=\"grid_item kad_gallery_fade_in gallery_item\"><a href=\"https:\/\/www.2muve.de\/wp-content\/uploads\/2016\/10\/MuenchenVenedig_23_24.jpg\" data-rel=\"lightbox\" class=\"lightboxhover\"><img loading=\"lazy\" decoding=\"async\" src=\"https:\/\/www.2muve.de\/wp-content\/uploads\/2016\/10\/MuenchenVenedig_23_24.jpg\" width=\"1000\" height=\"259\" alt=\"Ausblick von unserem Zimmer\" srcset=\"https:\/\/www.2muve.de\/wp-content\/uploads\/2016\/10\/MuenchenVenedig_23_24.jpg 1000w, https:\/\/www.2muve.de\/wp-content\/uploads\/2016\/10\/MuenchenVenedig_23_24-300x78.jpg 300w, https:\/\/www.2muve.de\/wp-content\/uploads\/2016\/10\/MuenchenVenedig_23_24-768x199.jpg 768w\" sizes=\"auto, (max-width: 1000px) 100vw, 1000px\" class=\"light-dropshaddow\"\/><\/a><\/div><\/div><\/div>\n<p>Wir bezogen unser Zimmer in einer edlen Pension und waren gl\u00fccklich, das Ziel erreicht zu haben. Das hatten wir uns f\u00fcr diesen Tag geg\u00f6nnt. Noch dazu hatten wir ein richtig sch\u00f6nes Zimmer mit Aussicht auf die Weinberge. Zum Abendessen wurde dann extra f\u00fcr uns veganes Risotto gekocht, das wir nach einer gef\u00fcllten Tomate, die wir zur Vorspeise hatten, genossen. Das Tal hat doch gewisse Vorz\u00fcge \ud83d\ude09 .<\/p>\n<p><strong>Erkenntnis des Tages:<\/strong><br \/>\nItalien ist hei\u00df!<\/p>\n<p><strong>Fazit:<\/strong><br \/>\nAuf dieser Etappe hatten wir den letzten Abstieg und sind im Italien mit seinen Weinbergen angekommen. Weder H\u00f6henmeter noch Distanz waren zu viel, aber die Hitze machte uns dann doch mehr zu schaffen, als wir dachten.<\/p>\n<p>Liebe Gr\u00fc\u00dfe,<br \/>\nEarly Bird \ud83d\ude42<\/p>\n[sgpx gpx=&#8220;\/wp-content\/uploads\/gpx\/muve_tag23.gpx&#8220;] <\/p>\n","protected":false},"excerpt":{"rendered":"<p>Zusammenfassung: Auf dieser Etappe verabschiedeten wir uns endg\u00fcltig von den Bergen. Nach einem sch\u00f6nen Abstieg bis zum Rifugio Pian de Femene war der Weg bis Revine etwas l\u00e4nglich &#8211; auch weil ein Teil davon die Stra\u00dfe entlang ging. Und in &hellip; <a href=\"https:\/\/www.2muve.de\/index.php\/muve-etappe-23-rifugio-col-visentin-arfanta\/\">Weiter<\/a><\/p>\n","protected":false},"author":1,"featured_media":8722,"comment_status":"open","ping_status":"closed","sticky":false,"template":"","format":"standard","meta":{"kt_blocks_editor_width":"","footnotes":""},"categories":[52],"tags":[129,259,253,254,250,252,125,251,257,256,245,255,258,68],"class_list":["post-8700","post","type-post","status-publish","format-standard","has-post-thumbnail","hentry","category-muvefar","tag-alpenueberquerung","tag-arfanta","tag-casere-cor","tag-casere-frascon","tag-col-visentin","tag-forcella-zoppei","tag-muenchen-venedig","tag-nevegal","tag-nogarolo","tag-revine","tag-rifugio-col-visentin","tag-rifugio-pian-de-femene","tag-tarzo","tag-traumpfad"],"_links":{"self":[{"href":"https:\/\/www.2muve.de\/index.php\/wp-json\/wp\/v2\/posts\/8700","targetHints":{"allow":["GET"]}}],"collection":[{"href":"https:\/\/www.2muve.de\/index.php\/wp-json\/wp\/v2\/posts"}],"about":[{"href":"https:\/\/www.2muve.de\/index.php\/wp-json\/wp\/v2\/types\/post"}],"author":[{"embeddable":true,"href":"https:\/\/www.2muve.de\/index.php\/wp-json\/wp\/v2\/users\/1"}],"replies":[{"embeddable":true,"href":"https:\/\/www.2muve.de\/index.php\/wp-json\/wp\/v2\/comments?post=8700"}],"version-history":[{"count":5,"href":"https:\/\/www.2muve.de\/index.php\/wp-json\/wp\/v2\/posts\/8700\/revisions"}],"predecessor-version":[{"id":8731,"href":"https:\/\/www.2muve.de\/index.php\/wp-json\/wp\/v2\/posts\/8700\/revisions\/8731"}],"wp:featuredmedia":[{"embeddable":true,"href":"https:\/\/www.2muve.de\/index.php\/wp-json\/wp\/v2\/media\/8722"}],"wp:attachment":[{"href":"https:\/\/www.2muve.de\/index.php\/wp-json\/wp\/v2\/media?parent=8700"}],"wp:term":[{"taxonomy":"category","embeddable":true,"href":"https:\/\/www.2muve.de\/index.php\/wp-json\/wp\/v2\/categories?post=8700"},{"taxonomy":"post_tag","embeddable":true,"href":"https:\/\/www.2muve.de\/index.php\/wp-json\/wp\/v2\/tags?post=8700"}],"curies":[{"name":"wp","href":"https:\/\/api.w.org\/{rel}","templated":true}]}}