{"id":8748,"date":"2016-10-16T20:52:57","date_gmt":"2016-10-16T19:52:57","guid":{"rendered":"http:\/\/www.2muve.de\/?p=8748"},"modified":"2016-10-16T20:57:26","modified_gmt":"2016-10-16T19:57:26","slug":"muve-etappe-25-ponte-della-priula-san-bartolomeo","status":"publish","type":"post","link":"https:\/\/www.2muve.de\/index.php\/muve-etappe-25-ponte-della-priula-san-bartolomeo\/","title":{"rendered":"muve Etappe 25: Ponte della Priula &#8211; San Bartolomeo"},"content":{"rendered":"<div class=\"blockquote blockquote-full postclass clearfix\">\n<ul id=\"track_ov\">\n<li id=\"time\">6:45h<\/li>\n<li id=\"public\">Bus nach Ponte de Piave<\/li>\n<li id=\"distance\">23 km<\/li>\n<li id=\"equipment\">Gute Schuhe, Gep\u00e4ck f\u00fcr vier Wochen<\/li>\n<\/ul>\n<\/div><div class=\"clearfix\"><\/div>\n<p><strong>Zusammenfassung:<\/strong><br \/>\nDiese Etappe f\u00fchrte uns immer an der Piave entlang nach San Bartolomeo. Obwohl die Etappe im Rother recht langweilig klang, war sie doch sch\u00f6ner als die am Tag zuvor. Wir waren viel auf D\u00e4mmen und umgeben von Plantagen unterwegs. Die Stra\u00dfenabschnitte hielten sich in Grenzen.<\/p>\n<p><strong>Details:<\/strong><br \/>\nDer Tag begann entspannt und wir bereiteten zuerst unser Fr\u00fchst\u00fcck zu. Das angebotene Fr\u00fchst\u00fcck war uns zu teuer, f\u00fcr das was wir dort essen konnten, und noch dazu gab es das erst recht sp\u00e4t. Daher hatten wir am Abend zuvor vorgesorgt und uns Sojajoghurt und Co. gekauft. Damit st\u00e4rkten wir uns und brachen dann auf.<\/p>\n<div id=\"kad-wp-gallery95\" class=\"kad-wp-gallery kad-light-wp-gallery clearfix kt-gallery-column-5 rowtight\"><div class=\"tcol-lg-25 tcol-md-25 tcol-sm-3 tcol-xs-4 tcol-ss-6 g_item\"><div class=\"grid_item kad_gallery_fade_in gallery_item\"><a href=\"https:\/\/www.2muve.de\/wp-content\/uploads\/2016\/10\/MuenchenVenedig_25_1.jpg\" data-rel=\"lightbox\" class=\"lightboxhover\"><img loading=\"lazy\" decoding=\"async\" src=\"https:\/\/www.2muve.de\/wp-content\/uploads\/2016\/10\/MuenchenVenedig_25_1-300x300.jpg\" width=\"300\" height=\"300\" alt=\"Los geht&#039;s \u00fcber die Br\u00fccke\" srcset=\"https:\/\/www.2muve.de\/wp-content\/uploads\/2016\/10\/MuenchenVenedig_25_1-300x300.jpg 300w, https:\/\/www.2muve.de\/wp-content\/uploads\/2016\/10\/MuenchenVenedig_25_1-150x150.jpg 150w\" sizes=\"auto, (max-width: 300px) 100vw, 300px\" class=\"light-dropshaddow\"\/><\/a><\/div><\/div><div class=\"tcol-lg-25 tcol-md-25 tcol-sm-3 tcol-xs-4 tcol-ss-6 g_item\"><div class=\"grid_item kad_gallery_fade_in gallery_item\"><a href=\"https:\/\/www.2muve.de\/wp-content\/uploads\/2016\/10\/MuenchenVenedig_25_2.jpg\" data-rel=\"lightbox\" class=\"lightboxhover\"><img loading=\"lazy\" decoding=\"async\" src=\"https:\/\/www.2muve.de\/wp-content\/uploads\/2016\/10\/MuenchenVenedig_25_2-300x300.jpg\" width=\"300\" height=\"300\" alt=\"Ab nun in der sch\u00f6nen Piavegegend\" srcset=\"https:\/\/www.2muve.de\/wp-content\/uploads\/2016\/10\/MuenchenVenedig_25_2-300x300.jpg 300w, https:\/\/www.2muve.de\/wp-content\/uploads\/2016\/10\/MuenchenVenedig_25_2-150x150.jpg 150w\" sizes=\"auto, (max-width: 300px) 100vw, 300px\" class=\"light-dropshaddow\"\/><\/a><\/div><\/div><div class=\"tcol-lg-25 tcol-md-25 tcol-sm-3 tcol-xs-4 tcol-ss-6 g_item\"><div class=\"grid_item kad_gallery_fade_in gallery_item\"><a href=\"https:\/\/www.2muve.de\/wp-content\/uploads\/2016\/10\/MuenchenVenedig_25_3.jpg\" data-rel=\"lightbox\" class=\"lightboxhover\"><img loading=\"lazy\" decoding=\"async\" src=\"https:\/\/www.2muve.de\/wp-content\/uploads\/2016\/10\/MuenchenVenedig_25_3-300x300.jpg\" width=\"300\" height=\"300\" alt=\"Anfangs noch Autos\" srcset=\"https:\/\/www.2muve.de\/wp-content\/uploads\/2016\/10\/MuenchenVenedig_25_3-300x300.jpg 300w, https:\/\/www.2muve.de\/wp-content\/uploads\/2016\/10\/MuenchenVenedig_25_3-150x150.jpg 150w\" sizes=\"auto, (max-width: 300px) 100vw, 300px\" class=\"light-dropshaddow\"\/><\/a><\/div><\/div><div class=\"tcol-lg-25 tcol-md-25 tcol-sm-3 tcol-xs-4 tcol-ss-6 g_item\"><div class=\"grid_item kad_gallery_fade_in gallery_item\"><a href=\"https:\/\/www.2muve.de\/wp-content\/uploads\/2016\/10\/MuenchenVenedig_25_4.jpg\" data-rel=\"lightbox\" class=\"lightboxhover\"><img loading=\"lazy\" decoding=\"async\" src=\"https:\/\/www.2muve.de\/wp-content\/uploads\/2016\/10\/MuenchenVenedig_25_4-300x300.jpg\" width=\"300\" height=\"300\" alt=\"Bald schon in sch\u00f6ner Natur\" srcset=\"https:\/\/www.2muve.de\/wp-content\/uploads\/2016\/10\/MuenchenVenedig_25_4-300x300.jpg 300w, https:\/\/www.2muve.de\/wp-content\/uploads\/2016\/10\/MuenchenVenedig_25_4-150x150.jpg 150w\" sizes=\"auto, (max-width: 300px) 100vw, 300px\" class=\"light-dropshaddow\"\/><\/a><\/div><\/div><div class=\"tcol-lg-25 tcol-md-25 tcol-sm-3 tcol-xs-4 tcol-ss-6 g_item\"><div class=\"grid_item kad_gallery_fade_in gallery_item\"><a href=\"https:\/\/www.2muve.de\/wp-content\/uploads\/2016\/10\/MuenchenVenedig_25_5.jpg\" data-rel=\"lightbox\" class=\"lightboxhover\"><img loading=\"lazy\" decoding=\"async\" src=\"https:\/\/www.2muve.de\/wp-content\/uploads\/2016\/10\/MuenchenVenedig_25_5-300x300.jpg\" width=\"300\" height=\"300\" alt=\"R\u00fcckblick zur Br\u00fccke\" srcset=\"https:\/\/www.2muve.de\/wp-content\/uploads\/2016\/10\/MuenchenVenedig_25_5-300x300.jpg 300w, https:\/\/www.2muve.de\/wp-content\/uploads\/2016\/10\/MuenchenVenedig_25_5-150x150.jpg 150w, https:\/\/www.2muve.de\/wp-content\/uploads\/2016\/10\/MuenchenVenedig_25_5-400x400.jpg 400w\" sizes=\"auto, (max-width: 300px) 100vw, 300px\" class=\"light-dropshaddow\"\/><\/a><\/div><\/div><\/div>\n<p>Der Rother betont, dass die Br\u00fccke \u00fcber den Piave f\u00fcr Fu\u00dfg\u00e4nger kein Spa\u00df ist und daher waren wir schon darauf gefasst, wieder umgeben von Autos zu sein. Die Br\u00fccke ist tats\u00e4chlich sehr befahren und wir waren froh, als wir sie \u00fcberquert hatten und \u00fcber eine Treppe zum Fluss hinunter liefen. Und da war es dann auch richtig sch\u00f6n. Die Piave f\u00fcgt sich sch\u00f6n in die Landschaft ein, in der Ferne waren Berge zu sehen und um uns viel Natur. Ein sch\u00f6ner Start!<\/p>\n<div id=\"kad-wp-gallery35\" class=\"kad-wp-gallery kad-light-wp-gallery clearfix kt-gallery-column-4 rowtight\"><div class=\"tcol-lg-3 tcol-md-3 tcol-sm-4 tcol-xs-6 tcol-ss-12 g_item\"><div class=\"grid_item kad_gallery_fade_in gallery_item\"><a href=\"https:\/\/www.2muve.de\/wp-content\/uploads\/2016\/10\/MuenchenVenedig_25_6.jpg\" data-rel=\"lightbox\" class=\"lightboxhover\"><img loading=\"lazy\" decoding=\"async\" src=\"https:\/\/www.2muve.de\/wp-content\/uploads\/2016\/10\/MuenchenVenedig_25_6-300x300.jpg\" width=\"300\" height=\"300\" alt=\"Der Weg wird breiter\" srcset=\"https:\/\/www.2muve.de\/wp-content\/uploads\/2016\/10\/MuenchenVenedig_25_6-300x300.jpg 300w, https:\/\/www.2muve.de\/wp-content\/uploads\/2016\/10\/MuenchenVenedig_25_6-150x150.jpg 150w\" sizes=\"auto, (max-width: 300px) 100vw, 300px\" class=\"light-dropshaddow\"\/><\/a><\/div><\/div><div class=\"tcol-lg-3 tcol-md-3 tcol-sm-4 tcol-xs-6 tcol-ss-12 g_item\"><div class=\"grid_item kad_gallery_fade_in gallery_item\"><a href=\"https:\/\/www.2muve.de\/wp-content\/uploads\/2016\/10\/MuenchenVenedig_25_7.jpg\" data-rel=\"lightbox\" class=\"lightboxhover\"><img loading=\"lazy\" decoding=\"async\" src=\"https:\/\/www.2muve.de\/wp-content\/uploads\/2016\/10\/MuenchenVenedig_25_7-300x300.jpg\" width=\"300\" height=\"300\" alt=\"Eins der zahlreichen Kieswerke auf dem Weg\" srcset=\"https:\/\/www.2muve.de\/wp-content\/uploads\/2016\/10\/MuenchenVenedig_25_7-300x300.jpg 300w, https:\/\/www.2muve.de\/wp-content\/uploads\/2016\/10\/MuenchenVenedig_25_7-150x150.jpg 150w\" sizes=\"auto, (max-width: 300px) 100vw, 300px\" class=\"light-dropshaddow\"\/><\/a><\/div><\/div><div class=\"tcol-lg-3 tcol-md-3 tcol-sm-4 tcol-xs-6 tcol-ss-12 g_item\"><div class=\"grid_item kad_gallery_fade_in gallery_item\"><a href=\"https:\/\/www.2muve.de\/wp-content\/uploads\/2016\/10\/MuenchenVenedig_25_8.jpg\" data-rel=\"lightbox\" class=\"lightboxhover\"><img loading=\"lazy\" decoding=\"async\" src=\"https:\/\/www.2muve.de\/wp-content\/uploads\/2016\/10\/MuenchenVenedig_25_8-300x300.jpg\" width=\"300\" height=\"300\" alt=\"Immer wieder Felder\" srcset=\"https:\/\/www.2muve.de\/wp-content\/uploads\/2016\/10\/MuenchenVenedig_25_8-300x300.jpg 300w, https:\/\/www.2muve.de\/wp-content\/uploads\/2016\/10\/MuenchenVenedig_25_8-150x150.jpg 150w\" sizes=\"auto, (max-width: 300px) 100vw, 300px\" class=\"light-dropshaddow\"\/><\/a><\/div><\/div><div class=\"tcol-lg-3 tcol-md-3 tcol-sm-4 tcol-xs-6 tcol-ss-12 g_item\"><div class=\"grid_item kad_gallery_fade_in gallery_item\"><a href=\"https:\/\/www.2muve.de\/wp-content\/uploads\/2016\/10\/MuenchenVenedig_25_9.jpg\" data-rel=\"lightbox\" class=\"lightboxhover\"><img loading=\"lazy\" decoding=\"async\" src=\"https:\/\/www.2muve.de\/wp-content\/uploads\/2016\/10\/MuenchenVenedig_25_9-300x300.jpg\" width=\"300\" height=\"300\" alt=\"Und viel Gr\u00fcn\" srcset=\"https:\/\/www.2muve.de\/wp-content\/uploads\/2016\/10\/MuenchenVenedig_25_9-300x300.jpg 300w, https:\/\/www.2muve.de\/wp-content\/uploads\/2016\/10\/MuenchenVenedig_25_9-150x150.jpg 150w\" sizes=\"auto, (max-width: 300px) 100vw, 300px\" class=\"light-dropshaddow\"\/><\/a><\/div><\/div><\/div>\n<p>So liefen wir eine ganze Weile am Damm entlang. Wir kamen zu einem Kieswerk und liefen mal auf und mal neben dem Damm. Der Weg war sch\u00f6n und wir waren positiv \u00fcberrascht. Wir waren von Wiesen umgeben weit entfernt von Stra\u00dfen oder Zivilisation &#8211; ausgenommen der Kieswerke \ud83d\ude09 &#8211; das war deutlich mehr Genuss als am Tag zuvor.<\/p>\n<div id=\"kad-wp-gallery48\" class=\"kad-wp-gallery kad-light-wp-gallery clearfix kt-gallery-column-4 rowtight\"><div class=\"tcol-lg-3 tcol-md-3 tcol-sm-4 tcol-xs-6 tcol-ss-12 g_item\"><div class=\"grid_item kad_gallery_fade_in gallery_item\"><a href=\"https:\/\/www.2muve.de\/wp-content\/uploads\/2016\/10\/MuenchenVenedig_25_10.jpg\" data-rel=\"lightbox\" class=\"lightboxhover\"><img loading=\"lazy\" decoding=\"async\" src=\"https:\/\/www.2muve.de\/wp-content\/uploads\/2016\/10\/MuenchenVenedig_25_10-300x300.jpg\" width=\"300\" height=\"300\" alt=\"Auf grasigen Pfaden\" srcset=\"https:\/\/www.2muve.de\/wp-content\/uploads\/2016\/10\/MuenchenVenedig_25_10-300x300.jpg 300w, https:\/\/www.2muve.de\/wp-content\/uploads\/2016\/10\/MuenchenVenedig_25_10-150x150.jpg 150w\" sizes=\"auto, (max-width: 300px) 100vw, 300px\" class=\"light-dropshaddow\"\/><\/a><\/div><\/div><div class=\"tcol-lg-3 tcol-md-3 tcol-sm-4 tcol-xs-6 tcol-ss-12 g_item\"><div class=\"grid_item kad_gallery_fade_in gallery_item\"><a href=\"https:\/\/www.2muve.de\/wp-content\/uploads\/2016\/10\/MuenchenVenedig_25_11.jpg\" data-rel=\"lightbox\" class=\"lightboxhover\"><img loading=\"lazy\" decoding=\"async\" src=\"https:\/\/www.2muve.de\/wp-content\/uploads\/2016\/10\/MuenchenVenedig_25_11-300x300.jpg\" width=\"300\" height=\"300\" alt=\"Auf D\u00e4mmen\" srcset=\"https:\/\/www.2muve.de\/wp-content\/uploads\/2016\/10\/MuenchenVenedig_25_11-300x300.jpg 300w, https:\/\/www.2muve.de\/wp-content\/uploads\/2016\/10\/MuenchenVenedig_25_11-150x150.jpg 150w\" sizes=\"auto, (max-width: 300px) 100vw, 300px\" class=\"light-dropshaddow\"\/><\/a><\/div><\/div><div class=\"tcol-lg-3 tcol-md-3 tcol-sm-4 tcol-xs-6 tcol-ss-12 g_item\"><div class=\"grid_item kad_gallery_fade_in gallery_item\"><a href=\"https:\/\/www.2muve.de\/wp-content\/uploads\/2016\/10\/MuenchenVenedig_25_12.jpg\" data-rel=\"lightbox\" class=\"lightboxhover\"><img loading=\"lazy\" decoding=\"async\" src=\"https:\/\/www.2muve.de\/wp-content\/uploads\/2016\/10\/MuenchenVenedig_25_12-300x300.jpg\" width=\"300\" height=\"300\" alt=\"Auch ein Rucksack braucht Pause\" srcset=\"https:\/\/www.2muve.de\/wp-content\/uploads\/2016\/10\/MuenchenVenedig_25_12-300x300.jpg 300w, https:\/\/www.2muve.de\/wp-content\/uploads\/2016\/10\/MuenchenVenedig_25_12-150x150.jpg 150w\" sizes=\"auto, (max-width: 300px) 100vw, 300px\" class=\"light-dropshaddow\"\/><\/a><\/div><\/div><div class=\"tcol-lg-3 tcol-md-3 tcol-sm-4 tcol-xs-6 tcol-ss-12 g_item\"><div class=\"grid_item kad_gallery_fade_in gallery_item\"><a href=\"https:\/\/www.2muve.de\/wp-content\/uploads\/2016\/10\/MuenchenVenedig_25_13.jpg\" data-rel=\"lightbox\" class=\"lightboxhover\"><img loading=\"lazy\" decoding=\"async\" src=\"https:\/\/www.2muve.de\/wp-content\/uploads\/2016\/10\/MuenchenVenedig_25_13-300x300.jpg\" width=\"300\" height=\"300\" alt=\"Blauer Himmel\" srcset=\"https:\/\/www.2muve.de\/wp-content\/uploads\/2016\/10\/MuenchenVenedig_25_13-300x300.jpg 300w, https:\/\/www.2muve.de\/wp-content\/uploads\/2016\/10\/MuenchenVenedig_25_13-150x150.jpg 150w\" sizes=\"auto, (max-width: 300px) 100vw, 300px\" class=\"light-dropshaddow\"\/><\/a><\/div><\/div><\/div>\n<p>Nach einer Weile entfernten wir uns vom Wasser und liefen auf einer Allee umgeben von Obst und Wein. Als wir an den Maisfeldern vorbeikamen, waren gerade die Wassersprenkler an und wir liefen voller Freude hindurch. Die Abk\u00fchlung tat an dem wieder hei\u00dfen Tag sehr gut. Wir liefen weiter bis wir nach Salettuol kamen, das bekannt ist f\u00fcr sein Kriegsdenkmal.<\/p>\n<div id=\"kad-wp-gallery73\" class=\"kad-wp-gallery kad-light-wp-gallery clearfix kt-gallery-column-4 rowtight\"><div class=\"tcol-lg-3 tcol-md-3 tcol-sm-4 tcol-xs-6 tcol-ss-12 g_item\"><div class=\"grid_item kad_gallery_fade_in gallery_item\"><a href=\"https:\/\/www.2muve.de\/wp-content\/uploads\/2016\/10\/MuenchenVenedig_25_14.jpg\" data-rel=\"lightbox\" class=\"lightboxhover\"><img loading=\"lazy\" decoding=\"async\" src=\"https:\/\/www.2muve.de\/wp-content\/uploads\/2016\/10\/MuenchenVenedig_25_14-300x300.jpg\" width=\"300\" height=\"300\" alt=\"\" srcset=\"https:\/\/www.2muve.de\/wp-content\/uploads\/2016\/10\/MuenchenVenedig_25_14-300x300.jpg 300w, https:\/\/www.2muve.de\/wp-content\/uploads\/2016\/10\/MuenchenVenedig_25_14-150x150.jpg 150w, https:\/\/www.2muve.de\/wp-content\/uploads\/2016\/10\/MuenchenVenedig_25_14-400x400.jpg 400w, https:\/\/www.2muve.de\/wp-content\/uploads\/2016\/10\/MuenchenVenedig_25_14-365x365.jpg 365w\" sizes=\"auto, (max-width: 300px) 100vw, 300px\" class=\"light-dropshaddow\"\/><\/a><\/div><\/div><div class=\"tcol-lg-3 tcol-md-3 tcol-sm-4 tcol-xs-6 tcol-ss-12 g_item\"><div class=\"grid_item kad_gallery_fade_in gallery_item\"><a href=\"https:\/\/www.2muve.de\/wp-content\/uploads\/2016\/10\/MuenchenVenedig_25_15.jpg\" data-rel=\"lightbox\" class=\"lightboxhover\"><img loading=\"lazy\" decoding=\"async\" src=\"https:\/\/www.2muve.de\/wp-content\/uploads\/2016\/10\/MuenchenVenedig_25_15-300x300.jpg\" width=\"300\" height=\"300\" alt=\"Umgeben von Feldern\" srcset=\"https:\/\/www.2muve.de\/wp-content\/uploads\/2016\/10\/MuenchenVenedig_25_15-300x300.jpg 300w, https:\/\/www.2muve.de\/wp-content\/uploads\/2016\/10\/MuenchenVenedig_25_15-150x150.jpg 150w, https:\/\/www.2muve.de\/wp-content\/uploads\/2016\/10\/MuenchenVenedig_25_15-400x400.jpg 400w\" sizes=\"auto, (max-width: 300px) 100vw, 300px\" class=\"light-dropshaddow\"\/><\/a><\/div><\/div><div class=\"tcol-lg-3 tcol-md-3 tcol-sm-4 tcol-xs-6 tcol-ss-12 g_item\"><div class=\"grid_item kad_gallery_fade_in gallery_item\"><a href=\"https:\/\/www.2muve.de\/wp-content\/uploads\/2016\/10\/MuenchenVenedig_25_16.jpg\" data-rel=\"lightbox\" class=\"lightboxhover\"><img loading=\"lazy\" decoding=\"async\" src=\"https:\/\/www.2muve.de\/wp-content\/uploads\/2016\/10\/MuenchenVenedig_25_16-300x300.jpg\" width=\"300\" height=\"300\" alt=\"Umgeben von Wein\" srcset=\"https:\/\/www.2muve.de\/wp-content\/uploads\/2016\/10\/MuenchenVenedig_25_16-300x300.jpg 300w, https:\/\/www.2muve.de\/wp-content\/uploads\/2016\/10\/MuenchenVenedig_25_16-150x150.jpg 150w, https:\/\/www.2muve.de\/wp-content\/uploads\/2016\/10\/MuenchenVenedig_25_16-365x365.jpg 365w\" sizes=\"auto, (max-width: 300px) 100vw, 300px\" class=\"light-dropshaddow\"\/><\/a><\/div><\/div><div class=\"tcol-lg-3 tcol-md-3 tcol-sm-4 tcol-xs-6 tcol-ss-12 g_item\"><div class=\"grid_item kad_gallery_fade_in gallery_item\"><a href=\"https:\/\/www.2muve.de\/wp-content\/uploads\/2016\/10\/MuenchenVenedig_25_17.jpg\" data-rel=\"lightbox\" class=\"lightboxhover\"><img loading=\"lazy\" decoding=\"async\" src=\"https:\/\/www.2muve.de\/wp-content\/uploads\/2016\/10\/MuenchenVenedig_25_17-300x300.jpg\" width=\"300\" height=\"300\" alt=\"Sch\u00f6ner Weg nach San Bartolomeo\" srcset=\"https:\/\/www.2muve.de\/wp-content\/uploads\/2016\/10\/MuenchenVenedig_25_17-300x300.jpg 300w, https:\/\/www.2muve.de\/wp-content\/uploads\/2016\/10\/MuenchenVenedig_25_17-150x150.jpg 150w\" sizes=\"auto, (max-width: 300px) 100vw, 300px\" class=\"light-dropshaddow\"\/><\/a><\/div><\/div><\/div>\n<p>Wiederum am Damm angekommen machten wir eine kurze Pause. Weit war es an diesem Tag ja nicht, da konnten wir uns Zeit lassen. Und so lie\u00dfen wir einige andere muveler an uns vorbeiziehen, w\u00e4hrend wir M\u00fcsliriegel zur St\u00e4rkung a\u00dfen. Dann rafften wir uns auch wieder auf und liefen weiter. Entgegen der Beschreibung blieb ich l\u00e4nger auf dem Damm &#8211; der Abstieg war dann auch tats\u00e4chlich nicht ganz so einfach \ud83d\ude09 . Wir kamen aber weiter und waren wieder auf Wiesenwegen umgeben von Wein.<\/p>\n<div id=\"kad-wp-gallery96\" class=\"kad-wp-gallery kad-light-wp-gallery clearfix kt-gallery-column-2 rowtight\"><div class=\"tcol-lg-6 tcol-md-6 tcol-sm-6 tcol-xs-12 tcol-ss-12 g_item\"><div class=\"grid_item kad_gallery_fade_in gallery_item\"><a href=\"https:\/\/www.2muve.de\/wp-content\/uploads\/2016\/10\/MuenchenVenedig_25_18.jpg\" data-rel=\"lightbox\" class=\"lightboxhover\"><img loading=\"lazy\" decoding=\"async\" src=\"https:\/\/www.2muve.de\/wp-content\/uploads\/2016\/10\/MuenchenVenedig_25_18.jpg\" width=\"600\" height=\"400\" alt=\"Nicht mehr weit\" srcset=\"https:\/\/www.2muve.de\/wp-content\/uploads\/2016\/10\/MuenchenVenedig_25_18.jpg 600w, https:\/\/www.2muve.de\/wp-content\/uploads\/2016\/10\/MuenchenVenedig_25_18-300x200.jpg 300w\" sizes=\"auto, (max-width: 600px) 100vw, 600px\" class=\"light-dropshaddow\"\/><\/a><\/div><\/div><div class=\"tcol-lg-6 tcol-md-6 tcol-sm-6 tcol-xs-12 tcol-ss-12 g_item\"><div class=\"grid_item kad_gallery_fade_in gallery_item\"><a href=\"https:\/\/www.2muve.de\/wp-content\/uploads\/2016\/10\/MuenchenVenedig_25_19.jpg\" data-rel=\"lightbox\" class=\"lightboxhover\"><img loading=\"lazy\" decoding=\"async\" src=\"https:\/\/www.2muve.de\/wp-content\/uploads\/2016\/10\/MuenchenVenedig_25_19.jpg\" width=\"600\" height=\"400\" alt=\"Die Stra\u00dfe vor San Bartolomeo\" srcset=\"https:\/\/www.2muve.de\/wp-content\/uploads\/2016\/10\/MuenchenVenedig_25_19.jpg 600w, https:\/\/www.2muve.de\/wp-content\/uploads\/2016\/10\/MuenchenVenedig_25_19-300x200.jpg 300w\" sizes=\"auto, (max-width: 600px) 100vw, 600px\" class=\"light-dropshaddow\"\/><\/a><\/div><\/div><\/div>\n<p>Wiederholt wunderten wir uns, dass die Etappe so unsch\u00f6n beschrieben war. Wir genossen es, an diesem Tag nicht an Stra\u00dfen entlang laufen zu m\u00fcssen &#8211; das kam nur zum Schluss. Wir kamen zur Via Medaglie d&#8217;Oro, der Stra\u00dfe der Goldmedaille, diese wurde uns aber seltsamerweise nicht \u00fcberreicht. Kurz vor Candel\u00f9 legten wir dann die richtige Pause ein. Nun war es laut Rother nur noch eine Stunde, daher verbrachten wir dort einige Zeit, bis wir weiterzogen. Der Weg von Candel\u00f9 bis Saletto f\u00fchrt eine Stra\u00dfe entlang, was bei der Hitze wieder ziemlich anstrengend war. In Saletto angekommen waren wir froh, da wir nun nicht mehr weit hatten &#8211; zwei Stra\u00dfen \u00fcberquert, ein St\u00fcck geradeaus und links abgebogen und da waren wir auch schon in San Bartolomeo und bezogen das Hotel.<\/p>\n<p>Auch hier hatten wir wieder eine schicke Unterkunft. Die Klimaanlage auf dem Zimmer tat gut. Es war erst zwei und wir hatten das Ziel trotz langsamen Wandern schon erreicht. Das war aber auch in Ordnung \ud83d\ude09 . Wir nutzten die Zeit zum Ausruhen, Einkaufen und Planen f\u00fcr den n\u00e4chsten Tag. Es w\u00e4re eine lange Stra\u00dfenetappe und noch dazu war Dauerregen angesagt &#8211; wir hatten da schon eine passende L\u00f6sung im Kopf \ud83d\ude09 . Am Abend a\u00dfen wir Pizza zusammen mit einem muve-P\u00e4rchen, das wir bisher noch nicht kannten und tauschten uns mit den muvelern vom Nevegal \u00fcber das Vorgehen am kommenden Tag aus. Eine Bushaltestelle w\u00fcrde uns da weiterhelfen \ud83d\ude09 .<\/p>\n<p><strong>Erkenntnis des Tages:<\/strong><br \/>\nAuch Flusswandern kann sch\u00f6n sein!<\/p>\n<p><strong>Fazit:<\/strong><br \/>\nDiese Etappe hat uns sehr \u00fcberrascht, da es eine wirklich sch\u00f6ne Etappe war, die Spa\u00df gemacht hat und landschaftlich was zu bieten hatte. Damit hatten wir nicht gerechnet und genossen die Wanderung sehr.<\/p>\n<p>Liebe Gr\u00fc\u00dfe,<br \/>\nEarly Bird \ud83d\ude42<\/p>\n[sgpx gpx=&#8220;\/wp-content\/uploads\/gpx\/muve_tag25.gpx&#8220;] <\/p>\n","protected":false},"excerpt":{"rendered":"<p>Zusammenfassung: Diese Etappe f\u00fchrte uns immer an der Piave entlang nach San Bartolomeo. Obwohl die Etappe im Rother recht langweilig klang, war sie doch sch\u00f6ner als die am Tag zuvor. Wir waren viel auf D\u00e4mmen und umgeben von Plantagen unterwegs. &hellip; <a href=\"https:\/\/www.2muve.de\/index.php\/muve-etappe-25-ponte-della-priula-san-bartolomeo\/\">Weiter<\/a><\/p>\n","protected":false},"author":1,"featured_media":8764,"comment_status":"open","ping_status":"closed","sticky":false,"template":"","format":"standard","meta":{"kt_blocks_editor_width":"","footnotes":""},"categories":[52],"tags":[129,263,264,125,265,260,262,261,68],"class_list":["post-8748","post","type-post","status-publish","format-standard","has-post-thumbnail","hentry","category-muvefar","tag-alpenueberquerung","tag-candelu","tag-fiume-piave","tag-muenchen-venedig","tag-piave","tag-ponte-della-priula","tag-salettuol","tag-san-bartolomeo","tag-traumpfad"],"_links":{"self":[{"href":"https:\/\/www.2muve.de\/index.php\/wp-json\/wp\/v2\/posts\/8748","targetHints":{"allow":["GET"]}}],"collection":[{"href":"https:\/\/www.2muve.de\/index.php\/wp-json\/wp\/v2\/posts"}],"about":[{"href":"https:\/\/www.2muve.de\/index.php\/wp-json\/wp\/v2\/types\/post"}],"author":[{"embeddable":true,"href":"https:\/\/www.2muve.de\/index.php\/wp-json\/wp\/v2\/users\/1"}],"replies":[{"embeddable":true,"href":"https:\/\/www.2muve.de\/index.php\/wp-json\/wp\/v2\/comments?post=8748"}],"version-history":[{"count":6,"href":"https:\/\/www.2muve.de\/index.php\/wp-json\/wp\/v2\/posts\/8748\/revisions"}],"predecessor-version":[{"id":8790,"href":"https:\/\/www.2muve.de\/index.php\/wp-json\/wp\/v2\/posts\/8748\/revisions\/8790"}],"wp:featuredmedia":[{"embeddable":true,"href":"https:\/\/www.2muve.de\/index.php\/wp-json\/wp\/v2\/media\/8764"}],"wp:attachment":[{"href":"https:\/\/www.2muve.de\/index.php\/wp-json\/wp\/v2\/media?parent=8748"}],"wp:term":[{"taxonomy":"category","embeddable":true,"href":"https:\/\/www.2muve.de\/index.php\/wp-json\/wp\/v2\/categories?post=8748"},{"taxonomy":"post_tag","embeddable":true,"href":"https:\/\/www.2muve.de\/index.php\/wp-json\/wp\/v2\/tags?post=8748"}],"curies":[{"name":"wp","href":"https:\/\/api.w.org\/{rel}","templated":true}]}}