{"id":8777,"date":"2016-10-19T20:27:18","date_gmt":"2016-10-19T19:27:18","guid":{"rendered":"http:\/\/www.2muve.de\/?p=8777"},"modified":"2016-10-20T08:57:10","modified_gmt":"2016-10-20T07:57:10","slug":"muve-etappe-26-san-bartolomeo-cavallino","status":"publish","type":"post","link":"https:\/\/www.2muve.de\/index.php\/muve-etappe-26-san-bartolomeo-cavallino\/","title":{"rendered":"muve Etappe 26: San Bartolomeo &#8211; Cavallino"},"content":{"rendered":"<div class=\"blockquote blockquote-full postclass clearfix\">\n<ul id=\"track_ov\">\n<li id=\"time\">1:30h<\/li>\n<li id=\"public\">Bus von Fossa nach Lido de Jesolo, Cavallino<\/li>\n<li id=\"distance\">6 km<\/li>\n<li id=\"equipment\">Gute Schuhe, Gep\u00e4ck f\u00fcr vier Wochen, Bikini<\/li>\n<\/ul>\n<\/div><div class=\"clearfix\"><\/div>\n<p><strong>Zusammenfassung:<\/strong><br \/>\nBei Regen sind wir von San Bartolomeo einen Stra\u00dfenweg bis Bocca Callalta und in den zugeh\u00f6rigen Ortsteil Fossa gelaufen. Dort haben wir uns dann getraut und haben die restliche Strecke bis Cavallino mit dem Bus zur\u00fcckgelegt. Und am Nachmittag war es dann so weit: Wir waren am Meer! <\/p>\n<p><strong>Details:<\/strong><br \/>\nNach einer entspannten angenehmen Nacht hatte uns am Morgen in San Bartolomeo das Gewitter geweckt. Blitz und Donner und dazu heftige Regenschauer begr\u00fc\u00dften uns am Morgen. Unser Entschluss bis zur Bushaltestelle zu laufen und von dort zu fahren stand sp\u00e4testens jetzt fest. Die Nevegalgruppe fuhr am Morgen schon mit dem Taxi direkt von San Bartolomeo nach Jesolo und das muve-P\u00e4rchen hatte sich f\u00fcr eine Busfahrt von San Bartolomeo aus mit l\u00e4ngerem Zwischenstopp an einem anderen Ort entschieden. Wir liefen nach einem leckeren Fr\u00fchst\u00fcck und noch etwas Pause im Hotel regendicht eingepackt los und folgten noch eine Weile dem Traumpfad.<\/p>\n<div id=\"kad-wp-gallery29\" class=\"kad-wp-gallery kad-light-wp-gallery clearfix kt-gallery-column-3 rowtight\"><div class=\"tcol-lg-4 tcol-md-4 tcol-sm-4 tcol-xs-6 tcol-ss-12 g_item\"><div class=\"grid_item kad_gallery_fade_in gallery_item\"><a href=\"https:\/\/www.2muve.de\/wp-content\/uploads\/2016\/10\/MuenchenVenedig_26_0.jpg\" data-rel=\"lightbox\" class=\"lightboxhover\"><img loading=\"lazy\" decoding=\"async\" src=\"https:\/\/www.2muve.de\/wp-content\/uploads\/2016\/10\/MuenchenVenedig_26_0-400x400.jpg\" width=\"400\" height=\"400\" alt=\"Stra\u00dfe, Regen und Autos\" srcset=\"https:\/\/www.2muve.de\/wp-content\/uploads\/2016\/10\/MuenchenVenedig_26_0-400x400.jpg 400w, https:\/\/www.2muve.de\/wp-content\/uploads\/2016\/10\/MuenchenVenedig_26_0-150x150.jpg 150w\" sizes=\"auto, (max-width: 400px) 100vw, 400px\" class=\"light-dropshaddow\"\/><\/a><\/div><\/div><div class=\"tcol-lg-4 tcol-md-4 tcol-sm-4 tcol-xs-6 tcol-ss-12 g_item\"><div class=\"grid_item kad_gallery_fade_in gallery_item\"><a href=\"https:\/\/www.2muve.de\/wp-content\/uploads\/2016\/10\/MuenchenVenedig_26_1.jpg\" data-rel=\"lightbox\" class=\"lightboxhover\"><img loading=\"lazy\" decoding=\"async\" src=\"https:\/\/www.2muve.de\/wp-content\/uploads\/2016\/10\/MuenchenVenedig_26_1-400x400.jpg\" width=\"400\" height=\"400\" alt=\"Stra\u00dfenwege\" srcset=\"https:\/\/www.2muve.de\/wp-content\/uploads\/2016\/10\/MuenchenVenedig_26_1-400x400.jpg 400w, https:\/\/www.2muve.de\/wp-content\/uploads\/2016\/10\/MuenchenVenedig_26_1-150x150.jpg 150w\" sizes=\"auto, (max-width: 400px) 100vw, 400px\" class=\"light-dropshaddow\"\/><\/a><\/div><\/div><div class=\"tcol-lg-4 tcol-md-4 tcol-sm-4 tcol-xs-6 tcol-ss-12 g_item\"><div class=\"grid_item kad_gallery_fade_in gallery_item\"><a href=\"https:\/\/www.2muve.de\/wp-content\/uploads\/2016\/10\/MuenchenVenedig_26_2.jpg\" data-rel=\"lightbox\" class=\"lightboxhover\"><img loading=\"lazy\" decoding=\"async\" src=\"https:\/\/www.2muve.de\/wp-content\/uploads\/2016\/10\/MuenchenVenedig_26_2-400x400.jpg\" width=\"400\" height=\"400\" alt=\"Unsere Bushaltestelle\" srcset=\"https:\/\/www.2muve.de\/wp-content\/uploads\/2016\/10\/MuenchenVenedig_26_2-400x400.jpg 400w, https:\/\/www.2muve.de\/wp-content\/uploads\/2016\/10\/MuenchenVenedig_26_2-150x150.jpg 150w\" sizes=\"auto, (max-width: 400px) 100vw, 400px\" class=\"light-dropshaddow\"\/><\/a><\/div><\/div><\/div>\n<p>Traumpfad war auf diesem Abschnitt wirklich das falsche Wort. Nicht nur, dass es immer noch kr\u00e4ftig regnete, auch die Wege waren nicht sch\u00f6n. Wir liefen an Stra\u00dfen entlang, mal st\u00e4rker befahren und mal weniger. In Bocca Callalta angekommen kam dann noch ein richtig abschreckendes St\u00fcck auf stark befahrener Stra\u00dfe, auf dem uns schon etwas unwohl war, ging es bis zur Bushaltestelle. Nachdem wir um elf an der Bushaltestelle angekommen waren, hatten wir noch etwas Zeit. Wir machten Brotzeit und warteten auf den Bus. So verging die Zeit auch und dann kam der Bus \u00fcberraschend p\u00fcnktlich &#8211; nicht, dass wir irgendwelche Vorurteile h\u00e4tten \ud83d\ude09 . <\/p>\n<p>Wir stiegen ein und der Fahrer meinte zu uns, dass wir das mit den Tickets sp\u00e4ter kl\u00e4ren w\u00fcrden. In San Dona di Piave mussten wir dann umsteigen und da holte uns der Busfahrer ein Ticket und brachte uns zum Bus nach Jesolo. Interessanterweise hatte der Busfahrer uns ein Ticket bis Cavallino ausgestellt, ohne dass wir ihm gesagt hatten, dass das unser Ziel sei. Wir realisierten erst langsam, dass er das so gemacht hatte, um den Preis f\u00fcr die Fahrt davor mitzuberechnen. Und wir konnten damit bis zu unserem Hotel fahren \ud83d\ude09 . Auf H\u00e4lfte Strecke stieg pl\u00f6tzlich die Nevegalgruppe in den Bus ein. Wir hatten nicht damit gerechnet, dass wir uns nochmal wiedersehen w\u00fcrden. Wir begr\u00fc\u00dften uns freudig und verabschiedeten uns dann endg\u00fcltig in Jesolo. Unser Weg f\u00fchrte nun in die Touristenhochburg Cavallino. Dort angekommen liefen wir noch die paar Meter zum Hotel, bezogen unser Zimmer, legten uns auf&#8217;s Bett und waren kurze Zeit sp\u00e4ter eingeschlafen&#8230; <\/p>\n<div id=\"kad-wp-gallery59\" class=\"kad-wp-gallery kad-light-wp-gallery clearfix kt-gallery-column-3 rowtight\"><div class=\"tcol-lg-4 tcol-md-4 tcol-sm-4 tcol-xs-6 tcol-ss-12 g_item\"><div class=\"grid_item kad_gallery_fade_in gallery_item\"><a href=\"https:\/\/www.2muve.de\/wp-content\/uploads\/2016\/10\/MuenchenVenedig_26_3.jpg\" data-rel=\"lightbox\" class=\"lightboxhover\"><img loading=\"lazy\" decoding=\"async\" src=\"https:\/\/www.2muve.de\/wp-content\/uploads\/2016\/10\/MuenchenVenedig_26_3-400x400.jpg\" width=\"400\" height=\"400\" alt=\"Am Strand von Cavallino\" srcset=\"https:\/\/www.2muve.de\/wp-content\/uploads\/2016\/10\/MuenchenVenedig_26_3-400x400.jpg 400w, https:\/\/www.2muve.de\/wp-content\/uploads\/2016\/10\/MuenchenVenedig_26_3-150x150.jpg 150w\" sizes=\"auto, (max-width: 400px) 100vw, 400px\" class=\"light-dropshaddow\"\/><\/a><\/div><\/div><div class=\"tcol-lg-4 tcol-md-4 tcol-sm-4 tcol-xs-6 tcol-ss-12 g_item\"><div class=\"grid_item kad_gallery_fade_in gallery_item\"><a href=\"https:\/\/www.2muve.de\/wp-content\/uploads\/2016\/10\/MuenchenVenedig_26_4.jpg\" data-rel=\"lightbox\" class=\"lightboxhover\"><img loading=\"lazy\" decoding=\"async\" src=\"https:\/\/www.2muve.de\/wp-content\/uploads\/2016\/10\/MuenchenVenedig_26_4-400x400.jpg\" width=\"400\" height=\"400\" alt=\"Am Strand von Cavallino\" srcset=\"https:\/\/www.2muve.de\/wp-content\/uploads\/2016\/10\/MuenchenVenedig_26_4-400x400.jpg 400w, https:\/\/www.2muve.de\/wp-content\/uploads\/2016\/10\/MuenchenVenedig_26_4-150x150.jpg 150w\" sizes=\"auto, (max-width: 400px) 100vw, 400px\" class=\"light-dropshaddow\"\/><\/a><\/div><\/div><div class=\"tcol-lg-4 tcol-md-4 tcol-sm-4 tcol-xs-6 tcol-ss-12 g_item\"><div class=\"grid_item kad_gallery_fade_in gallery_item\"><a href=\"https:\/\/www.2muve.de\/wp-content\/uploads\/2016\/10\/MuenchenVenedig_26_5.jpg\" data-rel=\"lightbox\" class=\"lightboxhover\"><img loading=\"lazy\" decoding=\"async\" src=\"https:\/\/www.2muve.de\/wp-content\/uploads\/2016\/10\/MuenchenVenedig_26_5-400x400.jpg\" width=\"400\" height=\"400\" alt=\"2muve war da :-)\" srcset=\"https:\/\/www.2muve.de\/wp-content\/uploads\/2016\/10\/MuenchenVenedig_26_5-400x400.jpg 400w, https:\/\/www.2muve.de\/wp-content\/uploads\/2016\/10\/MuenchenVenedig_26_5-150x150.jpg 150w, https:\/\/www.2muve.de\/wp-content\/uploads\/2016\/10\/MuenchenVenedig_26_5-365x365.jpg 365w\" sizes=\"auto, (max-width: 400px) 100vw, 400px\" class=\"light-dropshaddow\"\/><\/a><\/div><\/div><\/div>\n<p>Um kurz vor vier wurden wir wieder wach und waren etwas irritiert, dass wir ausgerechnet an diesem ruhigen Tag offensichtlich v\u00f6llig kaputt waren. Die Pause tat wohl ganz gut \ud83d\ude09 . Jetzt war es aber Zeit, endlich ans Meer zu gehen! Die Sonne war mittlerweile wieder hervorgekommen und wir wechselten von Wanderklamotten in Bikini und liefen dem Meer entgegen. Und dann endlich, es kam der Sand, wir h\u00f6rten das Meeresrauschen und dann standen wir direkt davor. Wir hatten ein breites Grinsen im Gesicht. Wir waren am Meer! (Fast) zu Fu\u00df! Unglaublich!<\/p>\n<div id=\"kad-wp-gallery98\" class=\"kad-wp-gallery kad-light-wp-gallery clearfix kt-gallery-column-3 rowtight\"><div class=\"tcol-lg-4 tcol-md-4 tcol-sm-4 tcol-xs-6 tcol-ss-12 g_item\"><div class=\"grid_item kad_gallery_fade_in gallery_item\"><a href=\"https:\/\/www.2muve.de\/wp-content\/uploads\/2016\/10\/MuenchenVenedig_26_6.jpg\" data-rel=\"lightbox\" class=\"lightboxhover\"><img loading=\"lazy\" decoding=\"async\" src=\"https:\/\/www.2muve.de\/wp-content\/uploads\/2016\/10\/MuenchenVenedig_26_6-400x400.jpg\" width=\"400\" height=\"400\" alt=\"Spa\u00df im Meer :-)\" srcset=\"https:\/\/www.2muve.de\/wp-content\/uploads\/2016\/10\/MuenchenVenedig_26_6-400x400.jpg 400w, https:\/\/www.2muve.de\/wp-content\/uploads\/2016\/10\/MuenchenVenedig_26_6-150x150.jpg 150w\" sizes=\"auto, (max-width: 400px) 100vw, 400px\" class=\"light-dropshaddow\"\/><\/a><\/div><\/div><div class=\"tcol-lg-4 tcol-md-4 tcol-sm-4 tcol-xs-6 tcol-ss-12 g_item\"><div class=\"grid_item kad_gallery_fade_in gallery_item\"><a href=\"https:\/\/www.2muve.de\/wp-content\/uploads\/2016\/10\/MuenchenVenedig_26_7.jpg\" data-rel=\"lightbox\" class=\"lightboxhover\"><img loading=\"lazy\" decoding=\"async\" src=\"https:\/\/www.2muve.de\/wp-content\/uploads\/2016\/10\/MuenchenVenedig_26_7-400x400.jpg\" width=\"400\" height=\"400\" alt=\"Sand an den Wanderf\u00fc\u00dfen\" srcset=\"https:\/\/www.2muve.de\/wp-content\/uploads\/2016\/10\/MuenchenVenedig_26_7-400x400.jpg 400w, https:\/\/www.2muve.de\/wp-content\/uploads\/2016\/10\/MuenchenVenedig_26_7-150x150.jpg 150w\" sizes=\"auto, (max-width: 400px) 100vw, 400px\" class=\"light-dropshaddow\"\/><\/a><\/div><\/div><\/div>\n<p>Wir liefen barfu\u00df durch den Sand, spielten ein wenig rum und dann war es endlich so weit &#8211; und ich danke Night Owl daf\u00fcr, dass sie mir den Vortritt gelassen hat, ich konnte es kaum abwarten: Ich lief voller Freude ins Meer! Lang, lang, ist&#8217;s her, dass ich das letzte Mal im Meer gewesen war. Umso sch\u00f6ner war es, mit den Wellen zu schwimmen, das Meerwasser auf der Haut zu sp\u00fcren und hier zu sein. Nach dieser freudigen Plantschaktion ging ich aber wieder zur\u00fcck zu Night Owl, dass auch sie den freudigen Moment erleben konnte. Und so verbrachten wir noch eine Weile am Meer, genossen das Wasser und gingen dann gl\u00fccklich zur\u00fcck zum Hotel.<\/p>\n<p>Nachdem wir uns von Sand und Meerwasser wieder sauber gemacht hatten, wollten wir essen gehen. Eigentlich in einem Restaurant, als wir allerdings zum Supermarkt kamen, entschieden wir uns um. Wir deckten uns mit leckeren Sachen ein (und die Italiener haben erstaunlich viele leckere vegane Sachen!) und suchten uns dann auf einem gr\u00f6\u00dferen Platz eine Bank und genossen unser Abendessen im Freien. Da es langsam kalt wurde, kam die Nachspeise mit ins Hotel und wir beendeten diesen sch\u00f6nen Tag. Wir hatten es geschafft &#8211; wir waren am Meer! Und damit fast am Ziel \ud83d\ude42 .<\/p>\n<p><strong>Erkenntnis des Tages:<\/strong><br \/>\nEs ist erlaubt und wichtig, das zu tun, was einem gut tut.<\/p>\n<p><strong>Fazit:<\/strong><br \/>\nSchon nach der ersten Etappe von M\u00fcnchen-Venedig war klar, dass wir uns lange Flachlandetappen nicht antun wollen. Wir hatten zwischendurch mal gezweifelt, aber es war im Endeffekt genau die richtige Entscheidung, diesen Teil mit dem Bus zu fahren. Daf\u00fcr hatten wir einen wundersch\u00f6nen Nachmittag am Meer \ud83d\ude42 . Noch ein Tag bis Venedig!<\/p>\n<p>Liebe Gr\u00fc\u00dfe,<br \/>\nEarly Bird \ud83d\ude42<\/p>\n[sgpx gpx=&#8220;\/wp-content\/uploads\/gpx\/muve_tag26.gpx&#8220;] <\/p>\n","protected":false},"excerpt":{"rendered":"<p>Zusammenfassung: Bei Regen sind wir von San Bartolomeo einen Stra\u00dfenweg bis Bocca Callalta und in den zugeh\u00f6rigen Ortsteil Fossa gelaufen. Dort haben wir uns dann getraut und haben die restliche Strecke bis Cavallino mit dem Bus zur\u00fcckgelegt. Und am Nachmittag &hellip; <a href=\"https:\/\/www.2muve.de\/index.php\/muve-etappe-26-san-bartolomeo-cavallino\/\">Weiter<\/a><\/p>\n","protected":false},"author":1,"featured_media":8782,"comment_status":"open","ping_status":"closed","sticky":false,"template":"","format":"standard","meta":{"kt_blocks_editor_width":"","footnotes":""},"categories":[52],"tags":[278,129,275,272,276,273,274,279,125,277,261,282,280,281,68],"class_list":["post-8777","post","type-post","status-publish","format-standard","has-post-thumbnail","hentry","category-muvefar","tag-adria","tag-alpenueberquerung","tag-bocca-callalta","tag-cavallino","tag-fossa","tag-jesolo","tag-lido-di-jesolo","tag-meer","tag-muenchen-venedig","tag-musile-di-piave","tag-san-bartolomeo","tag-san-dona-di-piave","tag-sand","tag-strand","tag-traumpfad"],"_links":{"self":[{"href":"https:\/\/www.2muve.de\/index.php\/wp-json\/wp\/v2\/posts\/8777","targetHints":{"allow":["GET"]}}],"collection":[{"href":"https:\/\/www.2muve.de\/index.php\/wp-json\/wp\/v2\/posts"}],"about":[{"href":"https:\/\/www.2muve.de\/index.php\/wp-json\/wp\/v2\/types\/post"}],"author":[{"embeddable":true,"href":"https:\/\/www.2muve.de\/index.php\/wp-json\/wp\/v2\/users\/1"}],"replies":[{"embeddable":true,"href":"https:\/\/www.2muve.de\/index.php\/wp-json\/wp\/v2\/comments?post=8777"}],"version-history":[{"count":6,"href":"https:\/\/www.2muve.de\/index.php\/wp-json\/wp\/v2\/posts\/8777\/revisions"}],"predecessor-version":[{"id":8797,"href":"https:\/\/www.2muve.de\/index.php\/wp-json\/wp\/v2\/posts\/8777\/revisions\/8797"}],"wp:featuredmedia":[{"embeddable":true,"href":"https:\/\/www.2muve.de\/index.php\/wp-json\/wp\/v2\/media\/8782"}],"wp:attachment":[{"href":"https:\/\/www.2muve.de\/index.php\/wp-json\/wp\/v2\/media?parent=8777"}],"wp:term":[{"taxonomy":"category","embeddable":true,"href":"https:\/\/www.2muve.de\/index.php\/wp-json\/wp\/v2\/categories?post=8777"},{"taxonomy":"post_tag","embeddable":true,"href":"https:\/\/www.2muve.de\/index.php\/wp-json\/wp\/v2\/tags?post=8777"}],"curies":[{"name":"wp","href":"https:\/\/api.w.org\/{rel}","templated":true}]}}