{"id":8839,"date":"2016-10-29T19:18:05","date_gmt":"2016-10-29T18:18:05","guid":{"rendered":"http:\/\/www.2muve.de\/?p=8839"},"modified":"2016-10-29T19:18:05","modified_gmt":"2016-10-29T18:18:05","slug":"muve-etappe-28-venedig-muenchen","status":"publish","type":"post","link":"https:\/\/www.2muve.de\/index.php\/muve-etappe-28-venedig-muenchen\/","title":{"rendered":"muve &#8222;Etappe&#8220; 28: Venedig &#8211; M\u00fcnchen"},"content":{"rendered":"<div class=\"blockquote blockquote-full postclass clearfix\">\n<ul id=\"track_ov\">\n<li id=\"time\">7:15h<\/li>\n<li id=\"public\">Zwischenhalte auf der gesamten Strecke<\/li>\n<li id=\"distance\">ca. 550 km<\/li>\n<li id=\"equipment\">Gute Schuhe, Gep\u00e4ck f\u00fcr vier Wochen<\/li>\n<\/ul>\n<\/div><div class=\"clearfix\"><\/div>\n<p><strong>Zusammenfassung:<\/strong><br \/>\nNun blieb nur noch der Heimreisetag. Anstatt uns zu bewegen, sa\u00dfen wir stundenlang im Zug und fuhren die ganze Strecke wieder zur\u00fcck, die wir zu Fu\u00df gekommen waren. Nun war es wirklich vorbei.<\/p>\n<p><strong>Details:<\/strong><br \/>\nSchon fr\u00fch am Morgen hatten wir uns den Wecker gestellt, um auch rechtzeitig fertig zu werden. Wir machten uns ein Fr\u00fchst\u00fcck, packten unsere Sachen und liefen los. Ein letztes Mal ging es durch die Gassen Venedigs.<\/p>\n<div id=\"kad-wp-gallery93\" class=\"kad-wp-gallery kad-light-wp-gallery clearfix kt-gallery-column-2 rowtight\"><div class=\"tcol-lg-6 tcol-md-6 tcol-sm-6 tcol-xs-12 tcol-ss-12 g_item\"><div class=\"grid_item kad_gallery_fade_in gallery_item\"><a href=\"https:\/\/www.2muve.de\/wp-content\/uploads\/2016\/10\/MuenchenVenedig_28_1.jpg\" data-rel=\"lightbox\" class=\"lightboxhover\"><img loading=\"lazy\" decoding=\"async\" src=\"https:\/\/www.2muve.de\/wp-content\/uploads\/2016\/10\/MuenchenVenedig_28_1.jpg\" width=\"600\" height=\"400\" alt=\"Letzter Blick in die Kan\u00e4le\" srcset=\"https:\/\/www.2muve.de\/wp-content\/uploads\/2016\/10\/MuenchenVenedig_28_1.jpg 600w, https:\/\/www.2muve.de\/wp-content\/uploads\/2016\/10\/MuenchenVenedig_28_1-300x200.jpg 300w\" sizes=\"auto, (max-width: 600px) 100vw, 600px\" class=\"light-dropshaddow\"\/><\/a><\/div><\/div><div class=\"tcol-lg-6 tcol-md-6 tcol-sm-6 tcol-xs-12 tcol-ss-12 g_item\"><div class=\"grid_item kad_gallery_fade_in gallery_item\"><a href=\"https:\/\/www.2muve.de\/wp-content\/uploads\/2016\/10\/MuenchenVenedig_28_2.jpg\" data-rel=\"lightbox\" class=\"lightboxhover\"><img loading=\"lazy\" decoding=\"async\" src=\"https:\/\/www.2muve.de\/wp-content\/uploads\/2016\/10\/MuenchenVenedig_28_2.jpg\" width=\"600\" height=\"400\" alt=\"Letzter Blick in die Kan\u00e4le\" srcset=\"https:\/\/www.2muve.de\/wp-content\/uploads\/2016\/10\/MuenchenVenedig_28_2.jpg 600w, https:\/\/www.2muve.de\/wp-content\/uploads\/2016\/10\/MuenchenVenedig_28_2-300x200.jpg 300w\" sizes=\"auto, (max-width: 600px) 100vw, 600px\" class=\"light-dropshaddow\"\/><\/a><\/div><\/div><\/div>\n<p>Es war nichts los, wir hatten einen ungest\u00f6rten Blick in die Kan\u00e4le und durch die gerade aufgehende Sonne lag Venedig in besonders sch\u00f6nen Farben vor uns. Wir spazierten langsam zum Bahnhof und kosteten die letzten Minuten unserer Reise aus.<\/p>\n<div id=\"kad-wp-gallery50\" class=\"kad-wp-gallery kad-light-wp-gallery clearfix kt-gallery-column-2 rowtight\"><div class=\"tcol-lg-6 tcol-md-6 tcol-sm-6 tcol-xs-12 tcol-ss-12 g_item\"><div class=\"grid_item kad_gallery_fade_in gallery_item\"><a href=\"https:\/\/www.2muve.de\/wp-content\/uploads\/2016\/10\/MuenchenVenedig_28_3.jpg\" data-rel=\"lightbox\" class=\"lightboxhover\"><img loading=\"lazy\" decoding=\"async\" src=\"https:\/\/www.2muve.de\/wp-content\/uploads\/2016\/10\/MuenchenVenedig_28_3.jpg\" width=\"600\" height=\"400\" alt=\"Venedig bei Sonnenaufgang\" srcset=\"https:\/\/www.2muve.de\/wp-content\/uploads\/2016\/10\/MuenchenVenedig_28_3.jpg 600w, https:\/\/www.2muve.de\/wp-content\/uploads\/2016\/10\/MuenchenVenedig_28_3-300x200.jpg 300w\" sizes=\"auto, (max-width: 600px) 100vw, 600px\" class=\"light-dropshaddow\"\/><\/a><\/div><\/div><div class=\"tcol-lg-6 tcol-md-6 tcol-sm-6 tcol-xs-12 tcol-ss-12 g_item\"><div class=\"grid_item kad_gallery_fade_in gallery_item\"><a href=\"https:\/\/www.2muve.de\/wp-content\/uploads\/2016\/10\/MuenchenVenedig_28_4.jpg\" data-rel=\"lightbox\" class=\"lightboxhover\"><img loading=\"lazy\" decoding=\"async\" src=\"https:\/\/www.2muve.de\/wp-content\/uploads\/2016\/10\/MuenchenVenedig_28_4.jpg\" width=\"600\" height=\"400\" alt=\"Beeindruckende Geb\u00e4ude\" srcset=\"https:\/\/www.2muve.de\/wp-content\/uploads\/2016\/10\/MuenchenVenedig_28_4.jpg 600w, https:\/\/www.2muve.de\/wp-content\/uploads\/2016\/10\/MuenchenVenedig_28_4-300x200.jpg 300w\" sizes=\"auto, (max-width: 600px) 100vw, 600px\" class=\"light-dropshaddow\"\/><\/a><\/div><\/div><\/div>\n<p>Aber da war er auch schon, der durchaus beeindruckende Bahnhof direkt am Wasser. Wir machten ein paar Abschlussfotos und gingen dann in den Bahnhof und suchten das Gleis f\u00fcr den Zug nach Verona. Das war schnell gefunden und auch der Zug war schon da.<\/p>\n<div id=\"kad-wp-gallery47\" class=\"kad-wp-gallery kad-light-wp-gallery clearfix kt-gallery-column-2 rowtight\"><div class=\"tcol-lg-6 tcol-md-6 tcol-sm-6 tcol-xs-12 tcol-ss-12 g_item\"><div class=\"grid_item kad_gallery_fade_in gallery_item\"><a href=\"https:\/\/www.2muve.de\/wp-content\/uploads\/2016\/10\/MuenchenVenedig_28_5.jpg\" data-rel=\"lightbox\" class=\"lightboxhover\"><img loading=\"lazy\" decoding=\"async\" src=\"https:\/\/www.2muve.de\/wp-content\/uploads\/2016\/10\/MuenchenVenedig_28_5.jpg\" width=\"600\" height=\"400\" alt=\"Bahnhof in Venedig\" srcset=\"https:\/\/www.2muve.de\/wp-content\/uploads\/2016\/10\/MuenchenVenedig_28_5.jpg 600w, https:\/\/www.2muve.de\/wp-content\/uploads\/2016\/10\/MuenchenVenedig_28_5-300x200.jpg 300w\" sizes=\"auto, (max-width: 600px) 100vw, 600px\" class=\"light-dropshaddow\"\/><\/a><\/div><\/div><div class=\"tcol-lg-6 tcol-md-6 tcol-sm-6 tcol-xs-12 tcol-ss-12 g_item\"><div class=\"grid_item kad_gallery_fade_in gallery_item\"><a href=\"https:\/\/www.2muve.de\/wp-content\/uploads\/2016\/10\/MuenchenVenedig_28_6.jpg\" data-rel=\"lightbox\" class=\"lightboxhover\"><img loading=\"lazy\" decoding=\"async\" src=\"https:\/\/www.2muve.de\/wp-content\/uploads\/2016\/10\/MuenchenVenedig_28_6.jpg\" width=\"600\" height=\"400\" alt=\"Unser Zug nach Verona\" srcset=\"https:\/\/www.2muve.de\/wp-content\/uploads\/2016\/10\/MuenchenVenedig_28_6.jpg 600w, https:\/\/www.2muve.de\/wp-content\/uploads\/2016\/10\/MuenchenVenedig_28_6-300x200.jpg 300w\" sizes=\"auto, (max-width: 600px) 100vw, 600px\" class=\"light-dropshaddow\"\/><\/a><\/div><\/div><\/div>\n<p>Wir stiegen ein, suchten uns einen sch\u00f6nen Platz und warteten bis der Zug losfuhr. \u00dcber eine Br\u00fccke ging&#8217;s zur\u00fcck zum Festland und dann waren wir tats\u00e4chlich auf dem Weg. Nach knapp eineinhalb Stunden waren wir in Verona und stiegen in den Eurocity nach M\u00fcnchen. Jetzt war es tats\u00e4chlich so weit und das Gef\u00fchl des Abschiednehmens stellte sich richtig ein. Wir waren auf dem Weg nach M\u00fcnchen, auf dem Heimweg.<\/p>\n<p>Nun war viel Zeit. Der Zug war voll und alle Pl\u00e4tze reserviert. Wir sa\u00dfen an einem Viererplatz mit einem Paar, das vom Radl fahren in Italien zur\u00fcckfuhr. Ein St\u00fcck sp\u00e4ter gab es einen besonderen Zufall: Das P\u00e4rchen, das wir in der Voldertalh\u00fctte kennengelernt hatten, stieg zu. Wir unterhielten uns eine Weile und verbrachten dann den Rest der Zeit mit essen, Erinnerungen aufschreiben, lesen, schlafen und einem sch\u00f6nen Gespr\u00e4ch mit unseren Sitznachbarn.<\/p>\n<p>Nach f\u00fcr mich gef\u00fchlt unendlich langer Zeit war es dann so weit. Wir stiegen in M\u00fcnchen Ost aus und wechselten zur S-Bahn. Und sp\u00e4testens da kam ein seltsames Gef\u00fchl auf &#8211; eine Mischung aus Trauer und Freude, aus Verwirrung und Gewohnheit, aus Sehnsucht und Gl\u00fcck. Vier Wochen sp\u00e4ter waren wir wieder daheim.<\/p>\n<p><strong>Erkenntnis des Tages:<\/strong><br \/>\nDer Weg von vier Wochen zu Fu\u00df kann in sieben Stunden mit dem Zug zur\u00fcckgelegt werden.<\/p>\n<p><strong>Fazit:<\/strong><br \/>\nLange Zugfahrten sind anstrengend &#8211; vor allem wenn man keinen Doppelplatz f\u00fcr sich allein hat \ud83d\ude09 . Die gr\u00f6\u00dfte \u00dcberraschung war sogar auf diesem &#8222;Wegabschnitt&#8220; bekannte Gesichter zu treffen. Das Wiederankommen in M\u00fcnchen war seltsam, wir f\u00fchlten uns nicht wirklich zugeh\u00f6rig. Die Vorfreude auf daheim war aber auch unendlich gro\u00df. Das waren gemischte Gef\u00fchle an unserem allerletzten Tag unseres Traumpfades.<\/p>\n<p>Liebe Gr\u00fc\u00dfe,<br \/>\nEarly Bird \ud83d\ude42<\/p>\n","protected":false},"excerpt":{"rendered":"<p>Zusammenfassung: Nun blieb nur noch der Heimreisetag. Anstatt uns zu bewegen, sa\u00dfen wir stundenlang im Zug und fuhren die ganze Strecke wieder zur\u00fcck, die wir zu Fu\u00df gekommen waren. Nun war es wirklich vorbei. Details: Schon fr\u00fch am Morgen hatten &hellip; <a href=\"https:\/\/www.2muve.de\/index.php\/muve-etappe-28-venedig-muenchen\/\">Weiter<\/a><\/p>\n","protected":false},"author":1,"featured_media":8842,"comment_status":"open","ping_status":"closed","sticky":false,"template":"","format":"standard","meta":{"kt_blocks_editor_width":"","footnotes":""},"categories":[52],"tags":[129,69,125,68,70,285],"class_list":["post-8839","post","type-post","status-publish","format-standard","has-post-thumbnail","hentry","category-muvefar","tag-alpenueberquerung","tag-muenchen","tag-muenchen-venedig","tag-traumpfad","tag-venedig","tag-verona"],"_links":{"self":[{"href":"https:\/\/www.2muve.de\/index.php\/wp-json\/wp\/v2\/posts\/8839","targetHints":{"allow":["GET"]}}],"collection":[{"href":"https:\/\/www.2muve.de\/index.php\/wp-json\/wp\/v2\/posts"}],"about":[{"href":"https:\/\/www.2muve.de\/index.php\/wp-json\/wp\/v2\/types\/post"}],"author":[{"embeddable":true,"href":"https:\/\/www.2muve.de\/index.php\/wp-json\/wp\/v2\/users\/1"}],"replies":[{"embeddable":true,"href":"https:\/\/www.2muve.de\/index.php\/wp-json\/wp\/v2\/comments?post=8839"}],"version-history":[{"count":3,"href":"https:\/\/www.2muve.de\/index.php\/wp-json\/wp\/v2\/posts\/8839\/revisions"}],"predecessor-version":[{"id":8848,"href":"https:\/\/www.2muve.de\/index.php\/wp-json\/wp\/v2\/posts\/8839\/revisions\/8848"}],"wp:featuredmedia":[{"embeddable":true,"href":"https:\/\/www.2muve.de\/index.php\/wp-json\/wp\/v2\/media\/8842"}],"wp:attachment":[{"href":"https:\/\/www.2muve.de\/index.php\/wp-json\/wp\/v2\/media?parent=8839"}],"wp:term":[{"taxonomy":"category","embeddable":true,"href":"https:\/\/www.2muve.de\/index.php\/wp-json\/wp\/v2\/categories?post=8839"},{"taxonomy":"post_tag","embeddable":true,"href":"https:\/\/www.2muve.de\/index.php\/wp-json\/wp\/v2\/tags?post=8839"}],"curies":[{"name":"wp","href":"https:\/\/api.w.org\/{rel}","templated":true}]}}