{"id":8850,"date":"2016-11-05T23:08:56","date_gmt":"2016-11-05T22:08:56","guid":{"rendered":"http:\/\/www.2muve.de\/?p=8850"},"modified":"2016-11-06T08:48:54","modified_gmt":"2016-11-06T07:48:54","slug":"muve-von-muenchen-bis-ins-inntal","status":"publish","type":"post","link":"https:\/\/www.2muve.de\/index.php\/muve-von-muenchen-bis-ins-inntal\/","title":{"rendered":"muve: Von M\u00fcnchen bis ins Inntal"},"content":{"rendered":"<p>Die ersten sieben Etappen haben uns vom M\u00fcnchener Marienplatz, durch die bayerischen Voralpen ins Karwendel bis zum Inntal gef\u00fchrt. Es war unsere erste Woche der Tour, die uns auf das weite Wandern eingestimmt hat.<\/p>\n<div id=\"kad-wp-gallery59\" class=\"kad-wp-gallery kad-light-wp-gallery clearfix kt-gallery-column-3 rowtight\"><div class=\"tcol-lg-4 tcol-md-4 tcol-sm-4 tcol-xs-6 tcol-ss-12 g_item\"><div class=\"grid_item kad_gallery_fade_in gallery_item\"><a href=\"https:\/\/www.2muve.de\/wp-content\/uploads\/2016\/08\/MuenchenVenedig_01_0.jpg\" data-rel=\"lightbox\" class=\"lightboxhover\"><img loading=\"lazy\" decoding=\"async\" src=\"https:\/\/www.2muve.de\/wp-content\/uploads\/2016\/08\/MuenchenVenedig_01_0-400x400.jpg\" width=\"400\" height=\"400\" alt=\"Marienplatz\" srcset=\"https:\/\/www.2muve.de\/wp-content\/uploads\/2016\/08\/MuenchenVenedig_01_0-400x400.jpg 400w, https:\/\/www.2muve.de\/wp-content\/uploads\/2016\/08\/MuenchenVenedig_01_0-150x150.jpg 150w, https:\/\/www.2muve.de\/wp-content\/uploads\/2016\/08\/MuenchenVenedig_01_0-365x365.jpg 365w\" sizes=\"auto, (max-width: 400px) 100vw, 400px\" class=\"light-dropshaddow\"\/><\/a><\/div><\/div><div class=\"tcol-lg-4 tcol-md-4 tcol-sm-4 tcol-xs-6 tcol-ss-12 g_item\"><div class=\"grid_item kad_gallery_fade_in gallery_item\"><a href=\"https:\/\/www.2muve.de\/wp-content\/uploads\/2016\/08\/MuenchenVenedig_01_1.jpg\" data-rel=\"lightbox\" class=\"lightboxhover\"><img loading=\"lazy\" decoding=\"async\" src=\"https:\/\/www.2muve.de\/wp-content\/uploads\/2016\/08\/MuenchenVenedig_01_1-400x400.jpg\" width=\"400\" height=\"400\" alt=\"Treffpunkt am Marienplatz\" srcset=\"https:\/\/www.2muve.de\/wp-content\/uploads\/2016\/08\/MuenchenVenedig_01_1-400x400.jpg 400w, https:\/\/www.2muve.de\/wp-content\/uploads\/2016\/08\/MuenchenVenedig_01_1-150x150.jpg 150w\" sizes=\"auto, (max-width: 400px) 100vw, 400px\" class=\"light-dropshaddow\"\/><\/a><\/div><\/div><div class=\"tcol-lg-4 tcol-md-4 tcol-sm-4 tcol-xs-6 tcol-ss-12 g_item\"><div class=\"grid_item kad_gallery_fade_in gallery_item\"><a href=\"https:\/\/www.2muve.de\/wp-content\/uploads\/2016\/08\/MuenchenVenedig_01_2.jpg\" data-rel=\"lightbox\" class=\"lightboxhover\"><img loading=\"lazy\" decoding=\"async\" src=\"https:\/\/www.2muve.de\/wp-content\/uploads\/2016\/08\/MuenchenVenedig_01_2-400x400.jpg\" width=\"400\" height=\"400\" alt=\"Deutsches Museum\" srcset=\"https:\/\/www.2muve.de\/wp-content\/uploads\/2016\/08\/MuenchenVenedig_01_2-400x400.jpg 400w, https:\/\/www.2muve.de\/wp-content\/uploads\/2016\/08\/MuenchenVenedig_01_2-150x150.jpg 150w\" sizes=\"auto, (max-width: 400px) 100vw, 400px\" class=\"light-dropshaddow\"\/><\/a><\/div><\/div><\/div>\n<p><strong>Der Weg:<\/strong><br \/>\nWir starteten ganz klassisch am M\u00fcnchener Marienplatz und wanderten dann die Isar entlang bis nach Wolfratshausen. Von dort aus ging es weiter bis Bad T\u00f6lz und Lenggries. In Lenggries kamen wir endlich in die Berge und wanderten hoch zum Brauneck und \u00fcber den Gratweg zur Tutzinger H\u00fctte. Nach einem Abstecher zur Benediktenwand f\u00fchrte uns der Weg weiter zur Jachenau und dann \u00fcber die Berge weiter nach Vorderri\u00df. Von dort ging es zum Karwendelhaus und f\u00fcr uns dann nach Innsbruck. Der offizielle Weg geht \u00fcber die Birkkarspitze zum Hallerangerhaus und dann \u00fcber Hall weiter. Wir starteten von Hall aus und wanderten von dort zur Voldertalh\u00fctte.<\/p>\n<div id=\"kad-wp-gallery53\" class=\"kad-wp-gallery kad-light-wp-gallery clearfix kt-gallery-column-4 rowtight\"><div class=\"tcol-lg-3 tcol-md-3 tcol-sm-4 tcol-xs-6 tcol-ss-12 g_item\"><div class=\"grid_item kad_gallery_fade_in gallery_item\"><a href=\"https:\/\/www.2muve.de\/wp-content\/uploads\/2016\/08\/MuenchenVenedig_01_5.jpg\" data-rel=\"lightbox\" class=\"lightboxhover\"><img loading=\"lazy\" decoding=\"async\" src=\"https:\/\/www.2muve.de\/wp-content\/uploads\/2016\/08\/MuenchenVenedig_01_5-300x300.jpg\" width=\"300\" height=\"300\" alt=\"Die Isar richtig idyllisch\" srcset=\"https:\/\/www.2muve.de\/wp-content\/uploads\/2016\/08\/MuenchenVenedig_01_5-300x300.jpg 300w, https:\/\/www.2muve.de\/wp-content\/uploads\/2016\/08\/MuenchenVenedig_01_5-150x150.jpg 150w, https:\/\/www.2muve.de\/wp-content\/uploads\/2016\/08\/MuenchenVenedig_01_5-365x365.jpg 365w\" sizes=\"auto, (max-width: 300px) 100vw, 300px\" class=\"light-dropshaddow\"\/><\/a><\/div><\/div><div class=\"tcol-lg-3 tcol-md-3 tcol-sm-4 tcol-xs-6 tcol-ss-12 g_item\"><div class=\"grid_item kad_gallery_fade_in gallery_item\"><a href=\"https:\/\/www.2muve.de\/wp-content\/uploads\/2016\/08\/MuenchenVenedig_01_7.jpg\" data-rel=\"lightbox\" class=\"lightboxhover\"><img loading=\"lazy\" decoding=\"async\" src=\"https:\/\/www.2muve.de\/wp-content\/uploads\/2016\/08\/MuenchenVenedig_01_7-300x300.jpg\" width=\"300\" height=\"300\" alt=\"Verdiente Pause\" srcset=\"https:\/\/www.2muve.de\/wp-content\/uploads\/2016\/08\/MuenchenVenedig_01_7-300x300.jpg 300w, https:\/\/www.2muve.de\/wp-content\/uploads\/2016\/08\/MuenchenVenedig_01_7-150x150.jpg 150w, https:\/\/www.2muve.de\/wp-content\/uploads\/2016\/08\/MuenchenVenedig_01_7-400x400.jpg 400w\" sizes=\"auto, (max-width: 300px) 100vw, 300px\" class=\"light-dropshaddow\"\/><\/a><\/div><\/div><div class=\"tcol-lg-3 tcol-md-3 tcol-sm-4 tcol-xs-6 tcol-ss-12 g_item\"><div class=\"grid_item kad_gallery_fade_in gallery_item\"><a href=\"https:\/\/www.2muve.de\/wp-content\/uploads\/2016\/08\/MuenchenVenedig_01_10.jpg\" data-rel=\"lightbox\" class=\"lightboxhover\"><img loading=\"lazy\" decoding=\"async\" src=\"https:\/\/www.2muve.de\/wp-content\/uploads\/2016\/08\/MuenchenVenedig_01_10-300x300.jpg\" width=\"300\" height=\"300\" alt=\"Strandfeeling schon am ersten Tag\" srcset=\"https:\/\/www.2muve.de\/wp-content\/uploads\/2016\/08\/MuenchenVenedig_01_10-300x300.jpg 300w, https:\/\/www.2muve.de\/wp-content\/uploads\/2016\/08\/MuenchenVenedig_01_10-150x150.jpg 150w, https:\/\/www.2muve.de\/wp-content\/uploads\/2016\/08\/MuenchenVenedig_01_10-400x400.jpg 400w\" sizes=\"auto, (max-width: 300px) 100vw, 300px\" class=\"light-dropshaddow\"\/><\/a><\/div><\/div><div class=\"tcol-lg-3 tcol-md-3 tcol-sm-4 tcol-xs-6 tcol-ss-12 g_item\"><div class=\"grid_item kad_gallery_fade_in gallery_item\"><a href=\"https:\/\/www.2muve.de\/wp-content\/uploads\/2016\/08\/MuenchenVenedig_02_3.jpg\" data-rel=\"lightbox\" class=\"lightboxhover\"><img loading=\"lazy\" decoding=\"async\" src=\"https:\/\/www.2muve.de\/wp-content\/uploads\/2016\/08\/MuenchenVenedig_02_3-300x300.jpg\" width=\"300\" height=\"300\" alt=\"Urwaldpfade an der Isar\" srcset=\"https:\/\/www.2muve.de\/wp-content\/uploads\/2016\/08\/MuenchenVenedig_02_3-300x300.jpg 300w, https:\/\/www.2muve.de\/wp-content\/uploads\/2016\/08\/MuenchenVenedig_02_3-150x150.jpg 150w, https:\/\/www.2muve.de\/wp-content\/uploads\/2016\/08\/MuenchenVenedig_02_3-400x400.jpg 400w\" sizes=\"auto, (max-width: 300px) 100vw, 300px\" class=\"light-dropshaddow\"\/><\/a><\/div><\/div><\/div>\n<p><strong>Unser Eindruck:<\/strong><br \/>\nF\u00fcr uns war diese definitiv die anstrengendste Woche. Wir hatten stark zu k\u00e4mpfen mit unseren F\u00fc\u00dfen, die durch die Barfu\u00dfschuhe stark schmerzten. Ab Innsbruck hatten wir beide andere Schuhe und konnten entspannt weiterwandern. Es hat auch die Zeit gebraucht, um uns an das Wandern zu gew\u00f6hnen. Nach dem ersten Tag hatten wir Schulter-, H\u00fcft- und Fu\u00dfschmerzen. Das dauerte ein paar Tage, bis sich das gelegt hatte. Die flachen Etappen waren f\u00fcr uns auch eher uninteressant, ab Lenggries hatten wir richtig Spa\u00df. Als wir dann auch richtig in den Bergen unterwegs waren, begann f\u00fcr uns die Wanderung erst. Der erste Abschnitt f\u00fchrt ein ins Fernwandern, so richtig in die Berge ging&#8217;s f\u00fcr uns erst danach &#8211; auch weil wir die Birkkarspitze wegen schlechtem Wetter und Fu\u00dfproblemen umgehen mussten.<\/p>\n<div id=\"kad-wp-gallery64\" class=\"kad-wp-gallery kad-light-wp-gallery clearfix kt-gallery-column-4 rowtight\"><div class=\"tcol-lg-3 tcol-md-3 tcol-sm-4 tcol-xs-6 tcol-ss-12 g_item\"><div class=\"grid_item kad_gallery_fade_in gallery_item\"><a href=\"https:\/\/www.2muve.de\/wp-content\/uploads\/2016\/08\/MuenchenVenedig_02_5.jpg\" data-rel=\"lightbox\" class=\"lightboxhover\"><img loading=\"lazy\" decoding=\"async\" src=\"https:\/\/www.2muve.de\/wp-content\/uploads\/2016\/08\/MuenchenVenedig_02_5-300x300.jpg\" width=\"300\" height=\"300\" alt=\"Unser Pausenplatz\" srcset=\"https:\/\/www.2muve.de\/wp-content\/uploads\/2016\/08\/MuenchenVenedig_02_5-300x300.jpg 300w, https:\/\/www.2muve.de\/wp-content\/uploads\/2016\/08\/MuenchenVenedig_02_5-150x150.jpg 150w, https:\/\/www.2muve.de\/wp-content\/uploads\/2016\/08\/MuenchenVenedig_02_5-400x400.jpg 400w\" sizes=\"auto, (max-width: 300px) 100vw, 300px\" class=\"light-dropshaddow\"\/><\/a><\/div><\/div><div class=\"tcol-lg-3 tcol-md-3 tcol-sm-4 tcol-xs-6 tcol-ss-12 g_item\"><div class=\"grid_item kad_gallery_fade_in gallery_item\"><a href=\"https:\/\/www.2muve.de\/wp-content\/uploads\/2016\/08\/MuenchenVenedig_02_6.jpg\" data-rel=\"lightbox\" class=\"lightboxhover\"><img loading=\"lazy\" decoding=\"async\" src=\"https:\/\/www.2muve.de\/wp-content\/uploads\/2016\/08\/MuenchenVenedig_02_6-300x300.jpg\" width=\"300\" height=\"300\" alt=\"Mal geht&#039;s runter, mal rauf\" srcset=\"https:\/\/www.2muve.de\/wp-content\/uploads\/2016\/08\/MuenchenVenedig_02_6-300x300.jpg 300w, https:\/\/www.2muve.de\/wp-content\/uploads\/2016\/08\/MuenchenVenedig_02_6-150x150.jpg 150w, https:\/\/www.2muve.de\/wp-content\/uploads\/2016\/08\/MuenchenVenedig_02_6-400x400.jpg 400w\" sizes=\"auto, (max-width: 300px) 100vw, 300px\" class=\"light-dropshaddow\"\/><\/a><\/div><\/div><div class=\"tcol-lg-3 tcol-md-3 tcol-sm-4 tcol-xs-6 tcol-ss-12 g_item\"><div class=\"grid_item kad_gallery_fade_in gallery_item\"><a href=\"https:\/\/www.2muve.de\/wp-content\/uploads\/2016\/08\/MuenchenVenedig_02_7.jpg\" data-rel=\"lightbox\" class=\"lightboxhover\"><img loading=\"lazy\" decoding=\"async\" src=\"https:\/\/www.2muve.de\/wp-content\/uploads\/2016\/08\/MuenchenVenedig_02_7-300x300.jpg\" width=\"300\" height=\"300\" alt=\"Br\u00fccke \u00fcber einen Bach\" srcset=\"https:\/\/www.2muve.de\/wp-content\/uploads\/2016\/08\/MuenchenVenedig_02_7-300x300.jpg 300w, https:\/\/www.2muve.de\/wp-content\/uploads\/2016\/08\/MuenchenVenedig_02_7-150x150.jpg 150w, https:\/\/www.2muve.de\/wp-content\/uploads\/2016\/08\/MuenchenVenedig_02_7-400x400.jpg 400w\" sizes=\"auto, (max-width: 300px) 100vw, 300px\" class=\"light-dropshaddow\"\/><\/a><\/div><\/div><div class=\"tcol-lg-3 tcol-md-3 tcol-sm-4 tcol-xs-6 tcol-ss-12 g_item\"><div class=\"grid_item kad_gallery_fade_in gallery_item\"><a href=\"https:\/\/www.2muve.de\/wp-content\/uploads\/2016\/08\/MuenchenVenedig_02_9.jpg\" data-rel=\"lightbox\" class=\"lightboxhover\"><img loading=\"lazy\" decoding=\"async\" src=\"https:\/\/www.2muve.de\/wp-content\/uploads\/2016\/08\/MuenchenVenedig_02_9-300x300.jpg\" width=\"300\" height=\"300\" alt=\"Apfelpause an der Isar\" srcset=\"https:\/\/www.2muve.de\/wp-content\/uploads\/2016\/08\/MuenchenVenedig_02_9-300x300.jpg 300w, https:\/\/www.2muve.de\/wp-content\/uploads\/2016\/08\/MuenchenVenedig_02_9-150x150.jpg 150w\" sizes=\"auto, (max-width: 300px) 100vw, 300px\" class=\"light-dropshaddow\"\/><\/a><\/div><\/div><\/div>\n<p><strong>Tipps:<\/strong><br \/>\nDen Abschnitt M\u00fcnchen bis Lenggries muss man nicht wandern. Wir w\u00fcrden ihn im Nachhinein nicht wieder laufen, gerade auch weil wir die Gegend kennen. Richtig unbekannt wurde es bei uns erst ab dem Karwendelhaus.<\/p>\n<p>Die erste Etappe war zu lang. Aus den ersten drei Etappen sollte man &#8211; wenn man sie wandert &#8211; vier machen. Die \u00fcber drei\u00dfig Kilometer mit dem schweren Rucksack am ersten Tag haben uns nachhaltig \u00fcberanstrengt.<\/p>\n<div id=\"kad-wp-gallery86\" class=\"kad-wp-gallery kad-light-wp-gallery clearfix kt-gallery-column-1 rowtight\"><div class=\"tcol-lg-12 tcol-md-12 tcol-sm-12 tcol-xs-12 tcol-ss-12 g_item\"><div class=\"grid_item kad_gallery_fade_in gallery_item\"><a href=\"https:\/\/www.2muve.de\/wp-content\/uploads\/2016\/08\/MuenchenVenedig_03_7.jpg\" data-rel=\"lightbox\" class=\"lightboxhover\"><img loading=\"lazy\" decoding=\"async\" src=\"https:\/\/www.2muve.de\/wp-content\/uploads\/2016\/08\/MuenchenVenedig_03_7.jpg\" width=\"1000\" height=\"227\" alt=\"Ausblick vom Brauneck\" srcset=\"https:\/\/www.2muve.de\/wp-content\/uploads\/2016\/08\/MuenchenVenedig_03_7.jpg 1000w, https:\/\/www.2muve.de\/wp-content\/uploads\/2016\/08\/MuenchenVenedig_03_7-300x68.jpg 300w, https:\/\/www.2muve.de\/wp-content\/uploads\/2016\/08\/MuenchenVenedig_03_7-768x174.jpg 768w\" sizes=\"auto, (max-width: 1000px) 100vw, 1000px\" class=\"light-dropshaddow\"\/><\/a><\/div><\/div><\/div>\n<p>Die ersten paar Etappen sollte man vorreservieren. Wir hatten das zum Gl\u00fcck gemacht, gerade in der Voralpenregion sind die Unterk\u00fcnfte oft ausgebucht inklusive Karwendelhaus. Man kann nat\u00fcrlich auch auf Notunterkunft oder reservierte aber nicht belegte Schlafpl\u00e4tze hoffen.<\/p>\n<p>Schon fr\u00fch lernt man die ersten muveler kennen &#8211; genie\u00dft es \ud83d\ude42 .<\/p>\n<div id=\"kad-wp-gallery100\" class=\"kad-wp-gallery kad-light-wp-gallery clearfix kt-gallery-column-3 rowtight\"><div class=\"tcol-lg-4 tcol-md-4 tcol-sm-4 tcol-xs-6 tcol-ss-12 g_item\"><div class=\"grid_item kad_gallery_fade_in gallery_item\"><a href=\"https:\/\/www.2muve.de\/wp-content\/uploads\/2016\/08\/MuenchenVenedig_03_13.jpg\" data-rel=\"lightbox\" class=\"lightboxhover\"><img loading=\"lazy\" decoding=\"async\" src=\"https:\/\/www.2muve.de\/wp-content\/uploads\/2016\/08\/MuenchenVenedig_03_13-400x400.jpg\" width=\"400\" height=\"400\" alt=\"Gesicherter Steig \u00fcber die Achselk\u00f6pfe\" srcset=\"https:\/\/www.2muve.de\/wp-content\/uploads\/2016\/08\/MuenchenVenedig_03_13-400x400.jpg 400w, https:\/\/www.2muve.de\/wp-content\/uploads\/2016\/08\/MuenchenVenedig_03_13-150x150.jpg 150w, https:\/\/www.2muve.de\/wp-content\/uploads\/2016\/08\/MuenchenVenedig_03_13-300x300.jpg 300w\" sizes=\"auto, (max-width: 400px) 100vw, 400px\" class=\"light-dropshaddow\"\/><\/a><\/div><\/div><div class=\"tcol-lg-4 tcol-md-4 tcol-sm-4 tcol-xs-6 tcol-ss-12 g_item\"><div class=\"grid_item kad_gallery_fade_in gallery_item\"><a href=\"https:\/\/www.2muve.de\/wp-content\/uploads\/2016\/08\/MuenchenVenedig_03_17.jpg\" data-rel=\"lightbox\" class=\"lightboxhover\"><img loading=\"lazy\" decoding=\"async\" src=\"https:\/\/www.2muve.de\/wp-content\/uploads\/2016\/08\/MuenchenVenedig_03_17-400x400.jpg\" width=\"400\" height=\"400\" alt=\"Steinbockparadies kurz vor der Tutzinger H\u00fctte\" srcset=\"https:\/\/www.2muve.de\/wp-content\/uploads\/2016\/08\/MuenchenVenedig_03_17-400x400.jpg 400w, https:\/\/www.2muve.de\/wp-content\/uploads\/2016\/08\/MuenchenVenedig_03_17-150x150.jpg 150w, https:\/\/www.2muve.de\/wp-content\/uploads\/2016\/08\/MuenchenVenedig_03_17-300x300.jpg 300w, https:\/\/www.2muve.de\/wp-content\/uploads\/2016\/08\/MuenchenVenedig_03_17-365x365.jpg 365w\" sizes=\"auto, (max-width: 400px) 100vw, 400px\" class=\"light-dropshaddow\"\/><\/a><\/div><\/div><div class=\"tcol-lg-4 tcol-md-4 tcol-sm-4 tcol-xs-6 tcol-ss-12 g_item\"><div class=\"grid_item kad_gallery_fade_in gallery_item\"><a href=\"https:\/\/www.2muve.de\/wp-content\/uploads\/2016\/08\/MuenchenVenedig_03_18.jpg\" data-rel=\"lightbox\" class=\"lightboxhover\"><img loading=\"lazy\" decoding=\"async\" src=\"https:\/\/www.2muve.de\/wp-content\/uploads\/2016\/08\/MuenchenVenedig_03_18-400x400.jpg\" width=\"400\" height=\"400\" alt=\"Lager der Tutzinger H\u00fctte\" srcset=\"https:\/\/www.2muve.de\/wp-content\/uploads\/2016\/08\/MuenchenVenedig_03_18-400x400.jpg 400w, https:\/\/www.2muve.de\/wp-content\/uploads\/2016\/08\/MuenchenVenedig_03_18-150x150.jpg 150w, https:\/\/www.2muve.de\/wp-content\/uploads\/2016\/08\/MuenchenVenedig_03_18-300x300.jpg 300w\" sizes=\"auto, (max-width: 400px) 100vw, 400px\" class=\"light-dropshaddow\"\/><\/a><\/div><\/div><\/div>\n<p><strong>Pers\u00f6nliche H\u00f6hepunkte (1):<\/strong><\/p>\n<ul>\n<li>Gleich am ersten Tag eine nette muvelerin kennengelernt.<\/li>\n<li>Im Laufe der ersten Tage schon zu einer kleinen &#8222;muve-Familie&#8220; zusammengewachsen zu sein.<\/li>\n<li>Die AirBnB-Unterkunft in Wolfratshausen.<\/li>\n<\/ul>\n<div id=\"kad-wp-gallery77\" class=\"kad-wp-gallery kad-light-wp-gallery clearfix kt-gallery-column-3 rowtight\"><div class=\"tcol-lg-4 tcol-md-4 tcol-sm-4 tcol-xs-6 tcol-ss-12 g_item\"><div class=\"grid_item kad_gallery_fade_in gallery_item\"><a href=\"https:\/\/www.2muve.de\/wp-content\/uploads\/2016\/08\/MuenchenVenedig_04_9.jpg\" data-rel=\"lightbox\" class=\"lightboxhover\"><img loading=\"lazy\" decoding=\"async\" src=\"https:\/\/www.2muve.de\/wp-content\/uploads\/2016\/08\/MuenchenVenedig_04_9-400x400.jpg\" width=\"400\" height=\"400\" alt=\"Im Tal am Bach entlang\" srcset=\"https:\/\/www.2muve.de\/wp-content\/uploads\/2016\/08\/MuenchenVenedig_04_9-400x400.jpg 400w, https:\/\/www.2muve.de\/wp-content\/uploads\/2016\/08\/MuenchenVenedig_04_9-150x150.jpg 150w\" sizes=\"auto, (max-width: 400px) 100vw, 400px\" class=\"light-dropshaddow\"\/><\/a><\/div><\/div><div class=\"tcol-lg-4 tcol-md-4 tcol-sm-4 tcol-xs-6 tcol-ss-12 g_item\"><div class=\"grid_item kad_gallery_fade_in gallery_item\"><a href=\"https:\/\/www.2muve.de\/wp-content\/uploads\/2016\/08\/MuenchenVenedig_04_10.jpg\" data-rel=\"lightbox\" class=\"lightboxhover\"><img loading=\"lazy\" decoding=\"async\" src=\"https:\/\/www.2muve.de\/wp-content\/uploads\/2016\/08\/MuenchenVenedig_04_10-400x400.jpg\" width=\"400\" height=\"400\" alt=\"Immer dem Bach folgend\" srcset=\"https:\/\/www.2muve.de\/wp-content\/uploads\/2016\/08\/MuenchenVenedig_04_10-400x400.jpg 400w, https:\/\/www.2muve.de\/wp-content\/uploads\/2016\/08\/MuenchenVenedig_04_10-150x150.jpg 150w\" sizes=\"auto, (max-width: 400px) 100vw, 400px\" class=\"light-dropshaddow\"\/><\/a><\/div><\/div><div class=\"tcol-lg-4 tcol-md-4 tcol-sm-4 tcol-xs-6 tcol-ss-12 g_item\"><div class=\"grid_item kad_gallery_fade_in gallery_item\"><a href=\"https:\/\/www.2muve.de\/wp-content\/uploads\/2016\/08\/MuenchenVenedig_04_11.jpg\" data-rel=\"lightbox\" class=\"lightboxhover\"><img loading=\"lazy\" decoding=\"async\" src=\"https:\/\/www.2muve.de\/wp-content\/uploads\/2016\/08\/MuenchenVenedig_04_11-400x400.jpg\" width=\"400\" height=\"400\" alt=\"Almenweg bevor es nach Vorderri\u00df geht\" srcset=\"https:\/\/www.2muve.de\/wp-content\/uploads\/2016\/08\/MuenchenVenedig_04_11-400x400.jpg 400w, https:\/\/www.2muve.de\/wp-content\/uploads\/2016\/08\/MuenchenVenedig_04_11-150x150.jpg 150w\" sizes=\"auto, (max-width: 400px) 100vw, 400px\" class=\"light-dropshaddow\"\/><\/a><\/div><\/div><\/div>\n<p><strong>Pers\u00f6nliche H\u00f6hepunkte (2):<\/strong><\/p>\n<ul>\n<li>Steinb\u00f6cke an der Tutzinger H\u00fctte.<\/li>\n<li>Die erste schwarze Route \u00fcber die Achselk\u00f6pfe.<\/li>\n<li>Das B\u00e4rlauchpesto auf der Tutzinger H\u00fctte.<\/li>\n<li>Der Abstecher auf die Benediktenwand.<\/li>\n<\/ul>\n<div id=\"kad-wp-gallery59\" class=\"kad-wp-gallery kad-light-wp-gallery clearfix kt-gallery-column-4 rowtight\"><div class=\"tcol-lg-3 tcol-md-3 tcol-sm-4 tcol-xs-6 tcol-ss-12 g_item\"><div class=\"grid_item kad_gallery_fade_in gallery_item\"><a href=\"https:\/\/www.2muve.de\/wp-content\/uploads\/2016\/08\/MuenchenVenedig_05_1.jpg\" data-rel=\"lightbox\" class=\"lightboxhover\"><img loading=\"lazy\" decoding=\"async\" src=\"https:\/\/www.2muve.de\/wp-content\/uploads\/2016\/08\/MuenchenVenedig_05_1-300x300.jpg\" width=\"300\" height=\"300\" alt=\"Am Johannesbach entlang ins Karwendel\" srcset=\"https:\/\/www.2muve.de\/wp-content\/uploads\/2016\/08\/MuenchenVenedig_05_1-300x300.jpg 300w, https:\/\/www.2muve.de\/wp-content\/uploads\/2016\/08\/MuenchenVenedig_05_1-150x150.jpg 150w, https:\/\/www.2muve.de\/wp-content\/uploads\/2016\/08\/MuenchenVenedig_05_1-400x400.jpg 400w\" sizes=\"auto, (max-width: 300px) 100vw, 300px\" class=\"light-dropshaddow\"\/><\/a><\/div><\/div><div class=\"tcol-lg-3 tcol-md-3 tcol-sm-4 tcol-xs-6 tcol-ss-12 g_item\"><div class=\"grid_item kad_gallery_fade_in gallery_item\"><a href=\"https:\/\/www.2muve.de\/wp-content\/uploads\/2016\/08\/MuenchenVenedig_05_5.jpg\" data-rel=\"lightbox\" class=\"lightboxhover\"><img loading=\"lazy\" decoding=\"async\" src=\"https:\/\/www.2muve.de\/wp-content\/uploads\/2016\/08\/MuenchenVenedig_05_5-300x300.jpg\" width=\"300\" height=\"300\" alt=\"Durch den kleinen Ahornboden und das untere Filztal\" srcset=\"https:\/\/www.2muve.de\/wp-content\/uploads\/2016\/08\/MuenchenVenedig_05_5-300x300.jpg 300w, https:\/\/www.2muve.de\/wp-content\/uploads\/2016\/08\/MuenchenVenedig_05_5-150x150.jpg 150w\" sizes=\"auto, (max-width: 300px) 100vw, 300px\" class=\"light-dropshaddow\"\/><\/a><\/div><\/div><div class=\"tcol-lg-3 tcol-md-3 tcol-sm-4 tcol-xs-6 tcol-ss-12 g_item\"><div class=\"grid_item kad_gallery_fade_in gallery_item\"><a href=\"https:\/\/www.2muve.de\/wp-content\/uploads\/2016\/08\/MuenchenVenedig_05_6.jpg\" data-rel=\"lightbox\" class=\"lightboxhover\"><img loading=\"lazy\" decoding=\"async\" src=\"https:\/\/www.2muve.de\/wp-content\/uploads\/2016\/08\/MuenchenVenedig_05_6-300x300.jpg\" width=\"300\" height=\"300\" alt=\"\" srcset=\"https:\/\/www.2muve.de\/wp-content\/uploads\/2016\/08\/MuenchenVenedig_05_6-300x300.jpg 300w, https:\/\/www.2muve.de\/wp-content\/uploads\/2016\/08\/MuenchenVenedig_05_6-150x150.jpg 150w, https:\/\/www.2muve.de\/wp-content\/uploads\/2016\/08\/MuenchenVenedig_05_6-400x400.jpg 400w, https:\/\/www.2muve.de\/wp-content\/uploads\/2016\/08\/MuenchenVenedig_05_6-365x365.jpg 365w\" sizes=\"auto, (max-width: 300px) 100vw, 300px\" class=\"light-dropshaddow\"\/><\/a><\/div><\/div><div class=\"tcol-lg-3 tcol-md-3 tcol-sm-4 tcol-xs-6 tcol-ss-12 g_item\"><div class=\"grid_item kad_gallery_fade_in gallery_item\"><a href=\"https:\/\/www.2muve.de\/wp-content\/uploads\/2016\/08\/MuenchenVenedig_05_10.jpg\" data-rel=\"lightbox\" class=\"lightboxhover\"><img loading=\"lazy\" decoding=\"async\" src=\"https:\/\/www.2muve.de\/wp-content\/uploads\/2016\/08\/MuenchenVenedig_05_10-300x300.jpg\" width=\"300\" height=\"300\" alt=\"Etappenziel f\u00fcr heute: Karwendelhaus\" srcset=\"https:\/\/www.2muve.de\/wp-content\/uploads\/2016\/08\/MuenchenVenedig_05_10-300x300.jpg 300w, https:\/\/www.2muve.de\/wp-content\/uploads\/2016\/08\/MuenchenVenedig_05_10-150x150.jpg 150w, https:\/\/www.2muve.de\/wp-content\/uploads\/2016\/08\/MuenchenVenedig_05_10-400x400.jpg 400w\" sizes=\"auto, (max-width: 300px) 100vw, 300px\" class=\"light-dropshaddow\"\/><\/a><\/div><\/div><\/div>\n<p><strong>Pers\u00f6nliche H\u00f6hepunkte (3):<\/strong><\/p>\n<ul>\n<li>Unser pers\u00f6nlicher Schmetterling.<\/li>\n<li>Das vegane Curry auf dem Karwendelhaus.<\/li>\n<li>Der Pausentag in Innsbruck.<\/li>\n<li>Der Nachmittag und Abend auf der Voldertalh\u00fctte.<\/li>\n<\/ul>\n<div id=\"kad-wp-gallery36\" class=\"kad-wp-gallery kad-light-wp-gallery clearfix kt-gallery-column-3 rowtight\"><div class=\"tcol-lg-4 tcol-md-4 tcol-sm-4 tcol-xs-6 tcol-ss-12 g_item\"><div class=\"grid_item kad_gallery_fade_in gallery_item\"><a href=\"https:\/\/www.2muve.de\/wp-content\/uploads\/2016\/08\/MuenchenVenedig_06_3.jpg\" data-rel=\"lightbox\" class=\"lightboxhover\"><img loading=\"lazy\" decoding=\"async\" src=\"https:\/\/www.2muve.de\/wp-content\/uploads\/2016\/08\/MuenchenVenedig_06_3-400x400.jpg\" width=\"400\" height=\"400\" alt=\"Berge vor Innsbruck\" srcset=\"https:\/\/www.2muve.de\/wp-content\/uploads\/2016\/08\/MuenchenVenedig_06_3-400x400.jpg 400w, https:\/\/www.2muve.de\/wp-content\/uploads\/2016\/08\/MuenchenVenedig_06_3-150x150.jpg 150w, https:\/\/www.2muve.de\/wp-content\/uploads\/2016\/08\/MuenchenVenedig_06_3-365x365.jpg 365w\" sizes=\"auto, (max-width: 400px) 100vw, 400px\" class=\"light-dropshaddow\"\/><\/a><\/div><\/div><div class=\"tcol-lg-4 tcol-md-4 tcol-sm-4 tcol-xs-6 tcol-ss-12 g_item\"><div class=\"grid_item kad_gallery_fade_in gallery_item\"><a href=\"https:\/\/www.2muve.de\/wp-content\/uploads\/2016\/08\/MuenchenVenedig_06_4.jpg\" data-rel=\"lightbox\" class=\"lightboxhover\"><img loading=\"lazy\" decoding=\"async\" src=\"https:\/\/www.2muve.de\/wp-content\/uploads\/2016\/08\/MuenchenVenedig_06_4-400x400.jpg\" width=\"400\" height=\"400\" alt=\"Das Goldene Dachl\" srcset=\"https:\/\/www.2muve.de\/wp-content\/uploads\/2016\/08\/MuenchenVenedig_06_4-400x400.jpg 400w, https:\/\/www.2muve.de\/wp-content\/uploads\/2016\/08\/MuenchenVenedig_06_4-150x150.jpg 150w\" sizes=\"auto, (max-width: 400px) 100vw, 400px\" class=\"light-dropshaddow\"\/><\/a><\/div><\/div><div class=\"tcol-lg-4 tcol-md-4 tcol-sm-4 tcol-xs-6 tcol-ss-12 g_item\"><div class=\"grid_item kad_gallery_fade_in gallery_item\"><a href=\"https:\/\/www.2muve.de\/wp-content\/uploads\/2016\/08\/MuenchenVenedig_06_2.jpg\" data-rel=\"lightbox\" class=\"lightboxhover\"><img loading=\"lazy\" decoding=\"async\" src=\"https:\/\/www.2muve.de\/wp-content\/uploads\/2016\/08\/MuenchenVenedig_06_2-400x400.jpg\" width=\"400\" height=\"400\" alt=\"Innsbruck Stadtplatz\" srcset=\"https:\/\/www.2muve.de\/wp-content\/uploads\/2016\/08\/MuenchenVenedig_06_2-400x400.jpg 400w, https:\/\/www.2muve.de\/wp-content\/uploads\/2016\/08\/MuenchenVenedig_06_2-150x150.jpg 150w\" sizes=\"auto, (max-width: 400px) 100vw, 400px\" class=\"light-dropshaddow\"\/><\/a><\/div><\/div><\/div>\n<p>Nach der ersten Woche waren wir um viele Erfahrungen reicher, hatten eine ganze Menge Leute kennengelernt, wussten, wie das mit den Unterk\u00fcnften funktioniert, hatten in den verschiedensten Lagern geschlafen und hatten gelernt, dass Pausen wichtig sind und wir auf uns achten m\u00fcssen. Nun konnte die Tour so richtig losgehen \ud83d\ude09 .<\/p>\n<div id=\"kad-wp-gallery75\" class=\"kad-wp-gallery kad-light-wp-gallery clearfix kt-gallery-column-3 rowtight\"><div class=\"tcol-lg-4 tcol-md-4 tcol-sm-4 tcol-xs-6 tcol-ss-12 g_item\"><div class=\"grid_item kad_gallery_fade_in gallery_item\"><a href=\"https:\/\/www.2muve.de\/wp-content\/uploads\/2016\/08\/MuenchenVenedig_07_6.jpg\" data-rel=\"lightbox\" class=\"lightboxhover\"><img loading=\"lazy\" decoding=\"async\" src=\"https:\/\/www.2muve.de\/wp-content\/uploads\/2016\/08\/MuenchenVenedig_07_6-400x400.jpg\" width=\"400\" height=\"400\" alt=\"H\u00e4user der Stiftsalm und Kohlerhof\" srcset=\"https:\/\/www.2muve.de\/wp-content\/uploads\/2016\/08\/MuenchenVenedig_07_6-400x400.jpg 400w, https:\/\/www.2muve.de\/wp-content\/uploads\/2016\/08\/MuenchenVenedig_07_6-150x150.jpg 150w\" sizes=\"auto, (max-width: 400px) 100vw, 400px\" class=\"light-dropshaddow\"\/><\/a><\/div><\/div><div class=\"tcol-lg-4 tcol-md-4 tcol-sm-4 tcol-xs-6 tcol-ss-12 g_item\"><div class=\"grid_item kad_gallery_fade_in gallery_item\"><a href=\"https:\/\/www.2muve.de\/wp-content\/uploads\/2016\/08\/MuenchenVenedig_07_7.jpg\" data-rel=\"lightbox\" class=\"lightboxhover\"><img loading=\"lazy\" decoding=\"async\" src=\"https:\/\/www.2muve.de\/wp-content\/uploads\/2016\/08\/MuenchenVenedig_07_7-400x400.jpg\" width=\"400\" height=\"400\" alt=\"Almlandschaft\" srcset=\"https:\/\/www.2muve.de\/wp-content\/uploads\/2016\/08\/MuenchenVenedig_07_7-400x400.jpg 400w, https:\/\/www.2muve.de\/wp-content\/uploads\/2016\/08\/MuenchenVenedig_07_7-150x150.jpg 150w\" sizes=\"auto, (max-width: 400px) 100vw, 400px\" class=\"light-dropshaddow\"\/><\/a><\/div><\/div><div class=\"tcol-lg-4 tcol-md-4 tcol-sm-4 tcol-xs-6 tcol-ss-12 g_item\"><div class=\"grid_item kad_gallery_fade_in gallery_item\"><a href=\"https:\/\/www.2muve.de\/wp-content\/uploads\/2016\/08\/MuenchenVenedig_07_8.jpg\" data-rel=\"lightbox\" class=\"lightboxhover\"><img loading=\"lazy\" decoding=\"async\" src=\"https:\/\/www.2muve.de\/wp-content\/uploads\/2016\/08\/MuenchenVenedig_07_8-400x400.jpg\" width=\"400\" height=\"400\" alt=\"Gemeinsames Wandern\" srcset=\"https:\/\/www.2muve.de\/wp-content\/uploads\/2016\/08\/MuenchenVenedig_07_8-400x400.jpg 400w, https:\/\/www.2muve.de\/wp-content\/uploads\/2016\/08\/MuenchenVenedig_07_8-150x150.jpg 150w\" sizes=\"auto, (max-width: 400px) 100vw, 400px\" class=\"light-dropshaddow\"\/><\/a><\/div><\/div><\/div>\n<p><strong>Beschreibung der einzelnen Etappen:<\/strong><br \/>\n<a href=\"https:\/\/www.2muve.de\/muenchen-venedig-etappe-1-muenchen-wolfratshausen\/\">muve Etappe 1: M\u00fcnchen &#8211; Wolfratshausen<\/a><br \/>\n<a href=\"https:\/\/www.2muve.de\/muve-etappe-2-wolfratshausen-bad-toelz\/\">muve Etappe 2: Wolfratshausen &#8211; Bad T\u00f6lz<\/a><br \/>\n<a href=\"https:\/\/www.2muve.de\/muve-etappe-3-bad-toelz-tutzinger-huette\/\">muve Etappe 3: Bad T\u00f6lz &#8211; Tutzinger H\u00fctte<\/a><br \/>\n<a href=\"https:\/\/www.2muve.de\/muve-etappe-4-tutzinger-huette-vorderriss\/\">muve Etappe 4: Tutzinger H\u00fctte &#8211; Vorderri\u00df<\/a><br \/>\n<a href=\"https:\/\/www.2muve.de\/muve-etappe-5-vorderriss-karwendelhaus\/\">muve Etappe 5: Vorderri\u00df &#8211; Karwendelhaus<\/a><br \/>\n<a href=\"https:\/\/www.2muve.de\/muve-etappe-6-karwendelhaus-innsbruck\/\">muve &#8222;Etappe&#8220; 6: Karwendelhaus &#8211; Innsbruck<\/a><br \/>\n<a href=\"https:\/\/www.2muve.de\/muve-etappe-7-innsbruck-voldertalhuette\/\">muve Etappe 7: Innsbruck &#8211; Voldertalh\u00fctte<\/a><\/p>\n<p>Liebe Gr\u00fc\u00dfe,<br \/>\nEarly Bird \ud83d\ude42<\/p>\n","protected":false},"excerpt":{"rendered":"<p>Die ersten sieben Etappen haben uns vom M\u00fcnchener Marienplatz, durch die bayerischen Voralpen ins Karwendel bis zum Inntal gef\u00fchrt. Es war unsere erste Woche der Tour, die uns auf das weite Wandern eingestimmt hat. Der Weg: Wir starteten ganz klassisch &hellip; <a href=\"https:\/\/www.2muve.de\/index.php\/muve-von-muenchen-bis-ins-inntal\/\">Weiter<\/a><\/p>\n","protected":false},"author":1,"featured_media":8028,"comment_status":"open","ping_status":"closed","sticky":false,"template":"","format":"standard","meta":{"kt_blocks_editor_width":"","footnotes":""},"categories":[52],"tags":[129,286,69,125,68],"class_list":["post-8850","post","type-post","status-publish","format-standard","has-post-thumbnail","hentry","category-muvefar","tag-alpenueberquerung","tag-inntal","tag-muenchen","tag-muenchen-venedig","tag-traumpfad"],"_links":{"self":[{"href":"https:\/\/www.2muve.de\/index.php\/wp-json\/wp\/v2\/posts\/8850","targetHints":{"allow":["GET"]}}],"collection":[{"href":"https:\/\/www.2muve.de\/index.php\/wp-json\/wp\/v2\/posts"}],"about":[{"href":"https:\/\/www.2muve.de\/index.php\/wp-json\/wp\/v2\/types\/post"}],"author":[{"embeddable":true,"href":"https:\/\/www.2muve.de\/index.php\/wp-json\/wp\/v2\/users\/1"}],"replies":[{"embeddable":true,"href":"https:\/\/www.2muve.de\/index.php\/wp-json\/wp\/v2\/comments?post=8850"}],"version-history":[{"count":20,"href":"https:\/\/www.2muve.de\/index.php\/wp-json\/wp\/v2\/posts\/8850\/revisions"}],"predecessor-version":[{"id":8908,"href":"https:\/\/www.2muve.de\/index.php\/wp-json\/wp\/v2\/posts\/8850\/revisions\/8908"}],"wp:featuredmedia":[{"embeddable":true,"href":"https:\/\/www.2muve.de\/index.php\/wp-json\/wp\/v2\/media\/8028"}],"wp:attachment":[{"href":"https:\/\/www.2muve.de\/index.php\/wp-json\/wp\/v2\/media?parent=8850"}],"wp:term":[{"taxonomy":"category","embeddable":true,"href":"https:\/\/www.2muve.de\/index.php\/wp-json\/wp\/v2\/categories?post=8850"},{"taxonomy":"post_tag","embeddable":true,"href":"https:\/\/www.2muve.de\/index.php\/wp-json\/wp\/v2\/tags?post=8850"}],"curies":[{"name":"wp","href":"https:\/\/api.w.org\/{rel}","templated":true}]}}