{"id":8852,"date":"2016-11-06T15:13:52","date_gmt":"2016-11-06T14:13:52","guid":{"rendered":"http:\/\/www.2muve.de\/?p=8852"},"modified":"2016-11-06T15:13:52","modified_gmt":"2016-11-06T14:13:52","slug":"muve-vom-inntal-ins-pustertal","status":"publish","type":"post","link":"https:\/\/www.2muve.de\/index.php\/muve-vom-inntal-ins-pustertal\/","title":{"rendered":"muve: Vom Inntal ins Pustertal"},"content":{"rendered":"<p>Die folgenden sieben Etappen ab der Voldertalh\u00fctte haben uns \u00fcber die Zentralalpen gef\u00fchrt. Wir waren nun auf richtig alpinen Wegen unterwegs und hatten uns an das Weitwandern gew\u00f6hnt. Die Landschaft wurde immer beeindruckender und wir genossen die Umgebung sehr.<\/p>\n<div id=\"kad-wp-gallery97\" class=\"kad-wp-gallery kad-light-wp-gallery clearfix kt-gallery-column-3 rowtight\"><div class=\"tcol-lg-4 tcol-md-4 tcol-sm-4 tcol-xs-6 tcol-ss-12 g_item\"><div class=\"grid_item kad_gallery_fade_in gallery_item\"><a href=\"https:\/\/www.2muve.de\/wp-content\/uploads\/2016\/08\/MuenchenVenedig_08_6.jpg\" data-rel=\"lightbox\" class=\"lightboxhover\"><img loading=\"lazy\" decoding=\"async\" src=\"https:\/\/www.2muve.de\/wp-content\/uploads\/2016\/08\/MuenchenVenedig_08_6-400x400.jpg\" width=\"400\" height=\"400\" alt=\"Dort warten Bier und Co\" srcset=\"https:\/\/www.2muve.de\/wp-content\/uploads\/2016\/08\/MuenchenVenedig_08_6-400x400.jpg 400w, https:\/\/www.2muve.de\/wp-content\/uploads\/2016\/08\/MuenchenVenedig_08_6-150x150.jpg 150w\" sizes=\"auto, (max-width: 400px) 100vw, 400px\" class=\"light-dropshaddow\"\/><\/a><\/div><\/div><div class=\"tcol-lg-4 tcol-md-4 tcol-sm-4 tcol-xs-6 tcol-ss-12 g_item\"><div class=\"grid_item kad_gallery_fade_in gallery_item\"><a href=\"https:\/\/www.2muve.de\/wp-content\/uploads\/2016\/08\/MuenchenVenedig_08_8.jpg\" data-rel=\"lightbox\" class=\"lightboxhover\"><img loading=\"lazy\" decoding=\"async\" src=\"https:\/\/www.2muve.de\/wp-content\/uploads\/2016\/08\/MuenchenVenedig_08_8-400x400.jpg\" width=\"400\" height=\"400\" alt=\"Es wird steiler zum Naviser J\u00f6chl\" srcset=\"https:\/\/www.2muve.de\/wp-content\/uploads\/2016\/08\/MuenchenVenedig_08_8-400x400.jpg 400w, https:\/\/www.2muve.de\/wp-content\/uploads\/2016\/08\/MuenchenVenedig_08_8-150x150.jpg 150w, https:\/\/www.2muve.de\/wp-content\/uploads\/2016\/08\/MuenchenVenedig_08_8-300x300.jpg 300w\" sizes=\"auto, (max-width: 400px) 100vw, 400px\" class=\"light-dropshaddow\"\/><\/a><\/div><\/div><div class=\"tcol-lg-4 tcol-md-4 tcol-sm-4 tcol-xs-6 tcol-ss-12 g_item\"><div class=\"grid_item kad_gallery_fade_in gallery_item\"><a href=\"https:\/\/www.2muve.de\/wp-content\/uploads\/2016\/08\/MuenchenVenedig_08_14.jpg\" data-rel=\"lightbox\" class=\"lightboxhover\"><img loading=\"lazy\" decoding=\"async\" src=\"https:\/\/www.2muve.de\/wp-content\/uploads\/2016\/08\/MuenchenVenedig_08_14-400x400.jpg\" width=\"400\" height=\"400\" alt=\"Die Landschaft \u00e4ndert sich merklich\" srcset=\"https:\/\/www.2muve.de\/wp-content\/uploads\/2016\/08\/MuenchenVenedig_08_14-400x400.jpg 400w, https:\/\/www.2muve.de\/wp-content\/uploads\/2016\/08\/MuenchenVenedig_08_14-150x150.jpg 150w\" sizes=\"auto, (max-width: 400px) 100vw, 400px\" class=\"light-dropshaddow\"\/><\/a><\/div><\/div><\/div>\n<p><strong>Der Weg:<\/strong><br \/>\nVon der Voldertalh\u00fctte f\u00fchrte uns der Traumpfad weiter zur Lizumer H\u00fctte. Der Weg laut Rother f\u00fchrt nicht von der Voldertalh\u00fctte sondern von der Glungezer H\u00fctte \u00fcber die &#8222;seven TuXer summits&#8220;, was aber nur bei optimalen Wetterbedingungen empfohlen ist, die wir nicht hatten. Ab der Lizumer H\u00fctte wurde es felsiger und wir kamen beim Aufstieg zum Geierjoch erstmals so richtig mit Schutt und Ger\u00f6ll in Ber\u00fchrung. Der Weg f\u00fchrte uns zum Tuxer-Joch-Haus und von da \u00fcber die Friesenbergscharte zur Olpererh\u00fctte. Von da aus wanderten wir \u00fcber die Grenze nach Italien und Stein. Von Stein aus \u00fcberschritten wir das Gliderschartl und wanderten ins Pustertal. Damit lie\u00dfen wir die Zentralalpen hinter uns. Mit dem Weg zur Kreuzwiesenalm n\u00e4herten wir uns dem n\u00e4chsten gr\u00f6\u00dferen Abschnitt: Den Dolomiten.<\/p>\n<div id=\"kad-wp-gallery57\" class=\"kad-wp-gallery kad-light-wp-gallery clearfix kt-gallery-column-3 rowtight\"><div class=\"tcol-lg-4 tcol-md-4 tcol-sm-4 tcol-xs-6 tcol-ss-12 g_item\"><div class=\"grid_item kad_gallery_fade_in gallery_item\"><a href=\"https:\/\/www.2muve.de\/wp-content\/uploads\/2016\/08\/MuenchenVenedig_09_7.jpg\" data-rel=\"lightbox\" class=\"lightboxhover\"><img loading=\"lazy\" decoding=\"async\" src=\"https:\/\/www.2muve.de\/wp-content\/uploads\/2016\/08\/MuenchenVenedig_09_7-400x400.jpg\" width=\"400\" height=\"400\" alt=\"Der Aufstieg zum Geierjoch\" srcset=\"https:\/\/www.2muve.de\/wp-content\/uploads\/2016\/08\/MuenchenVenedig_09_7-400x400.jpg 400w, https:\/\/www.2muve.de\/wp-content\/uploads\/2016\/08\/MuenchenVenedig_09_7-150x150.jpg 150w\" sizes=\"auto, (max-width: 400px) 100vw, 400px\" class=\"light-dropshaddow\"\/><\/a><\/div><\/div><div class=\"tcol-lg-4 tcol-md-4 tcol-sm-4 tcol-xs-6 tcol-ss-12 g_item\"><div class=\"grid_item kad_gallery_fade_in gallery_item\"><a href=\"https:\/\/www.2muve.de\/wp-content\/uploads\/2016\/08\/MuenchenVenedig_09_12.jpg\" data-rel=\"lightbox\" class=\"lightboxhover\"><img loading=\"lazy\" decoding=\"async\" src=\"https:\/\/www.2muve.de\/wp-content\/uploads\/2016\/08\/MuenchenVenedig_09_12-400x400.jpg\" width=\"400\" height=\"400\" alt=\"Wir kommen immer tiefer und er liegt vor uns\" srcset=\"https:\/\/www.2muve.de\/wp-content\/uploads\/2016\/08\/MuenchenVenedig_09_12-400x400.jpg 400w, https:\/\/www.2muve.de\/wp-content\/uploads\/2016\/08\/MuenchenVenedig_09_12-150x150.jpg 150w\" sizes=\"auto, (max-width: 400px) 100vw, 400px\" class=\"light-dropshaddow\"\/><\/a><\/div><\/div><div class=\"tcol-lg-4 tcol-md-4 tcol-sm-4 tcol-xs-6 tcol-ss-12 g_item\"><div class=\"grid_item kad_gallery_fade_in gallery_item\"><a href=\"https:\/\/www.2muve.de\/wp-content\/uploads\/2016\/08\/MuenchenVenedig_09_14.jpg\" data-rel=\"lightbox\" class=\"lightboxhover\"><img loading=\"lazy\" decoding=\"async\" src=\"https:\/\/www.2muve.de\/wp-content\/uploads\/2016\/08\/MuenchenVenedig_09_14-400x400.jpg\" width=\"400\" height=\"400\" alt=\"Blick auf das herrliche Panorama\" srcset=\"https:\/\/www.2muve.de\/wp-content\/uploads\/2016\/08\/MuenchenVenedig_09_14-400x400.jpg 400w, https:\/\/www.2muve.de\/wp-content\/uploads\/2016\/08\/MuenchenVenedig_09_14-150x150.jpg 150w\" sizes=\"auto, (max-width: 400px) 100vw, 400px\" class=\"light-dropshaddow\"\/><\/a><\/div><\/div><\/div>\n<p><strong>Unser Eindruck:<\/strong><br \/>\nMit dem zweiten Abschnitt der Tour startete f\u00fcr uns der sch\u00f6ne Teil der Wanderung. Wir waren nun richtig in den Bergen unterwegs und hatten landschaftlich einen H\u00f6hepunkt nach dem anderen. Schon der Weg von der Voldertalh\u00fctte zur Lizumerh\u00fctte begeisterte uns sehr, obwohl er im Wanderf\u00fchrer unserer Meinung nach ungerechtfertigt abgewertet wird. Ab dann waren wir auf \u00fcber 2000hm unterwegs und hatten damit die ganze Sch\u00f6nheit der Alpen, die einem ab der H\u00f6he begegnet. Durch fast t\u00e4gliche Gewitterwarnungen waren wir immer recht schnell unterwegs, um schon mittags an den H\u00fctten zu sein. Das lehrte uns aber gleichzeitig, dass wir &#8211; wenn es das Wetter zul\u00e4sst &#8211; nicht so schnell unterwegs sein und lieber die Umgebung auf dem Weg mehr genie\u00dfen wollten. Die Friesenbergscharte ist im Wanderf\u00fchrer als sehr schwierig beschrieben, ist aber f\u00fcr trittsichere und schwindelfreie Wanderer kein Problem. Der Abschnitt auf dem Berliner H\u00f6henweg war sehr sch\u00f6n und einzigartig durch die fast schon geordnete Felslandschaft. Wir haben den Abschnitt durch die Zentralalpen sehr genossen und hier das gefunden, was wir uns f\u00fcr die Alpen\u00fcberquerung erhofft hatten: Eine landschaftlich traumhafte Umgebung in alpinem Gel\u00e4nde.<\/p>\n<div id=\"kad-wp-gallery68\" class=\"kad-wp-gallery kad-light-wp-gallery clearfix kt-gallery-column-4 rowtight\"><div class=\"tcol-lg-3 tcol-md-3 tcol-sm-4 tcol-xs-6 tcol-ss-12 g_item\"><div class=\"grid_item kad_gallery_fade_in gallery_item\"><a href=\"https:\/\/www.2muve.de\/wp-content\/uploads\/2016\/08\/MuenchenVenedig_10_2.jpg\" data-rel=\"lightbox\" class=\"lightboxhover\"><img loading=\"lazy\" decoding=\"async\" src=\"https:\/\/www.2muve.de\/wp-content\/uploads\/2016\/08\/MuenchenVenedig_10_2-300x300.jpg\" width=\"300\" height=\"300\" alt=\"Murmeltiere am Wegesrand\" srcset=\"https:\/\/www.2muve.de\/wp-content\/uploads\/2016\/08\/MuenchenVenedig_10_2-300x300.jpg 300w, https:\/\/www.2muve.de\/wp-content\/uploads\/2016\/08\/MuenchenVenedig_10_2-150x150.jpg 150w, https:\/\/www.2muve.de\/wp-content\/uploads\/2016\/08\/MuenchenVenedig_10_2-400x400.jpg 400w\" sizes=\"auto, (max-width: 300px) 100vw, 300px\" class=\"light-dropshaddow\"\/><\/a><\/div><\/div><div class=\"tcol-lg-3 tcol-md-3 tcol-sm-4 tcol-xs-6 tcol-ss-12 g_item\"><div class=\"grid_item kad_gallery_fade_in gallery_item\"><a href=\"https:\/\/www.2muve.de\/wp-content\/uploads\/2016\/08\/MuenchenVenedig_10_7.jpg\" data-rel=\"lightbox\" class=\"lightboxhover\"><img loading=\"lazy\" decoding=\"async\" src=\"https:\/\/www.2muve.de\/wp-content\/uploads\/2016\/08\/MuenchenVenedig_10_7-300x300.jpg\" width=\"300\" height=\"300\" alt=\"Mehrere Schneefelder galt es zu \u00fcberqueren\" srcset=\"https:\/\/www.2muve.de\/wp-content\/uploads\/2016\/08\/MuenchenVenedig_10_7-300x300.jpg 300w, https:\/\/www.2muve.de\/wp-content\/uploads\/2016\/08\/MuenchenVenedig_10_7-150x150.jpg 150w, https:\/\/www.2muve.de\/wp-content\/uploads\/2016\/08\/MuenchenVenedig_10_7-365x365.jpg 365w\" sizes=\"auto, (max-width: 300px) 100vw, 300px\" class=\"light-dropshaddow\"\/><\/a><\/div><\/div><div class=\"tcol-lg-3 tcol-md-3 tcol-sm-4 tcol-xs-6 tcol-ss-12 g_item\"><div class=\"grid_item kad_gallery_fade_in gallery_item\"><a href=\"https:\/\/www.2muve.de\/wp-content\/uploads\/2016\/08\/MuenchenVenedig_10_15.jpg\" data-rel=\"lightbox\" class=\"lightboxhover\"><img loading=\"lazy\" decoding=\"async\" src=\"https:\/\/www.2muve.de\/wp-content\/uploads\/2016\/08\/MuenchenVenedig_10_15-300x300.jpg\" width=\"300\" height=\"300\" alt=\"Seile und Klammern helfen\" srcset=\"https:\/\/www.2muve.de\/wp-content\/uploads\/2016\/08\/MuenchenVenedig_10_15-300x300.jpg 300w, https:\/\/www.2muve.de\/wp-content\/uploads\/2016\/08\/MuenchenVenedig_10_15-150x150.jpg 150w\" sizes=\"auto, (max-width: 300px) 100vw, 300px\" class=\"light-dropshaddow\"\/><\/a><\/div><\/div><div class=\"tcol-lg-3 tcol-md-3 tcol-sm-4 tcol-xs-6 tcol-ss-12 g_item\"><div class=\"grid_item kad_gallery_fade_in gallery_item\"><a href=\"https:\/\/www.2muve.de\/wp-content\/uploads\/2016\/08\/MuenchenVenedig_10_20.jpg\" data-rel=\"lightbox\" class=\"lightboxhover\"><img loading=\"lazy\" decoding=\"async\" src=\"https:\/\/www.2muve.de\/wp-content\/uploads\/2016\/08\/MuenchenVenedig_10_20-300x300.jpg\" width=\"300\" height=\"300\" alt=\"Br\u00fccke zur Olpererh\u00fctte\" srcset=\"https:\/\/www.2muve.de\/wp-content\/uploads\/2016\/08\/MuenchenVenedig_10_20-300x300.jpg 300w, https:\/\/www.2muve.de\/wp-content\/uploads\/2016\/08\/MuenchenVenedig_10_20-150x150.jpg 150w, https:\/\/www.2muve.de\/wp-content\/uploads\/2016\/08\/MuenchenVenedig_10_20-400x400.jpg 400w\" sizes=\"auto, (max-width: 300px) 100vw, 300px\" class=\"light-dropshaddow\"\/><\/a><\/div><\/div><\/div>\n<p><strong>Tipps:<\/strong><br \/>\nWenn das Wetter nicht sicher ist und ihr euch unsicher seid, ob der Weg ab der Glungezer H\u00fctte machbar ist, dann geht einfach zur Voldertalh\u00fctte. Die H\u00fctte ist sehr gem\u00fctlich, die Wirtsleute sined nett und der Weg von dort aus ist auch sehr sch\u00f6n.<\/p>\n<p>Wenn es das Wetter zul\u00e4sst, dann lasst euch Zeit. Nehmt entweder Gipfelabstecher dazu oder macht einfach ausgiebige Pausen auf dem Weg. Es ist schade, den ganzen Nachmittag in der H\u00fctte zu verbringen, wenn man die Zeit auch auf dem Weg nutzen kann.<\/p>\n<p>Macht euch keine Sorgen, wenn ihr kein Zimmer reserviert habt. Wir sind zum Tuxer-Joch-Haus und hatten da ein &#8222;Notlager&#8220;, das besser war, als das normale Lager. Auf der Olpererh\u00fctte bekamen wir am Abend noch Pl\u00e4tze im Lager, die reserviert waren, aber nicht bezogen wurden. Auch die anderen muveler hatten keine Probleme etwas zu finden.<\/p>\n<p>Die Friesenbergscharte wird sowohl im Wanderf\u00fchrer als auch im Tuxer-Joch-Haus als sehr schwierig dargestellt. Wenn ihr \u00f6fter in den Bergen seid und auch schwarze Routen wandert, dann ist das kein Problem. Wenn ihr \u00fcber die Achselk\u00f6pfe ohne Probleme gewandert seid, dann seid unbesorgt. Schwindelfreiheit und Trittsicherheit sind Voraussetzung, aber das gilt f\u00fcr die ganze Tour.<\/p>\n<p>Von Pfunders bis Weitental oder am besten gleich bis Niedervintl unbedingt den Bus nehmen. Der Weg an der Stra\u00dfe macht wirklich keinen Spa\u00df.<\/p>\n<div id=\"kad-wp-gallery26\" class=\"kad-wp-gallery kad-light-wp-gallery clearfix kt-gallery-column-4 rowtight\"><div class=\"tcol-lg-3 tcol-md-3 tcol-sm-4 tcol-xs-6 tcol-ss-12 g_item\"><div class=\"grid_item kad_gallery_fade_in gallery_item\"><a href=\"https:\/\/www.2muve.de\/wp-content\/uploads\/2016\/08\/MuenchenVenedig_11_7.jpg\" data-rel=\"lightbox\" class=\"lightboxhover\"><img loading=\"lazy\" decoding=\"async\" src=\"https:\/\/www.2muve.de\/wp-content\/uploads\/2016\/08\/MuenchenVenedig_11_7-300x300.jpg\" width=\"300\" height=\"300\" alt=\"Die Wolken zogen umher und wir hatten jede Minute eine andere Aussicht\" srcset=\"https:\/\/www.2muve.de\/wp-content\/uploads\/2016\/08\/MuenchenVenedig_11_7-300x300.jpg 300w, https:\/\/www.2muve.de\/wp-content\/uploads\/2016\/08\/MuenchenVenedig_11_7-150x150.jpg 150w, https:\/\/www.2muve.de\/wp-content\/uploads\/2016\/08\/MuenchenVenedig_11_7-365x365.jpg 365w\" sizes=\"auto, (max-width: 300px) 100vw, 300px\" class=\"light-dropshaddow\"\/><\/a><\/div><\/div><div class=\"tcol-lg-3 tcol-md-3 tcol-sm-4 tcol-xs-6 tcol-ss-12 g_item\"><div class=\"grid_item kad_gallery_fade_in gallery_item\"><a href=\"https:\/\/www.2muve.de\/wp-content\/uploads\/2016\/08\/MuenchenVenedig_11_14.jpg\" data-rel=\"lightbox\" class=\"lightboxhover\"><img loading=\"lazy\" decoding=\"async\" src=\"https:\/\/www.2muve.de\/wp-content\/uploads\/2016\/08\/MuenchenVenedig_11_14-300x300.jpg\" width=\"300\" height=\"300\" alt=\"Klassisches Bild\" srcset=\"https:\/\/www.2muve.de\/wp-content\/uploads\/2016\/08\/MuenchenVenedig_11_14-300x300.jpg 300w, https:\/\/www.2muve.de\/wp-content\/uploads\/2016\/08\/MuenchenVenedig_11_14-150x150.jpg 150w, https:\/\/www.2muve.de\/wp-content\/uploads\/2016\/08\/MuenchenVenedig_11_14-400x400.jpg 400w\" sizes=\"auto, (max-width: 300px) 100vw, 300px\" class=\"light-dropshaddow\"\/><\/a><\/div><\/div><div class=\"tcol-lg-3 tcol-md-3 tcol-sm-4 tcol-xs-6 tcol-ss-12 g_item\"><div class=\"grid_item kad_gallery_fade_in gallery_item\"><a href=\"https:\/\/www.2muve.de\/wp-content\/uploads\/2016\/08\/MuenchenVenedig_11_15.jpg\" data-rel=\"lightbox\" class=\"lightboxhover\"><img loading=\"lazy\" decoding=\"async\" src=\"https:\/\/www.2muve.de\/wp-content\/uploads\/2016\/08\/MuenchenVenedig_11_15-300x300.jpg\" width=\"300\" height=\"300\" alt=\"Grenze erreicht: Zu Fu\u00df von \u00d6sterreich nach Italien\" srcset=\"https:\/\/www.2muve.de\/wp-content\/uploads\/2016\/08\/MuenchenVenedig_11_15-300x300.jpg 300w, https:\/\/www.2muve.de\/wp-content\/uploads\/2016\/08\/MuenchenVenedig_11_15-150x150.jpg 150w, https:\/\/www.2muve.de\/wp-content\/uploads\/2016\/08\/MuenchenVenedig_11_15-400x400.jpg 400w, https:\/\/www.2muve.de\/wp-content\/uploads\/2016\/08\/MuenchenVenedig_11_15-365x365.jpg 365w\" sizes=\"auto, (max-width: 300px) 100vw, 300px\" class=\"light-dropshaddow\"\/><\/a><\/div><\/div><div class=\"tcol-lg-3 tcol-md-3 tcol-sm-4 tcol-xs-6 tcol-ss-12 g_item\"><div class=\"grid_item kad_gallery_fade_in gallery_item\"><a href=\"https:\/\/www.2muve.de\/wp-content\/uploads\/2016\/08\/MuenchenVenedig_11_17.jpg\" data-rel=\"lightbox\" class=\"lightboxhover\"><img loading=\"lazy\" decoding=\"async\" src=\"https:\/\/www.2muve.de\/wp-content\/uploads\/2016\/08\/MuenchenVenedig_11_17-300x300.jpg\" width=\"300\" height=\"300\" alt=\"Das Pfitscherjochhaus\" srcset=\"https:\/\/www.2muve.de\/wp-content\/uploads\/2016\/08\/MuenchenVenedig_11_17-300x300.jpg 300w, https:\/\/www.2muve.de\/wp-content\/uploads\/2016\/08\/MuenchenVenedig_11_17-150x150.jpg 150w, https:\/\/www.2muve.de\/wp-content\/uploads\/2016\/08\/MuenchenVenedig_11_17-400x400.jpg 400w\" sizes=\"auto, (max-width: 300px) 100vw, 300px\" class=\"light-dropshaddow\"\/><\/a><\/div><\/div><\/div>\n<p><strong>Pers\u00f6nliche H\u00f6hepunkte (1):<\/strong><\/p>\n<ul>\n<li>Der Weg von der Voldertalh\u00fctte zum Naviser J\u00f6chl<\/li>\n<li>Besuch von daheim auf der Lizumer H\u00fctte<\/li>\n<li>Der Weg zum Tuxer-Joch-Haus, vor allem auf dem Geierjoch und beim Junssee<\/li>\n<li>Die Friesenbergscharte &#8211; sowohl Auf- als auch Abstieg<\/li>\n<\/ul>\n<div id=\"kad-wp-gallery28\" class=\"kad-wp-gallery kad-light-wp-gallery clearfix kt-gallery-column-4 rowtight\"><div class=\"tcol-lg-3 tcol-md-3 tcol-sm-4 tcol-xs-6 tcol-ss-12 g_item\"><div class=\"grid_item kad_gallery_fade_in gallery_item\"><a href=\"https:\/\/www.2muve.de\/wp-content\/uploads\/2016\/08\/MuenchenVenedig_12_5.jpg\" data-rel=\"lightbox\" class=\"lightboxhover\"><img loading=\"lazy\" decoding=\"async\" src=\"https:\/\/www.2muve.de\/wp-content\/uploads\/2016\/08\/MuenchenVenedig_12_5-300x300.jpg\" width=\"300\" height=\"300\" alt=\"Nun liegt der Bach schon unter uns\" srcset=\"https:\/\/www.2muve.de\/wp-content\/uploads\/2016\/08\/MuenchenVenedig_12_5-300x300.jpg 300w, https:\/\/www.2muve.de\/wp-content\/uploads\/2016\/08\/MuenchenVenedig_12_5-150x150.jpg 150w\" sizes=\"auto, (max-width: 300px) 100vw, 300px\" class=\"light-dropshaddow\"\/><\/a><\/div><\/div><div class=\"tcol-lg-3 tcol-md-3 tcol-sm-4 tcol-xs-6 tcol-ss-12 g_item\"><div class=\"grid_item kad_gallery_fade_in gallery_item\"><a href=\"https:\/\/www.2muve.de\/wp-content\/uploads\/2016\/08\/MuenchenVenedig_12_10.jpg\" data-rel=\"lightbox\" class=\"lightboxhover\"><img loading=\"lazy\" decoding=\"async\" src=\"https:\/\/www.2muve.de\/wp-content\/uploads\/2016\/08\/MuenchenVenedig_12_10-300x300.jpg\" width=\"300\" height=\"300\" alt=\"Das letzte St\u00fcck\" srcset=\"https:\/\/www.2muve.de\/wp-content\/uploads\/2016\/08\/MuenchenVenedig_12_10-300x300.jpg 300w, https:\/\/www.2muve.de\/wp-content\/uploads\/2016\/08\/MuenchenVenedig_12_10-150x150.jpg 150w, https:\/\/www.2muve.de\/wp-content\/uploads\/2016\/08\/MuenchenVenedig_12_10-400x400.jpg 400w\" sizes=\"auto, (max-width: 300px) 100vw, 300px\" class=\"light-dropshaddow\"\/><\/a><\/div><\/div><div class=\"tcol-lg-3 tcol-md-3 tcol-sm-4 tcol-xs-6 tcol-ss-12 g_item\"><div class=\"grid_item kad_gallery_fade_in gallery_item\"><a href=\"https:\/\/www.2muve.de\/wp-content\/uploads\/2016\/08\/MuenchenVenedig_12_17.jpg\" data-rel=\"lightbox\" class=\"lightboxhover\"><img loading=\"lazy\" decoding=\"async\" src=\"https:\/\/www.2muve.de\/wp-content\/uploads\/2016\/08\/MuenchenVenedig_12_17-300x300.jpg\" width=\"300\" height=\"300\" alt=\"Zur Engalm\" srcset=\"https:\/\/www.2muve.de\/wp-content\/uploads\/2016\/08\/MuenchenVenedig_12_17-300x300.jpg 300w, https:\/\/www.2muve.de\/wp-content\/uploads\/2016\/08\/MuenchenVenedig_12_17-150x150.jpg 150w\" sizes=\"auto, (max-width: 300px) 100vw, 300px\" class=\"light-dropshaddow\"\/><\/a><\/div><\/div><div class=\"tcol-lg-3 tcol-md-3 tcol-sm-4 tcol-xs-6 tcol-ss-12 g_item\"><div class=\"grid_item kad_gallery_fade_in gallery_item\"><a href=\"https:\/\/www.2muve.de\/wp-content\/uploads\/2016\/08\/MuenchenVenedig_12_24.jpg\" data-rel=\"lightbox\" class=\"lightboxhover\"><img loading=\"lazy\" decoding=\"async\" src=\"https:\/\/www.2muve.de\/wp-content\/uploads\/2016\/08\/MuenchenVenedig_12_24-300x300.jpg\" width=\"300\" height=\"300\" alt=\"Noch weiter war&#039;s bis Weitental\" srcset=\"https:\/\/www.2muve.de\/wp-content\/uploads\/2016\/08\/MuenchenVenedig_12_24-300x300.jpg 300w, https:\/\/www.2muve.de\/wp-content\/uploads\/2016\/08\/MuenchenVenedig_12_24-150x150.jpg 150w, https:\/\/www.2muve.de\/wp-content\/uploads\/2016\/08\/MuenchenVenedig_12_24-400x400.jpg 400w\" sizes=\"auto, (max-width: 300px) 100vw, 300px\" class=\"light-dropshaddow\"\/><\/a><\/div><\/div><\/div>\n<p><strong>Pers\u00f6nliche H\u00f6hepunkte (2):<\/strong><\/p>\n<ul>\n<li>Der Abschnitt des Berliner H\u00f6henwegs<\/li>\n<li>Grenz\u00fcberschreitung nach Italien<\/li>\n<li>Das Wiedersehen mit den Physikern in Weitental<\/li>\n<li>Der Abend auf der Kreuzwiesenalm<\/li>\n<\/ul>\n<div id=\"kad-wp-gallery97\" class=\"kad-wp-gallery kad-light-wp-gallery clearfix kt-gallery-column-3 rowtight\"><div class=\"tcol-lg-4 tcol-md-4 tcol-sm-4 tcol-xs-6 tcol-ss-12 g_item\"><div class=\"grid_item kad_gallery_fade_in gallery_item\"><a href=\"https:\/\/www.2muve.de\/wp-content\/uploads\/2016\/08\/MuenchenVenedig_13_2.jpg\" data-rel=\"lightbox\" class=\"lightboxhover\"><img loading=\"lazy\" decoding=\"async\" src=\"https:\/\/www.2muve.de\/wp-content\/uploads\/2016\/08\/MuenchenVenedig_13_2-400x400.jpg\" width=\"400\" height=\"400\" alt=\"Der lange Weg bergauf durch den Wald\" srcset=\"https:\/\/www.2muve.de\/wp-content\/uploads\/2016\/08\/MuenchenVenedig_13_2-400x400.jpg 400w, https:\/\/www.2muve.de\/wp-content\/uploads\/2016\/08\/MuenchenVenedig_13_2-150x150.jpg 150w\" sizes=\"auto, (max-width: 400px) 100vw, 400px\" class=\"light-dropshaddow\"\/><\/a><\/div><\/div><div class=\"tcol-lg-4 tcol-md-4 tcol-sm-4 tcol-xs-6 tcol-ss-12 g_item\"><div class=\"grid_item kad_gallery_fade_in gallery_item\"><a href=\"https:\/\/www.2muve.de\/wp-content\/uploads\/2016\/08\/MuenchenVenedig_13_11.jpg\" data-rel=\"lightbox\" class=\"lightboxhover\"><img loading=\"lazy\" decoding=\"async\" src=\"https:\/\/www.2muve.de\/wp-content\/uploads\/2016\/08\/MuenchenVenedig_13_11-400x400.jpg\" width=\"400\" height=\"400\" alt=\"Weg durch zahlreiche Almen\" srcset=\"https:\/\/www.2muve.de\/wp-content\/uploads\/2016\/08\/MuenchenVenedig_13_11-400x400.jpg 400w, https:\/\/www.2muve.de\/wp-content\/uploads\/2016\/08\/MuenchenVenedig_13_11-150x150.jpg 150w, https:\/\/www.2muve.de\/wp-content\/uploads\/2016\/08\/MuenchenVenedig_13_11-365x365.jpg 365w\" sizes=\"auto, (max-width: 400px) 100vw, 400px\" class=\"light-dropshaddow\"\/><\/a><\/div><\/div><div class=\"tcol-lg-4 tcol-md-4 tcol-sm-4 tcol-xs-6 tcol-ss-12 g_item\"><div class=\"grid_item kad_gallery_fade_in gallery_item\"><a href=\"https:\/\/www.2muve.de\/wp-content\/uploads\/2016\/08\/MuenchenVenedig_13_14.jpg\" data-rel=\"lightbox\" class=\"lightboxhover\"><img loading=\"lazy\" decoding=\"async\" src=\"https:\/\/www.2muve.de\/wp-content\/uploads\/2016\/08\/MuenchenVenedig_13_14-400x400.jpg\" width=\"400\" height=\"400\" alt=\"Herrlicher Ausblick beim Abendspaziergang\" srcset=\"https:\/\/www.2muve.de\/wp-content\/uploads\/2016\/08\/MuenchenVenedig_13_14-400x400.jpg 400w, https:\/\/www.2muve.de\/wp-content\/uploads\/2016\/08\/MuenchenVenedig_13_14-150x150.jpg 150w\" sizes=\"auto, (max-width: 400px) 100vw, 400px\" class=\"light-dropshaddow\"\/><\/a><\/div><\/div><\/div>\n<p>In der zweiten Woche lief die Wanderung sehr viel angenehmer als in der ersten Woche. Die Anfangsprobleme mit F\u00fc\u00dfen, Schultern und Co. waren \u00fcberwunden und noch dazu waren wir in einer landschaftlich viel eindrucksvolleren Gegend. Wir lernten, den Weg mehr auszunutzen und nicht so sehr zu hetzen. Die anderen muveler wurden immer bekannter und wir freuten uns, wenn wir jemanden wieder trafen und die Abende auf der H\u00fctte gemeinsam verbrachten. Der Genuss startete f\u00fcr uns so richtig ab der zweiten Woche.<\/p>\n<p><strong>Beschreibung der einzelnen Etappen:<\/strong><br \/>\n<a href=\"https:\/\/www.2muve.de\/muve-etappe-8-voldertalhuette-lizumer-huette\/\">muve Etappe 8: Voldertalh\u00fctte &#8211; Lizumer H\u00fctte<\/a><br \/>\n<a href=\"https:\/\/www.2muve.de\/muve-etappe-9-lizumer-huette-tuxer-joch-haus\/\">muve Etappe 9: Lizumer H\u00fctte &#8211; Tuxer-Joch-Haus<\/a><br \/>\n<a href=\"https:\/\/www.2muve.de\/muve-etappe-10-tuxer-joch-haus-olpererhuette\/\">muve Etappe 10: Tuxer-Joch-Haus &#8211; Olpererh\u00fctte<\/a><br \/>\n<a href=\"https:\/\/www.2muve.de\/muve-etappe-11-olpererhuette-stein\/\">muve Etappe 11: Olpererh\u00fctte \u2013 Stein<\/a><br \/>\n<a href=\"https:\/\/www.2muve.de\/muve-etappe-12-stein-weitental\/\">muve Etappe 12: Stein \u2013 Weitental<\/a><br \/>\n<a href=\"https:\/\/www.2muve.de\/muve-etappe-13-weitental-kreuzwiesenalm\/\">muve Etappe 13: Weitental \u2013 Kreuzwiesenalm<\/a><\/p>\n","protected":false},"excerpt":{"rendered":"<p>Die folgenden sieben Etappen ab der Voldertalh\u00fctte haben uns \u00fcber die Zentralalpen gef\u00fchrt. Wir waren nun auf richtig alpinen Wegen unterwegs und hatten uns an das Weitwandern gew\u00f6hnt. Die Landschaft wurde immer beeindruckender und wir genossen die Umgebung sehr. Der &hellip; <a href=\"https:\/\/www.2muve.de\/index.php\/muve-vom-inntal-ins-pustertal\/\">Weiter<\/a><\/p>\n","protected":false},"author":1,"featured_media":8262,"comment_status":"open","ping_status":"closed","sticky":false,"template":"","format":"standard","meta":{"kt_blocks_editor_width":"","footnotes":""},"categories":[52],"tags":[129,286,125,287,68,288],"class_list":["post-8852","post","type-post","status-publish","format-standard","has-post-thumbnail","hentry","category-muvefar","tag-alpenueberquerung","tag-inntal","tag-muenchen-venedig","tag-pustertal","tag-traumpfad","tag-zentralalpen"],"_links":{"self":[{"href":"https:\/\/www.2muve.de\/index.php\/wp-json\/wp\/v2\/posts\/8852","targetHints":{"allow":["GET"]}}],"collection":[{"href":"https:\/\/www.2muve.de\/index.php\/wp-json\/wp\/v2\/posts"}],"about":[{"href":"https:\/\/www.2muve.de\/index.php\/wp-json\/wp\/v2\/types\/post"}],"author":[{"embeddable":true,"href":"https:\/\/www.2muve.de\/index.php\/wp-json\/wp\/v2\/users\/1"}],"replies":[{"embeddable":true,"href":"https:\/\/www.2muve.de\/index.php\/wp-json\/wp\/v2\/comments?post=8852"}],"version-history":[{"count":8,"href":"https:\/\/www.2muve.de\/index.php\/wp-json\/wp\/v2\/posts\/8852\/revisions"}],"predecessor-version":[{"id":8912,"href":"https:\/\/www.2muve.de\/index.php\/wp-json\/wp\/v2\/posts\/8852\/revisions\/8912"}],"wp:featuredmedia":[{"embeddable":true,"href":"https:\/\/www.2muve.de\/index.php\/wp-json\/wp\/v2\/media\/8262"}],"wp:attachment":[{"href":"https:\/\/www.2muve.de\/index.php\/wp-json\/wp\/v2\/media?parent=8852"}],"wp:term":[{"taxonomy":"category","embeddable":true,"href":"https:\/\/www.2muve.de\/index.php\/wp-json\/wp\/v2\/categories?post=8852"},{"taxonomy":"post_tag","embeddable":true,"href":"https:\/\/www.2muve.de\/index.php\/wp-json\/wp\/v2\/tags?post=8852"}],"curies":[{"name":"wp","href":"https:\/\/api.w.org\/{rel}","templated":true}]}}