{"id":8856,"date":"2016-11-13T09:00:38","date_gmt":"2016-11-13T08:00:38","guid":{"rendered":"http:\/\/www.2muve.de\/?p=8856"},"modified":"2016-11-13T09:01:42","modified_gmt":"2016-11-13T08:01:42","slug":"muve-von-belluno-bis-venedig","status":"publish","type":"post","link":"https:\/\/www.2muve.de\/index.php\/muve-von-belluno-bis-venedig\/","title":{"rendered":"muve: Von Belluno bis Venedig"},"content":{"rendered":"<p>Ab Belluno hie\u00df das Ziel des Weges Venedig. Der Weg f\u00fchrte uns \u00fcber den letzten &#8222;H\u00fcgel&#8220; (mit einem lockeren Aufstieg von 1600 H\u00f6henmetern) in einen flachen Wanderabschnitt. Die Weinberge entlang hat es uns noch sehr gefallen, als die Wege dann aber immer mehr zu Stra\u00dfenabschnitten wurden, lie\u00df die Motivation nach. Vor Venedig gab es aber noch einen H\u00f6hepunkt: Mit den Wanderschuhen am Meer anzukommen war ein ganz besonderes Gef\u00fchl.<\/p>\n<div id=\"kad-wp-gallery17\" class=\"kad-wp-gallery kad-light-wp-gallery clearfix kt-gallery-column-3 rowtight\"><div class=\"tcol-lg-4 tcol-md-4 tcol-sm-4 tcol-xs-6 tcol-ss-12 g_item\"><div class=\"grid_item kad_gallery_fade_in gallery_item\"><a href=\"https:\/\/www.2muve.de\/wp-content\/uploads\/2016\/09\/MuenchenVenedig_21_7.jpg\" data-rel=\"lightbox\" class=\"lightboxhover\"><img loading=\"lazy\" decoding=\"async\" src=\"https:\/\/www.2muve.de\/wp-content\/uploads\/2016\/09\/MuenchenVenedig_21_7-400x400.jpg\" width=\"400\" height=\"400\" alt=\"Bunte Gassen in Belluno\" srcset=\"https:\/\/www.2muve.de\/wp-content\/uploads\/2016\/09\/MuenchenVenedig_21_7-400x400.jpg 400w, https:\/\/www.2muve.de\/wp-content\/uploads\/2016\/09\/MuenchenVenedig_21_7-150x150.jpg 150w\" sizes=\"auto, (max-width: 400px) 100vw, 400px\" class=\"light-dropshaddow\"\/><\/a><\/div><\/div><div class=\"tcol-lg-4 tcol-md-4 tcol-sm-4 tcol-xs-6 tcol-ss-12 g_item\"><div class=\"grid_item kad_gallery_fade_in gallery_item\"><a href=\"https:\/\/www.2muve.de\/wp-content\/uploads\/2016\/09\/MuenchenVenedig_21_10.jpg\" data-rel=\"lightbox\" class=\"lightboxhover\"><img loading=\"lazy\" decoding=\"async\" src=\"https:\/\/www.2muve.de\/wp-content\/uploads\/2016\/09\/MuenchenVenedig_21_10-400x400.jpg\" width=\"400\" height=\"400\" alt=\"Herrlicher Ausblick von Belluno\" srcset=\"https:\/\/www.2muve.de\/wp-content\/uploads\/2016\/09\/MuenchenVenedig_21_10-400x400.jpg 400w, https:\/\/www.2muve.de\/wp-content\/uploads\/2016\/09\/MuenchenVenedig_21_10-150x150.jpg 150w, https:\/\/www.2muve.de\/wp-content\/uploads\/2016\/09\/MuenchenVenedig_21_10-365x365.jpg 365w\" sizes=\"auto, (max-width: 400px) 100vw, 400px\" class=\"light-dropshaddow\"\/><\/a><\/div><\/div><div class=\"tcol-lg-4 tcol-md-4 tcol-sm-4 tcol-xs-6 tcol-ss-12 g_item\"><div class=\"grid_item kad_gallery_fade_in gallery_item\"><a href=\"https:\/\/www.2muve.de\/wp-content\/uploads\/2016\/10\/MuenchenVenedig_22_3.jpg\" data-rel=\"lightbox\" class=\"lightboxhover\"><img loading=\"lazy\" decoding=\"async\" src=\"https:\/\/www.2muve.de\/wp-content\/uploads\/2016\/10\/MuenchenVenedig_22_3-400x400.jpg\" width=\"400\" height=\"400\" alt=\"Belluno mit Dolomiten im Hintergrund\" srcset=\"https:\/\/www.2muve.de\/wp-content\/uploads\/2016\/10\/MuenchenVenedig_22_3-400x400.jpg 400w, https:\/\/www.2muve.de\/wp-content\/uploads\/2016\/10\/MuenchenVenedig_22_3-150x150.jpg 150w\" sizes=\"auto, (max-width: 400px) 100vw, 400px\" class=\"light-dropshaddow\"\/><\/a><\/div><\/div><\/div>\n<p><strong>Der Weg:<\/strong><br \/>\nVon Belluno aus f\u00fchrte uns der Traumpfad auf den Nevegal, der letzten Erhebung bevor es ins Flachland ging. Von dort wanderten wir nach Revine und Tarzo. Durch die Wein- und Proseccogegend ging es an Arfanta vorbei nach Refrontolo. Auf Stra\u00dfen liefen wir weiter nach Collalto, Barbisanello und San Daniele und wanderten dann ins Piave-Tal. Nach einer \u00dcbernachtung in Ponte della Priula f\u00fchrte uns der Weg weiter an der Piave entlang nach Salettuol, Candelu und San Bartolomeo. Von dort liefen wir weiter nach Bocca Callalta und Fossa und wechselten dort in den Bus. Zu Fu\u00df folgt man weiter der Piave \u00fcber Zenson di Piave, Fossalta di Piave, Musile di Piave und dann die Sile entlang bis Jesolo und Cavallino. Wir starteten wieder in Cavallino und wanderten am Strand entlang und dann an der Via Fausta bis zum Punta Sabbioni, von wo aus man das letzte St\u00fcck mit einem Vaporetto nach Venedig f\u00e4hrt.<\/p>\n<div id=\"kad-wp-gallery84\" class=\"kad-wp-gallery kad-light-wp-gallery clearfix kt-gallery-column-3 rowtight\"><div class=\"tcol-lg-4 tcol-md-4 tcol-sm-4 tcol-xs-6 tcol-ss-12 g_item\"><div class=\"grid_item kad_gallery_fade_in gallery_item\"><a href=\"https:\/\/www.2muve.de\/wp-content\/uploads\/2016\/10\/MuenchenVenedig_22_5.jpg\" data-rel=\"lightbox\" class=\"lightboxhover\"><img loading=\"lazy\" decoding=\"async\" src=\"https:\/\/www.2muve.de\/wp-content\/uploads\/2016\/10\/MuenchenVenedig_22_5-400x400.jpg\" width=\"400\" height=\"400\" alt=\"Durch die Gassen auf dem Weg zum Nevegal\" srcset=\"https:\/\/www.2muve.de\/wp-content\/uploads\/2016\/10\/MuenchenVenedig_22_5-400x400.jpg 400w, https:\/\/www.2muve.de\/wp-content\/uploads\/2016\/10\/MuenchenVenedig_22_5-150x150.jpg 150w\" sizes=\"auto, (max-width: 400px) 100vw, 400px\" class=\"light-dropshaddow\"\/><\/a><\/div><\/div><div class=\"tcol-lg-4 tcol-md-4 tcol-sm-4 tcol-xs-6 tcol-ss-12 g_item\"><div class=\"grid_item kad_gallery_fade_in gallery_item\"><a href=\"https:\/\/www.2muve.de\/wp-content\/uploads\/2016\/10\/MuenchenVenedig_22_12.jpg\" data-rel=\"lightbox\" class=\"lightboxhover\"><img loading=\"lazy\" decoding=\"async\" src=\"https:\/\/www.2muve.de\/wp-content\/uploads\/2016\/10\/MuenchenVenedig_22_12-400x400.jpg\" width=\"400\" height=\"400\" alt=\"Wieder durch Wald weiter nach oben\" srcset=\"https:\/\/www.2muve.de\/wp-content\/uploads\/2016\/10\/MuenchenVenedig_22_12-400x400.jpg 400w, https:\/\/www.2muve.de\/wp-content\/uploads\/2016\/10\/MuenchenVenedig_22_12-150x150.jpg 150w\" sizes=\"auto, (max-width: 400px) 100vw, 400px\" class=\"light-dropshaddow\"\/><\/a><\/div><\/div><div class=\"tcol-lg-4 tcol-md-4 tcol-sm-4 tcol-xs-6 tcol-ss-12 g_item\"><div class=\"grid_item kad_gallery_fade_in gallery_item\"><a href=\"https:\/\/www.2muve.de\/wp-content\/uploads\/2016\/10\/MuenchenVenedig_22_15.jpg\" data-rel=\"lightbox\" class=\"lightboxhover\"><img loading=\"lazy\" decoding=\"async\" src=\"https:\/\/www.2muve.de\/wp-content\/uploads\/2016\/10\/MuenchenVenedig_22_15-400x400.jpg\" width=\"400\" height=\"400\" alt=\"Zu den Dolomiten\" srcset=\"https:\/\/www.2muve.de\/wp-content\/uploads\/2016\/10\/MuenchenVenedig_22_15-400x400.jpg 400w, https:\/\/www.2muve.de\/wp-content\/uploads\/2016\/10\/MuenchenVenedig_22_15-150x150.jpg 150w, https:\/\/www.2muve.de\/wp-content\/uploads\/2016\/10\/MuenchenVenedig_22_15-365x365.jpg 365w\" sizes=\"auto, (max-width: 400px) 100vw, 400px\" class=\"light-dropshaddow\"\/><\/a><\/div><\/div><\/div>\n<p><strong>Unser Eindruck:<\/strong><br \/>\nWir hatten in Belluno das Gef\u00fchl, dass es vorbei sei. Nachdem der letzte alpine Abschnitt hinter uns lag, war unser Ziel erreicht. Es kam dann aber doch noch ein St\u00fcck mit sechs Etappen. Der Aufstieg zum Nevegal war nochmal anstrengend, aber sch\u00f6n. Wir hatten einen tollen Aussichtspunkt mit perfektem Sonnenuntergang. Mit dem Fernglas konnten wir von da aus schon Venedig sehen. Der Abstieg war dann nochmal sch\u00f6n, bis wir zur Stra\u00dfe kamen und ins Tal. Da war es dann richtig hei\u00df und damit auf eine andere Art anstrengend. Das St\u00fcck bis Refrontolo war durch die Weingegend landschaftlich eine tolle Abwechslung, aber ab da wurde es dann f\u00fcr uns immer weniger interessant. Wir waren \u00fcberrascht vom Abschnitt zwischen Ponte della Priula und San Bartolomeo, der wirklich sch\u00f6n war. Danach f\u00fchrt der Weg weniger spannend die Piave entlang, wir entschieden uns dann auch f\u00fcr den Bus. Jesolo selber kann man auch gut auslassen, wir waren schon etwas \u00fcberrumpelt von den ganzen Touristen. Ein H\u00f6hepunkt war aber das Meer zu erreichen. Die Vorstellung auf einem 3000er gestanden zu sein und nun am Meer angekommen zu sein war etwas Besonderes. Das Wandern direkt am Strand hat Spa\u00df gemacht. Die Via Fausta wiederum zog sich einfach nur, aber da war das Ziel nah. Venedig war f\u00fcr uns untertags zu viel, am Abend war es daf\u00fcr ein wundersch\u00f6ner Ausklang der Wanderung.<\/p>\n<div id=\"kad-wp-gallery95\" class=\"kad-wp-gallery kad-light-wp-gallery clearfix kt-gallery-column-3 rowtight\"><div class=\"tcol-lg-4 tcol-md-4 tcol-sm-4 tcol-xs-6 tcol-ss-12 g_item\"><div class=\"grid_item kad_gallery_fade_in gallery_item\"><a href=\"https:\/\/www.2muve.de\/wp-content\/uploads\/2016\/10\/MuenchenVenedig_23_2.jpg\" data-rel=\"lightbox\" class=\"lightboxhover\"><img loading=\"lazy\" decoding=\"async\" src=\"https:\/\/www.2muve.de\/wp-content\/uploads\/2016\/10\/MuenchenVenedig_23_2-400x400.jpg\" width=\"400\" height=\"400\" alt=\"Blick zur\u00fcck zum Rifugio Col Visentin\" srcset=\"https:\/\/www.2muve.de\/wp-content\/uploads\/2016\/10\/MuenchenVenedig_23_2-400x400.jpg 400w, https:\/\/www.2muve.de\/wp-content\/uploads\/2016\/10\/MuenchenVenedig_23_2-150x150.jpg 150w, https:\/\/www.2muve.de\/wp-content\/uploads\/2016\/10\/MuenchenVenedig_23_2-300x300.jpg 300w\" sizes=\"auto, (max-width: 400px) 100vw, 400px\" class=\"light-dropshaddow\"\/><\/a><\/div><\/div><div class=\"tcol-lg-4 tcol-md-4 tcol-sm-4 tcol-xs-6 tcol-ss-12 g_item\"><div class=\"grid_item kad_gallery_fade_in gallery_item\"><a href=\"https:\/\/www.2muve.de\/wp-content\/uploads\/2016\/10\/MuenchenVenedig_23_5.jpg\" data-rel=\"lightbox\" class=\"lightboxhover\"><img loading=\"lazy\" decoding=\"async\" src=\"https:\/\/www.2muve.de\/wp-content\/uploads\/2016\/10\/MuenchenVenedig_23_5-400x400.jpg\" width=\"400\" height=\"400\" alt=\"Die letzten H\u00f6henmeter\" srcset=\"https:\/\/www.2muve.de\/wp-content\/uploads\/2016\/10\/MuenchenVenedig_23_5-400x400.jpg 400w, https:\/\/www.2muve.de\/wp-content\/uploads\/2016\/10\/MuenchenVenedig_23_5-150x150.jpg 150w, https:\/\/www.2muve.de\/wp-content\/uploads\/2016\/10\/MuenchenVenedig_23_5-300x300.jpg 300w\" sizes=\"auto, (max-width: 400px) 100vw, 400px\" class=\"light-dropshaddow\"\/><\/a><\/div><\/div><div class=\"tcol-lg-4 tcol-md-4 tcol-sm-4 tcol-xs-6 tcol-ss-12 g_item\"><div class=\"grid_item kad_gallery_fade_in gallery_item\"><a href=\"https:\/\/www.2muve.de\/wp-content\/uploads\/2016\/10\/MuenchenVenedig_23_18.jpg\" data-rel=\"lightbox\" class=\"lightboxhover\"><img loading=\"lazy\" decoding=\"async\" src=\"https:\/\/www.2muve.de\/wp-content\/uploads\/2016\/10\/MuenchenVenedig_23_18-400x400.jpg\" width=\"400\" height=\"400\" alt=\"Und immer weiter die Stra\u00dfe entlang\" srcset=\"https:\/\/www.2muve.de\/wp-content\/uploads\/2016\/10\/MuenchenVenedig_23_18-400x400.jpg 400w, https:\/\/www.2muve.de\/wp-content\/uploads\/2016\/10\/MuenchenVenedig_23_18-150x150.jpg 150w\" sizes=\"auto, (max-width: 400px) 100vw, 400px\" class=\"light-dropshaddow\"\/><\/a><\/div><\/div><\/div>\n<p><strong>Tipps:<\/strong><br \/>\nDen Nevegal sollte man mitnehmen. Es gibt Wanderf\u00fchrer, die f\u00fchren drum herum, der letzte Gipfel bietet aber nochmal einen sch\u00f6nen Blick zur\u00fcck auf die Dolomiten und runter ins Tal, wohin der Weg f\u00fchrt.<\/p>\n<p>Sonnenuntergang auf dem Nevegal ist sch\u00f6n, die Lager auf der H\u00fctte dort aber etwas runtergekommen. Da muss jeder selbst entscheiden, ob man nicht einfach ein St\u00fcck weiterwandert.<\/p>\n<p>Es ist nicht schlimm, auch mal den Bus zu nehmen. Manche Abschnitte sind einfach sehr z\u00e4h. Wir h\u00e4tten uns zwischen Refrontolo und Ponte della Priula einen Bus gew\u00fcnscht und sind auch froh, das St\u00fcck nach Cavallino mit dem Bus abgek\u00fcrzt zu haben. Es h\u00e4ngt immer davon ab, was man f\u00fcr ein Ziel hat. Unseres waren die Alpen und nicht das Flachland in Italien.<\/p>\n<div id=\"kad-wp-gallery78\" class=\"kad-wp-gallery kad-light-wp-gallery clearfix kt-gallery-column-3 rowtight\"><div class=\"tcol-lg-4 tcol-md-4 tcol-sm-4 tcol-xs-6 tcol-ss-12 g_item\"><div class=\"grid_item kad_gallery_fade_in gallery_item\"><a href=\"https:\/\/www.2muve.de\/wp-content\/uploads\/2016\/10\/MuenchenVenedig_23_16.jpg\" data-rel=\"lightbox\" class=\"lightboxhover\"><img loading=\"lazy\" decoding=\"async\" src=\"https:\/\/www.2muve.de\/wp-content\/uploads\/2016\/10\/MuenchenVenedig_23_16-400x400.jpg\" width=\"400\" height=\"400\" alt=\"Wir wandern vorbei an Weinfeldern\" srcset=\"https:\/\/www.2muve.de\/wp-content\/uploads\/2016\/10\/MuenchenVenedig_23_16-400x400.jpg 400w, https:\/\/www.2muve.de\/wp-content\/uploads\/2016\/10\/MuenchenVenedig_23_16-150x150.jpg 150w\" sizes=\"auto, (max-width: 400px) 100vw, 400px\" class=\"light-dropshaddow\"\/><\/a><\/div><\/div><div class=\"tcol-lg-4 tcol-md-4 tcol-sm-4 tcol-xs-6 tcol-ss-12 g_item\"><div class=\"grid_item kad_gallery_fade_in gallery_item\"><a href=\"https:\/\/www.2muve.de\/wp-content\/uploads\/2016\/10\/MuenchenVenedig_24_4.jpg\" data-rel=\"lightbox\" class=\"lightboxhover\"><img loading=\"lazy\" decoding=\"async\" src=\"https:\/\/www.2muve.de\/wp-content\/uploads\/2016\/10\/MuenchenVenedig_24_4-400x400.jpg\" width=\"400\" height=\"400\" alt=\"Molinetto della Croda\" srcset=\"https:\/\/www.2muve.de\/wp-content\/uploads\/2016\/10\/MuenchenVenedig_24_4-400x400.jpg 400w, https:\/\/www.2muve.de\/wp-content\/uploads\/2016\/10\/MuenchenVenedig_24_4-150x150.jpg 150w\" sizes=\"auto, (max-width: 400px) 100vw, 400px\" class=\"light-dropshaddow\"\/><\/a><\/div><\/div><div class=\"tcol-lg-4 tcol-md-4 tcol-sm-4 tcol-xs-6 tcol-ss-12 g_item\"><div class=\"grid_item kad_gallery_fade_in gallery_item\"><a href=\"https:\/\/www.2muve.de\/wp-content\/uploads\/2016\/10\/MuenchenVenedig_24_1.jpg\" data-rel=\"lightbox\" class=\"lightboxhover\"><img loading=\"lazy\" decoding=\"async\" src=\"https:\/\/www.2muve.de\/wp-content\/uploads\/2016\/10\/MuenchenVenedig_24_1-400x400.jpg\" width=\"400\" height=\"400\" alt=\"Wundersch\u00f6ne Weingegend um Arfanta\" srcset=\"https:\/\/www.2muve.de\/wp-content\/uploads\/2016\/10\/MuenchenVenedig_24_1-400x400.jpg 400w, https:\/\/www.2muve.de\/wp-content\/uploads\/2016\/10\/MuenchenVenedig_24_1-150x150.jpg 150w\" sizes=\"auto, (max-width: 400px) 100vw, 400px\" class=\"light-dropshaddow\"\/><\/a><\/div><\/div><\/div>\n<p>Nehmt euch Zeit f\u00fcr den Strand. Die Etappe nach Jesolo ist im Rother sehr lange, da kann&#8217;s schon sein, dass man erst sp\u00e4t ankommt. Das ist schade! Wir haben uns riesig gefreut etwas Zeit am Meer zu haben und das einfach zu genie\u00dfen. Ihr habt es euch verdient \ud83d\ude42 !<\/p>\n<p>Genie\u00dft in Venedig den Abend oder\/und Morgen, wenn die Tagestouristen nicht da sind. Da kommt die Sch\u00f6nheit der Stadt erst richtig raus und man wird auch nicht von Menschenmassen durch die Gassen gedr\u00fcckt.<\/p>\n<div id=\"kad-wp-gallery28\" class=\"kad-wp-gallery kad-light-wp-gallery clearfix kt-gallery-column-3 rowtight\"><div class=\"tcol-lg-4 tcol-md-4 tcol-sm-4 tcol-xs-6 tcol-ss-12 g_item\"><div class=\"grid_item kad_gallery_fade_in gallery_item\"><a href=\"https:\/\/www.2muve.de\/wp-content\/uploads\/2016\/10\/MuenchenVenedig_25_5.jpg\" data-rel=\"lightbox\" class=\"lightboxhover\"><img loading=\"lazy\" decoding=\"async\" src=\"https:\/\/www.2muve.de\/wp-content\/uploads\/2016\/10\/MuenchenVenedig_25_5-400x400.jpg\" width=\"400\" height=\"400\" alt=\"R\u00fcckblick zur Br\u00fccke\" srcset=\"https:\/\/www.2muve.de\/wp-content\/uploads\/2016\/10\/MuenchenVenedig_25_5-400x400.jpg 400w, https:\/\/www.2muve.de\/wp-content\/uploads\/2016\/10\/MuenchenVenedig_25_5-150x150.jpg 150w, https:\/\/www.2muve.de\/wp-content\/uploads\/2016\/10\/MuenchenVenedig_25_5-300x300.jpg 300w\" sizes=\"auto, (max-width: 400px) 100vw, 400px\" class=\"light-dropshaddow\"\/><\/a><\/div><\/div><div class=\"tcol-lg-4 tcol-md-4 tcol-sm-4 tcol-xs-6 tcol-ss-12 g_item\"><div class=\"grid_item kad_gallery_fade_in gallery_item\"><a href=\"https:\/\/www.2muve.de\/wp-content\/uploads\/2016\/10\/MuenchenVenedig_25_14.jpg\" data-rel=\"lightbox\" class=\"lightboxhover\"><img loading=\"lazy\" decoding=\"async\" src=\"https:\/\/www.2muve.de\/wp-content\/uploads\/2016\/10\/MuenchenVenedig_25_14-400x400.jpg\" width=\"400\" height=\"400\" alt=\"\" srcset=\"https:\/\/www.2muve.de\/wp-content\/uploads\/2016\/10\/MuenchenVenedig_25_14-400x400.jpg 400w, https:\/\/www.2muve.de\/wp-content\/uploads\/2016\/10\/MuenchenVenedig_25_14-150x150.jpg 150w, https:\/\/www.2muve.de\/wp-content\/uploads\/2016\/10\/MuenchenVenedig_25_14-300x300.jpg 300w, https:\/\/www.2muve.de\/wp-content\/uploads\/2016\/10\/MuenchenVenedig_25_14-365x365.jpg 365w\" sizes=\"auto, (max-width: 400px) 100vw, 400px\" class=\"light-dropshaddow\"\/><\/a><\/div><\/div><div class=\"tcol-lg-4 tcol-md-4 tcol-sm-4 tcol-xs-6 tcol-ss-12 g_item\"><div class=\"grid_item kad_gallery_fade_in gallery_item\"><a href=\"https:\/\/www.2muve.de\/wp-content\/uploads\/2016\/10\/MuenchenVenedig_25_15.jpg\" data-rel=\"lightbox\" class=\"lightboxhover\"><img loading=\"lazy\" decoding=\"async\" src=\"https:\/\/www.2muve.de\/wp-content\/uploads\/2016\/10\/MuenchenVenedig_25_15-400x400.jpg\" width=\"400\" height=\"400\" alt=\"Umgeben von Feldern\" srcset=\"https:\/\/www.2muve.de\/wp-content\/uploads\/2016\/10\/MuenchenVenedig_25_15-400x400.jpg 400w, https:\/\/www.2muve.de\/wp-content\/uploads\/2016\/10\/MuenchenVenedig_25_15-150x150.jpg 150w, https:\/\/www.2muve.de\/wp-content\/uploads\/2016\/10\/MuenchenVenedig_25_15-300x300.jpg 300w\" sizes=\"auto, (max-width: 400px) 100vw, 400px\" class=\"light-dropshaddow\"\/><\/a><\/div><\/div><\/div>\n<p><strong>Pers\u00f6nliche H\u00f6hepunkte (1):<\/strong><\/p>\n<ul>\n<li>Sonnenuntergang auf dem Nevegal<\/li>\n<li>Unterkunft in Arfanta<\/li>\n<li>Weingegend um Arfanta<\/li>\n<li>Veganes Angebot in den italienischen Superm\u00e4rkten<\/li>\n<\/ul>\n<div id=\"kad-wp-gallery14\" class=\"kad-wp-gallery kad-light-wp-gallery clearfix kt-gallery-column-3 rowtight\"><div class=\"tcol-lg-4 tcol-md-4 tcol-sm-4 tcol-xs-6 tcol-ss-12 g_item\"><div class=\"grid_item kad_gallery_fade_in gallery_item\"><a href=\"https:\/\/www.2muve.de\/wp-content\/uploads\/2016\/10\/MuenchenVenedig_26_5.jpg\" data-rel=\"lightbox\" class=\"lightboxhover\"><img loading=\"lazy\" decoding=\"async\" src=\"https:\/\/www.2muve.de\/wp-content\/uploads\/2016\/10\/MuenchenVenedig_26_5-400x400.jpg\" width=\"400\" height=\"400\" alt=\"2muve war da :-)\" srcset=\"https:\/\/www.2muve.de\/wp-content\/uploads\/2016\/10\/MuenchenVenedig_26_5-400x400.jpg 400w, https:\/\/www.2muve.de\/wp-content\/uploads\/2016\/10\/MuenchenVenedig_26_5-150x150.jpg 150w, https:\/\/www.2muve.de\/wp-content\/uploads\/2016\/10\/MuenchenVenedig_26_5-365x365.jpg 365w\" sizes=\"auto, (max-width: 400px) 100vw, 400px\" class=\"light-dropshaddow\"\/><\/a><\/div><\/div><div class=\"tcol-lg-4 tcol-md-4 tcol-sm-4 tcol-xs-6 tcol-ss-12 g_item\"><div class=\"grid_item kad_gallery_fade_in gallery_item\"><a href=\"https:\/\/www.2muve.de\/wp-content\/uploads\/2016\/10\/MuenchenVenedig_27_3.jpg\" data-rel=\"lightbox\" class=\"lightboxhover\"><img loading=\"lazy\" decoding=\"async\" src=\"https:\/\/www.2muve.de\/wp-content\/uploads\/2016\/10\/MuenchenVenedig_27_3-400x400.jpg\" width=\"400\" height=\"400\" alt=\"2muve wandernd am Strand\" srcset=\"https:\/\/www.2muve.de\/wp-content\/uploads\/2016\/10\/MuenchenVenedig_27_3-400x400.jpg 400w, https:\/\/www.2muve.de\/wp-content\/uploads\/2016\/10\/MuenchenVenedig_27_3-150x150.jpg 150w\" sizes=\"auto, (max-width: 400px) 100vw, 400px\" class=\"light-dropshaddow\"\/><\/a><\/div><\/div><div class=\"tcol-lg-4 tcol-md-4 tcol-sm-4 tcol-xs-6 tcol-ss-12 g_item\"><div class=\"grid_item kad_gallery_fade_in gallery_item\"><a href=\"https:\/\/www.2muve.de\/wp-content\/uploads\/2016\/10\/MuenchenVenedig_27_4.jpg\" data-rel=\"lightbox\" class=\"lightboxhover\"><img loading=\"lazy\" decoding=\"async\" src=\"https:\/\/www.2muve.de\/wp-content\/uploads\/2016\/10\/MuenchenVenedig_27_4-400x400.jpg\" width=\"400\" height=\"400\" alt=\"Fu\u00dfabdruck am Strand\" srcset=\"https:\/\/www.2muve.de\/wp-content\/uploads\/2016\/10\/MuenchenVenedig_27_4-400x400.jpg 400w, https:\/\/www.2muve.de\/wp-content\/uploads\/2016\/10\/MuenchenVenedig_27_4-150x150.jpg 150w, https:\/\/www.2muve.de\/wp-content\/uploads\/2016\/10\/MuenchenVenedig_27_4-300x300.jpg 300w\" sizes=\"auto, (max-width: 400px) 100vw, 400px\" class=\"light-dropshaddow\"\/><\/a><\/div><\/div><\/div>\n<p><strong>Pers\u00f6nliche H\u00f6hepunkte (2):<\/strong><\/p>\n<ul>\n<li>Schwimmen im Meer in Cavallino<\/li>\n<li>Wandern am Strand von Cavallino<\/li>\n<li>Venedig erreichen<\/li>\n<li>Abend in Venedig<\/li>\n<\/ul>\n<div id=\"kad-wp-gallery34\" class=\"kad-wp-gallery kad-light-wp-gallery clearfix kt-gallery-column-4 rowtight\"><div class=\"tcol-lg-3 tcol-md-3 tcol-sm-4 tcol-xs-6 tcol-ss-12 g_item\"><div class=\"grid_item kad_gallery_fade_in gallery_item\"><a href=\"https:\/\/www.2muve.de\/wp-content\/uploads\/2016\/10\/MuenchenVenedig_27_15.jpg\" data-rel=\"lightbox\" class=\"lightboxhover\"><img loading=\"lazy\" decoding=\"async\" src=\"https:\/\/www.2muve.de\/wp-content\/uploads\/2016\/10\/MuenchenVenedig_27_15-300x300.jpg\" width=\"300\" height=\"300\" alt=\"Kan\u00e4le in Venedig\" srcset=\"https:\/\/www.2muve.de\/wp-content\/uploads\/2016\/10\/MuenchenVenedig_27_15-300x300.jpg 300w, https:\/\/www.2muve.de\/wp-content\/uploads\/2016\/10\/MuenchenVenedig_27_15-150x150.jpg 150w\" sizes=\"auto, (max-width: 300px) 100vw, 300px\" class=\"light-dropshaddow\"\/><\/a><\/div><\/div><div class=\"tcol-lg-3 tcol-md-3 tcol-sm-4 tcol-xs-6 tcol-ss-12 g_item\"><div class=\"grid_item kad_gallery_fade_in gallery_item\"><a href=\"https:\/\/www.2muve.de\/wp-content\/uploads\/2016\/10\/MuenchenVenedig_27_17.jpg\" data-rel=\"lightbox\" class=\"lightboxhover\"><img loading=\"lazy\" decoding=\"async\" src=\"https:\/\/www.2muve.de\/wp-content\/uploads\/2016\/10\/MuenchenVenedig_27_17-300x300.jpg\" width=\"300\" height=\"300\" alt=\"\" srcset=\"https:\/\/www.2muve.de\/wp-content\/uploads\/2016\/10\/MuenchenVenedig_27_17-300x300.jpg 300w, https:\/\/www.2muve.de\/wp-content\/uploads\/2016\/10\/MuenchenVenedig_27_17-150x150.jpg 150w, https:\/\/www.2muve.de\/wp-content\/uploads\/2016\/10\/MuenchenVenedig_27_17-400x400.jpg 400w, https:\/\/www.2muve.de\/wp-content\/uploads\/2016\/10\/MuenchenVenedig_27_17-365x365.jpg 365w\" sizes=\"auto, (max-width: 300px) 100vw, 300px\" class=\"light-dropshaddow\"\/><\/a><\/div><\/div><div class=\"tcol-lg-3 tcol-md-3 tcol-sm-4 tcol-xs-6 tcol-ss-12 g_item\"><div class=\"grid_item kad_gallery_fade_in gallery_item\"><a href=\"https:\/\/www.2muve.de\/wp-content\/uploads\/2016\/10\/MuenchenVenedig_27_24.jpg\" data-rel=\"lightbox\" class=\"lightboxhover\"><img loading=\"lazy\" decoding=\"async\" src=\"https:\/\/www.2muve.de\/wp-content\/uploads\/2016\/10\/MuenchenVenedig_27_24-300x300.jpg\" width=\"300\" height=\"300\" alt=\"Sch\u00f6nes Venedig\" srcset=\"https:\/\/www.2muve.de\/wp-content\/uploads\/2016\/10\/MuenchenVenedig_27_24-300x300.jpg 300w, https:\/\/www.2muve.de\/wp-content\/uploads\/2016\/10\/MuenchenVenedig_27_24-150x150.jpg 150w, https:\/\/www.2muve.de\/wp-content\/uploads\/2016\/10\/MuenchenVenedig_27_24-400x400.jpg 400w\" sizes=\"auto, (max-width: 300px) 100vw, 300px\" class=\"light-dropshaddow\"\/><\/a><\/div><\/div><div class=\"tcol-lg-3 tcol-md-3 tcol-sm-4 tcol-xs-6 tcol-ss-12 g_item\"><div class=\"grid_item kad_gallery_fade_in gallery_item\"><a href=\"https:\/\/www.2muve.de\/wp-content\/uploads\/2016\/10\/MuenchenVenedig_27_27.jpg\" data-rel=\"lightbox\" class=\"lightboxhover\"><img loading=\"lazy\" decoding=\"async\" src=\"https:\/\/www.2muve.de\/wp-content\/uploads\/2016\/10\/MuenchenVenedig_27_27-300x300.jpg\" width=\"300\" height=\"300\" alt=\"Abend in Venedig\" srcset=\"https:\/\/www.2muve.de\/wp-content\/uploads\/2016\/10\/MuenchenVenedig_27_27-300x300.jpg 300w, https:\/\/www.2muve.de\/wp-content\/uploads\/2016\/10\/MuenchenVenedig_27_27-150x150.jpg 150w\" sizes=\"auto, (max-width: 300px) 100vw, 300px\" class=\"light-dropshaddow\"\/><\/a><\/div><\/div><\/div>\n<p>Es war der letzte Abschnitt des Traumpfads und auch wenn er eine knappe Woche lang war, waren wir gef\u00fchlt schon die ganze Zeit am Ziel. Um den Traumpfad zu vervollst\u00e4ndigen, um zu Fu\u00df am Meer anzukommen, um wirklich in Italien zu sein ist dieser Abschnitt richtig. Unserer Meinung nach ist das aber auch ein Teil, den man sich sparen kann, wenn das Hauptziel die Alpen\u00fcberquerung ist und nicht der Traumpfad.<\/p>\n<p><strong>Beschreibung der einzelnen Etappen:<\/strong><br \/>\n<a href=\"https:\/\/www.2muve.de\/muve-etappe-22-belluno-rifugio-col-visentin\/\">muve Etappe 22: Belluno \u2013 Rifugio Col Visentin<\/a><br \/>\n<a href=\"https:\/\/www.2muve.de\/muve-etappe-23-rifugio-col-visentin-arfanta\/\">muve Etappe 23: Rifugio Col Visentin \u2013 Arfanta<\/a><br \/>\n<a href=\"https:\/\/www.2muve.de\/muve-etappe-24-arfanta-ponte-della-priula\/\">muve Etappe 24: Arfanta \u2013 Ponte della Priula<\/a><br \/>\n<a href=\"https:\/\/www.2muve.de\/muve-etappe-25-ponte-della-priula-san-bartolomeo\/\">muve Etappe 25: Ponte della Priula \u2013 San Bartolomeo<\/a><br \/>\n<a href=\"https:\/\/www.2muve.de\/muve-etappe-26-san-bartolomeo-cavallino\/\">muve Etappe 26: San Bartolomeo &#8211; Cavallino<\/a><br \/>\n<a href=\"https:\/\/www.2muve.de\/muve-etappe-27-cavallino-venedig\/\">muve Etappe 27: Cavallino &#8211; Venedig<\/a><\/p>\n","protected":false},"excerpt":{"rendered":"<p>Ab Belluno hie\u00df das Ziel des Weges Venedig. Der Weg f\u00fchrte uns \u00fcber den letzten &#8222;H\u00fcgel&#8220; (mit einem lockeren Aufstieg von 1600 H\u00f6henmetern) in einen flachen Wanderabschnitt. Die Weinberge entlang hat es uns noch sehr gefallen, als die Wege dann &hellip; <a href=\"https:\/\/www.2muve.de\/index.php\/muve-von-belluno-bis-venedig\/\">Weiter<\/a><\/p>\n","protected":false},"author":1,"featured_media":8766,"comment_status":"open","ping_status":"closed","sticky":false,"template":"","format":"standard","meta":{"kt_blocks_editor_width":"","footnotes":""},"categories":[52],"tags":[129,244,125,251,265,68,70],"class_list":["post-8856","post","type-post","status-publish","format-standard","has-post-thumbnail","hentry","category-muvefar","tag-alpenueberquerung","tag-belluno","tag-muenchen-venedig","tag-nevegal","tag-piave","tag-traumpfad","tag-venedig"],"_links":{"self":[{"href":"https:\/\/www.2muve.de\/index.php\/wp-json\/wp\/v2\/posts\/8856","targetHints":{"allow":["GET"]}}],"collection":[{"href":"https:\/\/www.2muve.de\/index.php\/wp-json\/wp\/v2\/posts"}],"about":[{"href":"https:\/\/www.2muve.de\/index.php\/wp-json\/wp\/v2\/types\/post"}],"author":[{"embeddable":true,"href":"https:\/\/www.2muve.de\/index.php\/wp-json\/wp\/v2\/users\/1"}],"replies":[{"embeddable":true,"href":"https:\/\/www.2muve.de\/index.php\/wp-json\/wp\/v2\/comments?post=8856"}],"version-history":[{"count":8,"href":"https:\/\/www.2muve.de\/index.php\/wp-json\/wp\/v2\/posts\/8856\/revisions"}],"predecessor-version":[{"id":8949,"href":"https:\/\/www.2muve.de\/index.php\/wp-json\/wp\/v2\/posts\/8856\/revisions\/8949"}],"wp:featuredmedia":[{"embeddable":true,"href":"https:\/\/www.2muve.de\/index.php\/wp-json\/wp\/v2\/media\/8766"}],"wp:attachment":[{"href":"https:\/\/www.2muve.de\/index.php\/wp-json\/wp\/v2\/media?parent=8856"}],"wp:term":[{"taxonomy":"category","embeddable":true,"href":"https:\/\/www.2muve.de\/index.php\/wp-json\/wp\/v2\/categories?post=8856"},{"taxonomy":"post_tag","embeddable":true,"href":"https:\/\/www.2muve.de\/index.php\/wp-json\/wp\/v2\/tags?post=8856"}],"curies":[{"name":"wp","href":"https:\/\/api.w.org\/{rel}","templated":true}]}}