{"id":8862,"date":"2016-12-22T14:39:15","date_gmt":"2016-12-22T13:39:15","guid":{"rendered":"http:\/\/www.2muve.de\/?p=8862"},"modified":"2016-12-22T14:39:15","modified_gmt":"2016-12-22T13:39:15","slug":"muve-28-etappen-spaeter-und-jetzt","status":"publish","type":"post","link":"https:\/\/www.2muve.de\/index.php\/muve-28-etappen-spaeter-und-jetzt\/","title":{"rendered":"muve: 28 Etappen sp\u00e4ter &#8211; und jetzt?"},"content":{"rendered":"<p>Hallo zusammen,<\/p>\n<p>28 Tage wandern, 28 Tage mit dem Rucksack \u00fcber die Alpen, 28 Tage unterwegs, 28 Tage nicht daheim, 28 Tage in der Natur. Und pl\u00f6tzlich ist es vorbei. Wie ist das? Was macht das? Was passiert danach? Was lernt man daraus?<\/p>\n<p>Jeder hat ein anderes Ziel, wenn er zu einem Fernwanderweg aufbricht. Manche wollen ihre Grenzen testen, manche wollen Erkenntnisse gewinnen, manche wollen die Landschaft genie\u00dfen, manche wollen einfach mal weg und alles hinter sich lassen, manche wollen sich beweisen, manche suchen das Abenteuer und manche wollen einfach mal viel Zeit mit sich oder einem Menschen, mit dem sie unterwegs sind, verbringen. Und da gibt es sicher noch zahlreiche andere Gr\u00fcnde.<\/p>\n<div id=\"kad-wp-gallery15\" class=\"kad-wp-gallery kad-light-wp-gallery clearfix kt-gallery-column-3 rowtight\"><div class=\"tcol-lg-4 tcol-md-4 tcol-sm-4 tcol-xs-6 tcol-ss-12 g_item\"><div class=\"grid_item kad_gallery_fade_in gallery_item\"><a href=\"https:\/\/www.2muve.de\/wp-content\/uploads\/2016\/08\/MuenchenVenedig_02_5.jpg\" data-rel=\"lightbox\" class=\"lightboxhover\"><img loading=\"lazy\" decoding=\"async\" src=\"https:\/\/www.2muve.de\/wp-content\/uploads\/2016\/08\/MuenchenVenedig_02_5-400x400.jpg\" width=\"400\" height=\"400\" alt=\"Unser Pausenplatz\" srcset=\"https:\/\/www.2muve.de\/wp-content\/uploads\/2016\/08\/MuenchenVenedig_02_5-400x400.jpg 400w, https:\/\/www.2muve.de\/wp-content\/uploads\/2016\/08\/MuenchenVenedig_02_5-150x150.jpg 150w, https:\/\/www.2muve.de\/wp-content\/uploads\/2016\/08\/MuenchenVenedig_02_5-300x300.jpg 300w\" sizes=\"auto, (max-width: 400px) 100vw, 400px\" class=\"light-dropshaddow\"\/><\/a><\/div><\/div><div class=\"tcol-lg-4 tcol-md-4 tcol-sm-4 tcol-xs-6 tcol-ss-12 g_item\"><div class=\"grid_item kad_gallery_fade_in gallery_item\"><a href=\"https:\/\/www.2muve.de\/wp-content\/uploads\/2016\/08\/MuenchenVenedig_07_8.jpg\" data-rel=\"lightbox\" class=\"lightboxhover\"><img loading=\"lazy\" decoding=\"async\" src=\"https:\/\/www.2muve.de\/wp-content\/uploads\/2016\/08\/MuenchenVenedig_07_8-400x400.jpg\" width=\"400\" height=\"400\" alt=\"Gemeinsames Wandern\" srcset=\"https:\/\/www.2muve.de\/wp-content\/uploads\/2016\/08\/MuenchenVenedig_07_8-400x400.jpg 400w, https:\/\/www.2muve.de\/wp-content\/uploads\/2016\/08\/MuenchenVenedig_07_8-150x150.jpg 150w\" sizes=\"auto, (max-width: 400px) 100vw, 400px\" class=\"light-dropshaddow\"\/><\/a><\/div><\/div><\/div>\n<p>Wir sind losgelaufen, weil wir die Alpen in ihrer ganzen Sch\u00f6nheit erleben wollten und weil wir einfach mal mit dem Rucksack Urlaub machen wollten. Ich pers\u00f6nlich hatte mir auch ein paar Ziele gesetzt, Dinge \u00fcber die ich nachdenken wollte, zu denen ich nach der Wanderung eine L\u00f6sung im Kopf haben wollte.<\/p>\n<div id=\"kad-wp-gallery92\" class=\"kad-wp-gallery kad-light-wp-gallery clearfix kt-gallery-column-3 rowtight\"><div class=\"tcol-lg-4 tcol-md-4 tcol-sm-4 tcol-xs-6 tcol-ss-12 g_item\"><div class=\"grid_item kad_gallery_fade_in gallery_item\"><a href=\"https:\/\/www.2muve.de\/wp-content\/uploads\/2016\/08\/MuenchenVenedig_07_1.jpg\" data-rel=\"lightbox\" class=\"lightboxhover\"><img loading=\"lazy\" decoding=\"async\" src=\"https:\/\/www.2muve.de\/wp-content\/uploads\/2016\/08\/MuenchenVenedig_07_1.jpg\" width=\"600\" height=\"392\" alt=\"Endlich neue Schuhe!\" srcset=\"https:\/\/www.2muve.de\/wp-content\/uploads\/2016\/08\/MuenchenVenedig_07_1.jpg 600w, https:\/\/www.2muve.de\/wp-content\/uploads\/2016\/08\/MuenchenVenedig_07_1-300x196.jpg 300w\" sizes=\"auto, (max-width: 600px) 100vw, 600px\" class=\"light-dropshaddow\"\/><\/a><\/div><\/div><\/div>\n<p>Als es dann aber losging, hat sich sehr schnell herausgestellt, dass der Fokus bei uns gar nicht das Reflektieren und Nachdenken war, sondern das Genie\u00dfen. Wir haben so viel erlebt, so viel gesehen, so viele wunderbare Menschen kennengelernt &#8211; da war uns nie &#8222;so langweilig&#8220;, dass wir mal stundenlang in Gedanken versunken waren. Durch die vielen Gespr\u00e4che die wir untereinander und auch mit anderen Wanderern gef\u00fchrt haben, sind wir aber nat\u00fcrlich trotzdem zum Nachdenken gekommen.<\/p>\n<div id=\"kad-wp-gallery93\" class=\"kad-wp-gallery kad-light-wp-gallery clearfix kt-gallery-column-3 rowtight\"><div class=\"tcol-lg-4 tcol-md-4 tcol-sm-4 tcol-xs-6 tcol-ss-12 g_item\"><div class=\"grid_item kad_gallery_fade_in gallery_item\"><a href=\"https:\/\/www.2muve.de\/wp-content\/uploads\/2016\/09\/MuenchenVenedig_15_19.jpg\" data-rel=\"lightbox\" class=\"lightboxhover\"><img loading=\"lazy\" decoding=\"async\" src=\"https:\/\/www.2muve.de\/wp-content\/uploads\/2016\/09\/MuenchenVenedig_15_19-400x400.jpg\" width=\"400\" height=\"400\" alt=\"Freude nach dem spannenden Aufstieg\" srcset=\"https:\/\/www.2muve.de\/wp-content\/uploads\/2016\/09\/MuenchenVenedig_15_19-400x400.jpg 400w, https:\/\/www.2muve.de\/wp-content\/uploads\/2016\/09\/MuenchenVenedig_15_19-150x150.jpg 150w, https:\/\/www.2muve.de\/wp-content\/uploads\/2016\/09\/MuenchenVenedig_15_19-365x365.jpg 365w\" sizes=\"auto, (max-width: 400px) 100vw, 400px\" class=\"light-dropshaddow\"\/><\/a><\/div><\/div><div class=\"tcol-lg-4 tcol-md-4 tcol-sm-4 tcol-xs-6 tcol-ss-12 g_item\"><div class=\"grid_item kad_gallery_fade_in gallery_item\"><a href=\"https:\/\/www.2muve.de\/wp-content\/uploads\/2016\/09\/MuenchenVenedig_17_27.jpg\" data-rel=\"lightbox\" class=\"lightboxhover\"><img loading=\"lazy\" decoding=\"async\" src=\"https:\/\/www.2muve.de\/wp-content\/uploads\/2016\/09\/MuenchenVenedig_17_27-400x400.jpg\" width=\"400\" height=\"400\" alt=\"Wir haben eine grandiose Aussicht\" srcset=\"https:\/\/www.2muve.de\/wp-content\/uploads\/2016\/09\/MuenchenVenedig_17_27-400x400.jpg 400w, https:\/\/www.2muve.de\/wp-content\/uploads\/2016\/09\/MuenchenVenedig_17_27-150x150.jpg 150w, https:\/\/www.2muve.de\/wp-content\/uploads\/2016\/09\/MuenchenVenedig_17_27-300x300.jpg 300w, https:\/\/www.2muve.de\/wp-content\/uploads\/2016\/09\/MuenchenVenedig_17_27-365x365.jpg 365w\" sizes=\"auto, (max-width: 400px) 100vw, 400px\" class=\"light-dropshaddow\"\/><\/a><\/div><\/div><div class=\"tcol-lg-4 tcol-md-4 tcol-sm-4 tcol-xs-6 tcol-ss-12 g_item\"><div class=\"grid_item kad_gallery_fade_in gallery_item\"><a href=\"https:\/\/www.2muve.de\/wp-content\/uploads\/2016\/09\/MuenchenVenedig_18_16.jpg\" data-rel=\"lightbox\" class=\"lightboxhover\"><img loading=\"lazy\" decoding=\"async\" src=\"https:\/\/www.2muve.de\/wp-content\/uploads\/2016\/09\/MuenchenVenedig_18_16-400x400.jpg\" width=\"400\" height=\"400\" alt=\"Verdiente Pause nach der anstrengenden Gondelfahrt ;-)\" srcset=\"https:\/\/www.2muve.de\/wp-content\/uploads\/2016\/09\/MuenchenVenedig_18_16-400x400.jpg 400w, https:\/\/www.2muve.de\/wp-content\/uploads\/2016\/09\/MuenchenVenedig_18_16-150x150.jpg 150w\" sizes=\"auto, (max-width: 400px) 100vw, 400px\" class=\"light-dropshaddow\"\/><\/a><\/div><\/div><\/div>\n<p>Es gab auf einer H\u00fctte eine Situation, da sa\u00dfen wir alle zusammen und redeten dar\u00fcber, wie muve unser Leben ver\u00e4ndern w\u00fcrde. Night Owl und ich waren da sehr still. Auf dem Weg ins Lager brach Night Owl dann das Schweigen und meinte: &#8222;Geht&#8217;s dir auch so? Wird sich dein Leben jetzt auch ver\u00e4ndern?&#8220; Ich war sehr erleichtert und meinte: &#8222;Nein, irgendwie scheint mich das alles nicht so zu ber\u00fchren und zu \u00e4ndern, wie es bei den anderen der Fall zu sein scheint.&#8220;<\/p>\n<div id=\"kad-wp-gallery94\" class=\"kad-wp-gallery kad-light-wp-gallery clearfix kt-gallery-column-3 rowtight\"><div class=\"tcol-lg-4 tcol-md-4 tcol-sm-4 tcol-xs-6 tcol-ss-12 g_item\"><div class=\"grid_item kad_gallery_fade_in gallery_item\"><a href=\"https:\/\/www.2muve.de\/wp-content\/uploads\/2016\/09\/MuenchenVenedig_20_12.jpg\" data-rel=\"lightbox\" class=\"lightboxhover\"><img loading=\"lazy\" decoding=\"async\" src=\"https:\/\/www.2muve.de\/wp-content\/uploads\/2016\/09\/MuenchenVenedig_20_12-400x400.jpg\" width=\"400\" height=\"400\" alt=\"Auf Wiedersehen Dolomiten - unser letzter Dolomitentag\" srcset=\"https:\/\/www.2muve.de\/wp-content\/uploads\/2016\/09\/MuenchenVenedig_20_12-400x400.jpg 400w, https:\/\/www.2muve.de\/wp-content\/uploads\/2016\/09\/MuenchenVenedig_20_12-150x150.jpg 150w, https:\/\/www.2muve.de\/wp-content\/uploads\/2016\/09\/MuenchenVenedig_20_12-300x300.jpg 300w, https:\/\/www.2muve.de\/wp-content\/uploads\/2016\/09\/MuenchenVenedig_20_12-365x365.jpg 365w\" sizes=\"auto, (max-width: 400px) 100vw, 400px\" class=\"light-dropshaddow\"\/><\/a><\/div><\/div><div class=\"tcol-lg-4 tcol-md-4 tcol-sm-4 tcol-xs-6 tcol-ss-12 g_item\"><div class=\"grid_item kad_gallery_fade_in gallery_item\"><a href=\"https:\/\/www.2muve.de\/wp-content\/uploads\/2016\/08\/MuenchenVenedig_09_14.jpg\" data-rel=\"lightbox\" class=\"lightboxhover\"><img loading=\"lazy\" decoding=\"async\" src=\"https:\/\/www.2muve.de\/wp-content\/uploads\/2016\/08\/MuenchenVenedig_09_14-400x400.jpg\" width=\"400\" height=\"400\" alt=\"Blick auf das herrliche Panorama\" srcset=\"https:\/\/www.2muve.de\/wp-content\/uploads\/2016\/08\/MuenchenVenedig_09_14-400x400.jpg 400w, https:\/\/www.2muve.de\/wp-content\/uploads\/2016\/08\/MuenchenVenedig_09_14-150x150.jpg 150w\" sizes=\"auto, (max-width: 400px) 100vw, 400px\" class=\"light-dropshaddow\"\/><\/a><\/div><\/div><div class=\"tcol-lg-4 tcol-md-4 tcol-sm-4 tcol-xs-6 tcol-ss-12 g_item\"><div class=\"grid_item kad_gallery_fade_in gallery_item\"><a href=\"https:\/\/www.2muve.de\/wp-content\/uploads\/2016\/08\/MuenchenVenedig_11_15.jpg\" data-rel=\"lightbox\" class=\"lightboxhover\"><img loading=\"lazy\" decoding=\"async\" src=\"https:\/\/www.2muve.de\/wp-content\/uploads\/2016\/08\/MuenchenVenedig_11_15-400x400.jpg\" width=\"400\" height=\"400\" alt=\"Grenze erreicht: Zu Fu\u00df von \u00d6sterreich nach Italien\" srcset=\"https:\/\/www.2muve.de\/wp-content\/uploads\/2016\/08\/MuenchenVenedig_11_15-400x400.jpg 400w, https:\/\/www.2muve.de\/wp-content\/uploads\/2016\/08\/MuenchenVenedig_11_15-150x150.jpg 150w, https:\/\/www.2muve.de\/wp-content\/uploads\/2016\/08\/MuenchenVenedig_11_15-300x300.jpg 300w, https:\/\/www.2muve.de\/wp-content\/uploads\/2016\/08\/MuenchenVenedig_11_15-365x365.jpg 365w\" sizes=\"auto, (max-width: 400px) 100vw, 400px\" class=\"light-dropshaddow\"\/><\/a><\/div><\/div><\/div>\n<p>Was war los? Was war mit uns? Wir sprachen viel dar\u00fcber und fragten uns, warum diese Wanderung f\u00fcr uns einfach ein Urlaub war und nicht viel mehr. Es waren vier wundersch\u00f6ne Wochen, wir haben so viele tolle Sachen erlebt, aber unser Leben \u00e4nderte sich dadurch nicht. Vielleicht, weil wir auch so schon eher minimalistisch leben? Vielleicht, weil wir die Berge kennen und welche Wirkung wandern auf das Gem\u00fct hat? Vielleicht, weil wir einfach nicht tiefgr\u00fcndig genug waren? Nicht emotional genug? Nach ein paar Gespr\u00e4chen kam uns aber, dass es vielleicht genau am Ziel lag. Wir waren nicht unterwegs, um uns was zu beweisen, um irgendwas herauszufinden, um Antworten zu finden &#8211; wir waren unterwegs, weil wir die Alpen sehen wollten, die Natur erleben und das Wandern lieben.<\/p>\n<div id=\"kad-wp-gallery67\" class=\"kad-wp-gallery kad-light-wp-gallery clearfix kt-gallery-column-3 rowtight\"><div class=\"tcol-lg-4 tcol-md-4 tcol-sm-4 tcol-xs-6 tcol-ss-12 g_item\"><div class=\"grid_item kad_gallery_fade_in gallery_item\"><a href=\"https:\/\/www.2muve.de\/wp-content\/uploads\/2016\/08\/MuenchenVenedig_11_18.jpg\" data-rel=\"lightbox\" class=\"lightboxhover\"><img loading=\"lazy\" decoding=\"async\" src=\"https:\/\/www.2muve.de\/wp-content\/uploads\/2016\/08\/MuenchenVenedig_11_18-400x400.jpg\" width=\"400\" height=\"400\" alt=\"Kurze Pause\" srcset=\"https:\/\/www.2muve.de\/wp-content\/uploads\/2016\/08\/MuenchenVenedig_11_18-400x400.jpg 400w, https:\/\/www.2muve.de\/wp-content\/uploads\/2016\/08\/MuenchenVenedig_11_18-150x150.jpg 150w\" sizes=\"auto, (max-width: 400px) 100vw, 400px\" class=\"light-dropshaddow\"\/><\/a><\/div><\/div><div class=\"tcol-lg-4 tcol-md-4 tcol-sm-4 tcol-xs-6 tcol-ss-12 g_item\"><div class=\"grid_item kad_gallery_fade_in gallery_item\"><a href=\"https:\/\/www.2muve.de\/wp-content\/uploads\/2016\/10\/MuenchenVenedig_23_6.jpg\" data-rel=\"lightbox\" class=\"lightboxhover\"><img loading=\"lazy\" decoding=\"async\" src=\"https:\/\/www.2muve.de\/wp-content\/uploads\/2016\/10\/MuenchenVenedig_23_6-400x400.jpg\" width=\"400\" height=\"400\" alt=\"Schattenspiele\" srcset=\"https:\/\/www.2muve.de\/wp-content\/uploads\/2016\/10\/MuenchenVenedig_23_6-400x400.jpg 400w, https:\/\/www.2muve.de\/wp-content\/uploads\/2016\/10\/MuenchenVenedig_23_6-150x150.jpg 150w, https:\/\/www.2muve.de\/wp-content\/uploads\/2016\/10\/MuenchenVenedig_23_6-300x300.jpg 300w\" sizes=\"auto, (max-width: 400px) 100vw, 400px\" class=\"light-dropshaddow\"\/><\/a><\/div><\/div><div class=\"tcol-lg-4 tcol-md-4 tcol-sm-4 tcol-xs-6 tcol-ss-12 g_item\"><div class=\"grid_item kad_gallery_fade_in gallery_item\"><a href=\"https:\/\/www.2muve.de\/wp-content\/uploads\/2016\/10\/MuenchenVenedig_27_3.jpg\" data-rel=\"lightbox\" class=\"lightboxhover\"><img loading=\"lazy\" decoding=\"async\" src=\"https:\/\/www.2muve.de\/wp-content\/uploads\/2016\/10\/MuenchenVenedig_27_3-400x400.jpg\" width=\"400\" height=\"400\" alt=\"2muve wandernd am Strand\" srcset=\"https:\/\/www.2muve.de\/wp-content\/uploads\/2016\/10\/MuenchenVenedig_27_3-400x400.jpg 400w, https:\/\/www.2muve.de\/wp-content\/uploads\/2016\/10\/MuenchenVenedig_27_3-150x150.jpg 150w\" sizes=\"auto, (max-width: 400px) 100vw, 400px\" class=\"light-dropshaddow\"\/><\/a><\/div><\/div><\/div>\n<p>Was hat muve also mit uns gemacht? F\u00fcr mich pers\u00f6nlich hat es das Feuer f\u00fcr Fernwanderwege mehr entfacht, als es sowieso schon da war, es hat die Liebe zu den Dolomiten erneut gest\u00e4rkt, es hat eine tiefe Dankbarkeit ausgel\u00f6st &#8211; vor allem f\u00fcr meine F\u00fc\u00dfe \ud83d\ude09 , es hat mich gelassener gemacht, es hat meinen Fokus wieder mehr auf das Hier und Jetzt gelenkt und hat mir nachhaltig ein starkes Gl\u00fccksgef\u00fchl geschenkt. Und dazu habe ich erneut gelernt, wie wichtig es ist, auf sich zu schauen und das zu machen, was einem gut tut.<\/p>\n<p>Die ersten Tage nach muve war ich fertig und habe einfach nichts gemacht, bis zur ersten Bergtour hat es auch tats\u00e4chlich eine knappe Woche gedauert. Nat\u00fcrlich gab es auch ein kleines Tief, weil die t\u00e4gliche Bewegung weg war. Das war aber nur am Anfang so, danach hat sich ein viel gr\u00f6\u00dferes Hoch eingestellt. Die Erinnerungen an diese sch\u00f6ne Zeit, das immer wieder davon erz\u00e4hlen und auch das in Kontakt bleiben mit Leuten, die auch dabei waren, das alles macht sehr gl\u00fccklich und dankbar \ud83d\ude42 .<\/p>\n<div id=\"kad-wp-gallery20\" class=\"kad-wp-gallery kad-light-wp-gallery clearfix kt-gallery-column-3 rowtight\"><div class=\"tcol-lg-4 tcol-md-4 tcol-sm-4 tcol-xs-6 tcol-ss-12 g_item\"><div class=\"grid_item kad_gallery_fade_in gallery_item\"><a href=\"https:\/\/www.2muve.de\/wp-content\/uploads\/2016\/10\/MuenchenVenedig_27_17.jpg\" data-rel=\"lightbox\" class=\"lightboxhover\"><img loading=\"lazy\" decoding=\"async\" src=\"https:\/\/www.2muve.de\/wp-content\/uploads\/2016\/10\/MuenchenVenedig_27_17-400x400.jpg\" width=\"400\" height=\"400\" alt=\"\" srcset=\"https:\/\/www.2muve.de\/wp-content\/uploads\/2016\/10\/MuenchenVenedig_27_17-400x400.jpg 400w, https:\/\/www.2muve.de\/wp-content\/uploads\/2016\/10\/MuenchenVenedig_27_17-150x150.jpg 150w, https:\/\/www.2muve.de\/wp-content\/uploads\/2016\/10\/MuenchenVenedig_27_17-300x300.jpg 300w, https:\/\/www.2muve.de\/wp-content\/uploads\/2016\/10\/MuenchenVenedig_27_17-365x365.jpg 365w\" sizes=\"auto, (max-width: 400px) 100vw, 400px\" class=\"light-dropshaddow\"\/><\/a><\/div><\/div><div class=\"tcol-lg-4 tcol-md-4 tcol-sm-4 tcol-xs-6 tcol-ss-12 g_item\"><div class=\"grid_item kad_gallery_fade_in gallery_item\"><a href=\"https:\/\/www.2muve.de\/wp-content\/uploads\/2016\/10\/MuenchenVenedig_28_6.jpg\" data-rel=\"lightbox\" class=\"lightboxhover\"><img loading=\"lazy\" decoding=\"async\" src=\"https:\/\/www.2muve.de\/wp-content\/uploads\/2016\/10\/MuenchenVenedig_28_6-400x400.jpg\" width=\"400\" height=\"400\" alt=\"Unser Zug nach Verona\" srcset=\"https:\/\/www.2muve.de\/wp-content\/uploads\/2016\/10\/MuenchenVenedig_28_6-400x400.jpg 400w, https:\/\/www.2muve.de\/wp-content\/uploads\/2016\/10\/MuenchenVenedig_28_6-150x150.jpg 150w\" sizes=\"auto, (max-width: 400px) 100vw, 400px\" class=\"light-dropshaddow\"\/><\/a><\/div><\/div><\/div>\n<p>Und genau das ist die Wirkung von 28 Tagen muve auf mich. Das sind meine pers\u00f6nlichen Erfahrungen nach vier Wochen Fernwanderweg \u00fcber die Alpen \ud83d\ude42 .<\/p>\n<p>Liebe Gr\u00fc\u00dfe,<br \/>\nEarly Bird \ud83d\ude42<\/p>\n","protected":false},"excerpt":{"rendered":"<p>Hallo zusammen, 28 Tage wandern, 28 Tage mit dem Rucksack \u00fcber die Alpen, 28 Tage unterwegs, 28 Tage nicht daheim, 28 Tage in der Natur. Und pl\u00f6tzlich ist es vorbei. Wie ist das? Was macht das? Was passiert danach? Was &hellip; <a href=\"https:\/\/www.2muve.de\/index.php\/muve-28-etappen-spaeter-und-jetzt\/\">Weiter<\/a><\/p>\n","protected":false},"author":1,"featured_media":8238,"comment_status":"open","ping_status":"closed","sticky":false,"template":"","format":"standard","meta":{"kt_blocks_editor_width":"","footnotes":""},"categories":[52],"tags":[129,302,61,125,68],"class_list":["post-8862","post","type-post","status-publish","format-standard","has-post-thumbnail","hentry","category-muvefar","tag-alpenueberquerung","tag-erfahrung","tag-fernwanderweg","tag-muenchen-venedig","tag-traumpfad"],"_links":{"self":[{"href":"https:\/\/www.2muve.de\/index.php\/wp-json\/wp\/v2\/posts\/8862","targetHints":{"allow":["GET"]}}],"collection":[{"href":"https:\/\/www.2muve.de\/index.php\/wp-json\/wp\/v2\/posts"}],"about":[{"href":"https:\/\/www.2muve.de\/index.php\/wp-json\/wp\/v2\/types\/post"}],"author":[{"embeddable":true,"href":"https:\/\/www.2muve.de\/index.php\/wp-json\/wp\/v2\/users\/1"}],"replies":[{"embeddable":true,"href":"https:\/\/www.2muve.de\/index.php\/wp-json\/wp\/v2\/comments?post=8862"}],"version-history":[{"count":6,"href":"https:\/\/www.2muve.de\/index.php\/wp-json\/wp\/v2\/posts\/8862\/revisions"}],"predecessor-version":[{"id":9107,"href":"https:\/\/www.2muve.de\/index.php\/wp-json\/wp\/v2\/posts\/8862\/revisions\/9107"}],"wp:featuredmedia":[{"embeddable":true,"href":"https:\/\/www.2muve.de\/index.php\/wp-json\/wp\/v2\/media\/8238"}],"wp:attachment":[{"href":"https:\/\/www.2muve.de\/index.php\/wp-json\/wp\/v2\/media?parent=8862"}],"wp:term":[{"taxonomy":"category","embeddable":true,"href":"https:\/\/www.2muve.de\/index.php\/wp-json\/wp\/v2\/categories?post=8862"},{"taxonomy":"post_tag","embeddable":true,"href":"https:\/\/www.2muve.de\/index.php\/wp-json\/wp\/v2\/tags?post=8862"}],"curies":[{"name":"wp","href":"https:\/\/api.w.org\/{rel}","templated":true}]}}