{"id":9498,"date":"2018-07-22T13:52:46","date_gmt":"2018-07-22T12:52:46","guid":{"rendered":"https:\/\/www.2muve.de\/?p=9498"},"modified":"2018-07-22T13:52:46","modified_gmt":"2018-07-22T12:52:46","slug":"sextner-dolomiten-misurinasee-fonda-savio-huette-bonacossaweg-rifugio-lavaredo","status":"publish","type":"post","link":"https:\/\/www.2muve.de\/index.php\/sextner-dolomiten-misurinasee-fonda-savio-huette-bonacossaweg-rifugio-lavaredo\/","title":{"rendered":"Sextner Dolomiten: Misurinasee &#8211; Fonda-Savio-H\u00fctte &#8211; Bonacossaweg &#8211; Rifugio Lavaredo"},"content":{"rendered":"<div class=\"blockquote blockquote-full postclass clearfix\">\n<ul id=\"track_ov\">\n<li id=\"time\">6:15h<\/li>\n<li id=\"public\">Misurinasee mit dem Bus von Toblach<\/li>\n<li id=\"distance\">17,7 km<\/li>\n<li id=\"equipment\">Ausreichend zu trinken und Brotzeit, Klettersteigset mit Helm, H\u00fcttenschlafsack<\/li>\n<\/ul>\n<\/div><div class=\"clearfix\"><\/div>\n<p><strong>Zusammenfassung:<\/strong><br \/>\nNachdem wir ungeplant am zweiten Tag in Misurina starten mussten, ging es erst mal hoch zur Fonda-Savio-H\u00fctte. Von da aus folgten wir wieder dem Bonacossaweg bis zur Auronzoh\u00fctte. Ab da fing es an zu regnen, weshalb wir nicht zur B\u00fcllejochh\u00fctte weiterliefen, sondern schon bei der Lavaredoh\u00fctte die Tour f\u00fcr den Tag beendeten.<\/p>\n<p><strong>Details:<\/strong><br \/>\nWir starteten den Morgen mit einem leckeren Fr\u00fchst\u00fcck und stiegen dann \u00fcber den Standardweg zum Rifugio Fonda-Savio auf. Am Anfang verl\u00e4uft der an der Stra\u00dfe, wechselt zum Gl\u00fcck aber sehr schnell auf einen Pfad durch Wiesen. Nach und nach wird der Weg immer felsiger und wir kamen immer h\u00f6her und somit wieder in die Dolomiten.<\/p>\n<div id=\"kad-wp-gallery40\" class=\"kad-wp-gallery kad-light-wp-gallery clearfix kt-gallery-column-3 rowtight\"><div class=\"tcol-lg-4 tcol-md-4 tcol-sm-4 tcol-xs-6 tcol-ss-12 g_item\"><div class=\"grid_item kad_gallery_fade_in gallery_item\"><a href=\"https:\/\/www.2muve.de\/wp-content\/uploads\/2018\/07\/SextnerDolomiten_2_02.jpg\" data-rel=\"lightbox\" class=\"lightboxhover\"><img loading=\"lazy\" decoding=\"async\" src=\"https:\/\/www.2muve.de\/wp-content\/uploads\/2018\/07\/SextnerDolomiten_2_02.jpg\" width=\"600\" height=\"338\" alt=\"Immer weiter rein in die Dolomiten\" srcset=\"https:\/\/www.2muve.de\/wp-content\/uploads\/2018\/07\/SextnerDolomiten_2_02.jpg 600w, https:\/\/www.2muve.de\/wp-content\/uploads\/2018\/07\/SextnerDolomiten_2_02-300x169.jpg 300w\" sizes=\"auto, (max-width: 600px) 100vw, 600px\" class=\"light-dropshaddow\"\/><\/a><\/div><\/div><div class=\"tcol-lg-4 tcol-md-4 tcol-sm-4 tcol-xs-6 tcol-ss-12 g_item\"><div class=\"grid_item kad_gallery_fade_in gallery_item\"><a href=\"https:\/\/www.2muve.de\/wp-content\/uploads\/2018\/07\/SextnerDolomiten_2_03.jpg\" data-rel=\"lightbox\" class=\"lightboxhover\"><img loading=\"lazy\" decoding=\"async\" src=\"https:\/\/www.2muve.de\/wp-content\/uploads\/2018\/07\/SextnerDolomiten_2_03.jpg\" width=\"600\" height=\"338\" alt=\"Und schon nach kurzer Zeit wieder wunderbare Ausblicke\" srcset=\"https:\/\/www.2muve.de\/wp-content\/uploads\/2018\/07\/SextnerDolomiten_2_03.jpg 600w, https:\/\/www.2muve.de\/wp-content\/uploads\/2018\/07\/SextnerDolomiten_2_03-300x169.jpg 300w\" sizes=\"auto, (max-width: 600px) 100vw, 600px\" class=\"light-dropshaddow\"\/><\/a><\/div><\/div><div class=\"tcol-lg-4 tcol-md-4 tcol-sm-4 tcol-xs-6 tcol-ss-12 g_item\"><div class=\"grid_item kad_gallery_fade_in gallery_item\"><a href=\"https:\/\/www.2muve.de\/wp-content\/uploads\/2018\/07\/SextnerDolomiten_2_06.jpg\" data-rel=\"lightbox\" class=\"lightboxhover\"><img loading=\"lazy\" decoding=\"async\" src=\"https:\/\/www.2muve.de\/wp-content\/uploads\/2018\/07\/SextnerDolomiten_2_06.jpg\" width=\"600\" height=\"338\" alt=\"Blick in Richtung Ziel\" srcset=\"https:\/\/www.2muve.de\/wp-content\/uploads\/2018\/07\/SextnerDolomiten_2_06.jpg 600w, https:\/\/www.2muve.de\/wp-content\/uploads\/2018\/07\/SextnerDolomiten_2_06-300x169.jpg 300w\" sizes=\"auto, (max-width: 600px) 100vw, 600px\" class=\"light-dropshaddow\"\/><\/a><\/div><\/div><\/div>\n<p>Eindreiviertel Stunden dauerte es, bis wir an der H\u00fctte angekommen waren. Sie wirkte gem\u00fctlich und w\u00e4re sicher eine sch\u00f6ne \u00dcbernachtungsm\u00f6glichkeit gewesen. Auf dem Weg konnten wir an einer Felswand auch Kletterer ausmachen und waren sehr fasziniert. Ich erinnerte mich daran, auf der Website der H\u00fctte gelesen zu haben, dass hier auch Klettertouren sind. <\/p>\n<div id=\"kad-wp-gallery50\" class=\"kad-wp-gallery kad-light-wp-gallery clearfix kt-gallery-column-3 rowtight\"><div class=\"tcol-lg-4 tcol-md-4 tcol-sm-4 tcol-xs-6 tcol-ss-12 g_item\"><div class=\"grid_item kad_gallery_fade_in gallery_item\"><a href=\"https:\/\/www.2muve.de\/wp-content\/uploads\/2018\/07\/SextnerDolomiten_2_01.jpg\" data-rel=\"lightbox\" class=\"lightboxhover\"><img loading=\"lazy\" decoding=\"async\" src=\"https:\/\/www.2muve.de\/wp-content\/uploads\/2018\/07\/SextnerDolomiten_2_01-400x400.jpg\" width=\"400\" height=\"400\" alt=\"Vom Tal geht&#039;s zur Fonda Savio H\u00fctte\" srcset=\"https:\/\/www.2muve.de\/wp-content\/uploads\/2018\/07\/SextnerDolomiten_2_01-400x400.jpg 400w, https:\/\/www.2muve.de\/wp-content\/uploads\/2018\/07\/SextnerDolomiten_2_01-150x150.jpg 150w\" sizes=\"auto, (max-width: 400px) 100vw, 400px\" class=\"light-dropshaddow\"\/><\/a><\/div><\/div><div class=\"tcol-lg-4 tcol-md-4 tcol-sm-4 tcol-xs-6 tcol-ss-12 g_item\"><div class=\"grid_item kad_gallery_fade_in gallery_item\"><a href=\"https:\/\/www.2muve.de\/wp-content\/uploads\/2018\/07\/SextnerDolomiten_2_04.jpg\" data-rel=\"lightbox\" class=\"lightboxhover\"><img loading=\"lazy\" decoding=\"async\" src=\"https:\/\/www.2muve.de\/wp-content\/uploads\/2018\/07\/SextnerDolomiten_2_04-400x400.jpg\" width=\"400\" height=\"400\" alt=\"Und wieder geht&#039;s auf die 117\" srcset=\"https:\/\/www.2muve.de\/wp-content\/uploads\/2018\/07\/SextnerDolomiten_2_04-400x400.jpg 400w, https:\/\/www.2muve.de\/wp-content\/uploads\/2018\/07\/SextnerDolomiten_2_04-150x150.jpg 150w\" sizes=\"auto, (max-width: 400px) 100vw, 400px\" class=\"light-dropshaddow\"\/><\/a><\/div><\/div><div class=\"tcol-lg-4 tcol-md-4 tcol-sm-4 tcol-xs-6 tcol-ss-12 g_item\"><div class=\"grid_item kad_gallery_fade_in gallery_item\"><a href=\"https:\/\/www.2muve.de\/wp-content\/uploads\/2018\/07\/SextnerDolomiten_2_05.jpg\" data-rel=\"lightbox\" class=\"lightboxhover\"><img loading=\"lazy\" decoding=\"async\" src=\"https:\/\/www.2muve.de\/wp-content\/uploads\/2018\/07\/SextnerDolomiten_2_05-400x400.jpg\" width=\"400\" height=\"400\" alt=\"Rifugio Fonda-Savio\" srcset=\"https:\/\/www.2muve.de\/wp-content\/uploads\/2018\/07\/SextnerDolomiten_2_05-400x400.jpg 400w, https:\/\/www.2muve.de\/wp-content\/uploads\/2018\/07\/SextnerDolomiten_2_05-150x150.jpg 150w\" sizes=\"auto, (max-width: 400px) 100vw, 400px\" class=\"light-dropshaddow\"\/><\/a><\/div><\/div><\/div>\n<p>Nachdem das Wetter nicht ganz so sch\u00f6n war, wie wir es erwartet hatten, erkundigte ich mich in der H\u00fctte, ob wir dem Wetter trauen k\u00f6nnen und ob der Bonacossaweg bis zur Auronzoh\u00fctte begehbar ist. Beides best\u00e4tigte die Wirtin und damit st\u00e4rkten wir uns mit einem M\u00fcsliriegel und packten dann unsere Sachen wieder zusammen.<\/p>\n<div id=\"kad-wp-gallery61\" class=\"kad-wp-gallery kad-light-wp-gallery clearfix kt-gallery-column-3 rowtight\"><div class=\"tcol-lg-4 tcol-md-4 tcol-sm-4 tcol-xs-6 tcol-ss-12 g_item\"><div class=\"grid_item kad_gallery_fade_in gallery_item\"><a href=\"https:\/\/www.2muve.de\/wp-content\/uploads\/2018\/07\/SextnerDolomiten_2_07.jpg\" data-rel=\"lightbox\" class=\"lightboxhover\"><img loading=\"lazy\" decoding=\"async\" src=\"https:\/\/www.2muve.de\/wp-content\/uploads\/2018\/07\/SextnerDolomiten_2_07-400x400.jpg\" width=\"400\" height=\"400\" alt=\"Zuerst m\u00fcssen wir wieder ein St\u00fcck hinab\" srcset=\"https:\/\/www.2muve.de\/wp-content\/uploads\/2018\/07\/SextnerDolomiten_2_07-400x400.jpg 400w, https:\/\/www.2muve.de\/wp-content\/uploads\/2018\/07\/SextnerDolomiten_2_07-150x150.jpg 150w\" sizes=\"auto, (max-width: 400px) 100vw, 400px\" class=\"light-dropshaddow\"\/><\/a><\/div><\/div><div class=\"tcol-lg-4 tcol-md-4 tcol-sm-4 tcol-xs-6 tcol-ss-12 g_item\"><div class=\"grid_item kad_gallery_fade_in gallery_item\"><a href=\"https:\/\/www.2muve.de\/wp-content\/uploads\/2018\/07\/SextnerDolomiten_2_08.jpg\" data-rel=\"lightbox\" class=\"lightboxhover\"><img loading=\"lazy\" decoding=\"async\" src=\"https:\/\/www.2muve.de\/wp-content\/uploads\/2018\/07\/SextnerDolomiten_2_08-400x400.jpg\" width=\"400\" height=\"400\" alt=\"Und wieder ein Blick auf die Drei Zinnen\" srcset=\"https:\/\/www.2muve.de\/wp-content\/uploads\/2018\/07\/SextnerDolomiten_2_08-400x400.jpg 400w, https:\/\/www.2muve.de\/wp-content\/uploads\/2018\/07\/SextnerDolomiten_2_08-150x150.jpg 150w\" sizes=\"auto, (max-width: 400px) 100vw, 400px\" class=\"light-dropshaddow\"\/><\/a><\/div><\/div><div class=\"tcol-lg-4 tcol-md-4 tcol-sm-4 tcol-xs-6 tcol-ss-12 g_item\"><div class=\"grid_item kad_gallery_fade_in gallery_item\"><a href=\"https:\/\/www.2muve.de\/wp-content\/uploads\/2018\/07\/SextnerDolomiten_2_09.jpg\" data-rel=\"lightbox\" class=\"lightboxhover\"><img loading=\"lazy\" decoding=\"async\" src=\"https:\/\/www.2muve.de\/wp-content\/uploads\/2018\/07\/SextnerDolomiten_2_09-400x400.jpg\" width=\"400\" height=\"400\" alt=\"Viel Fels, etwas Schnee\" srcset=\"https:\/\/www.2muve.de\/wp-content\/uploads\/2018\/07\/SextnerDolomiten_2_09-400x400.jpg 400w, https:\/\/www.2muve.de\/wp-content\/uploads\/2018\/07\/SextnerDolomiten_2_09-150x150.jpg 150w\" sizes=\"auto, (max-width: 400px) 100vw, 400px\" class=\"light-dropshaddow\"\/><\/a><\/div><\/div><\/div>\n<p>Gleich der erste Teil des Bonacossawegs war wieder durch ein Schneefeld blockiert. Nun waren wir unsicher, ob der Weg rechts oder links lang am besten ist. Der eine f\u00fchrt zu einem anderen Klettersteig, daher nahmen wir die Alternative. Kl\u00fcger w\u00e4re aber ersteres gewesen. So hatten wir gleich zu Beginn eine spannende Kletterpassage, bei der wir gut aufpassen mussten, weil die Felsen recht br\u00f6ckelig waren.<\/p>\n<div id=\"kad-wp-gallery58\" class=\"kad-wp-gallery kad-light-wp-gallery clearfix kt-gallery-column-3 rowtight\"><div class=\"tcol-lg-4 tcol-md-4 tcol-sm-4 tcol-xs-6 tcol-ss-12 g_item\"><div class=\"grid_item kad_gallery_fade_in gallery_item\"><a href=\"https:\/\/www.2muve.de\/wp-content\/uploads\/2018\/07\/SextnerDolomiten_2_11.jpg\" data-rel=\"lightbox\" class=\"lightboxhover\"><img loading=\"lazy\" decoding=\"async\" src=\"https:\/\/www.2muve.de\/wp-content\/uploads\/2018\/07\/SextnerDolomiten_2_11-400x400.jpg\" width=\"400\" height=\"400\" alt=\"Wir folgen den Markierungen\" srcset=\"https:\/\/www.2muve.de\/wp-content\/uploads\/2018\/07\/SextnerDolomiten_2_11-400x400.jpg 400w, https:\/\/www.2muve.de\/wp-content\/uploads\/2018\/07\/SextnerDolomiten_2_11-150x150.jpg 150w\" sizes=\"auto, (max-width: 400px) 100vw, 400px\" class=\"light-dropshaddow\"\/><\/a><\/div><\/div><div class=\"tcol-lg-4 tcol-md-4 tcol-sm-4 tcol-xs-6 tcol-ss-12 g_item\"><div class=\"grid_item kad_gallery_fade_in gallery_item\"><a href=\"https:\/\/www.2muve.de\/wp-content\/uploads\/2018\/07\/SextnerDolomiten_2_12.jpg\" data-rel=\"lightbox\" class=\"lightboxhover\"><img loading=\"lazy\" decoding=\"async\" src=\"https:\/\/www.2muve.de\/wp-content\/uploads\/2018\/07\/SextnerDolomiten_2_12-400x400.jpg\" width=\"400\" height=\"400\" alt=\"Eine ganze Weile ist der Weg gem\u00fctlich\" srcset=\"https:\/\/www.2muve.de\/wp-content\/uploads\/2018\/07\/SextnerDolomiten_2_12-400x400.jpg 400w, https:\/\/www.2muve.de\/wp-content\/uploads\/2018\/07\/SextnerDolomiten_2_12-150x150.jpg 150w\" sizes=\"auto, (max-width: 400px) 100vw, 400px\" class=\"light-dropshaddow\"\/><\/a><\/div><\/div><div class=\"tcol-lg-4 tcol-md-4 tcol-sm-4 tcol-xs-6 tcol-ss-12 g_item\"><div class=\"grid_item kad_gallery_fade_in gallery_item\"><a href=\"https:\/\/www.2muve.de\/wp-content\/uploads\/2018\/07\/SextnerDolomiten_2_10.jpg\" data-rel=\"lightbox\" class=\"lightboxhover\"><img loading=\"lazy\" decoding=\"async\" src=\"https:\/\/www.2muve.de\/wp-content\/uploads\/2018\/07\/SextnerDolomiten_2_10.jpg\" width=\"600\" height=\"338\" alt=\"Gleich zu Beginn queren wir ein Schneefeld\" srcset=\"https:\/\/www.2muve.de\/wp-content\/uploads\/2018\/07\/SextnerDolomiten_2_10.jpg 600w, https:\/\/www.2muve.de\/wp-content\/uploads\/2018\/07\/SextnerDolomiten_2_10-300x169.jpg 300w\" sizes=\"auto, (max-width: 600px) 100vw, 600px\" class=\"light-dropshaddow\"\/><\/a><\/div><\/div><\/div>\n<p>Nachdem wir das hinter uns hatten, kamen uns einige Wanderer entgegen. Zwei Schweizer Wanderinnen meinten, dass der Rest kein Problem sein w\u00fcrde und gut begehbar. Das einzige Schneefeld sei das Gro\u00dfe, das direkt vor uns lag. Das klang doch gut und wir wanderten munter weiter.<\/p>\n<div id=\"kad-wp-gallery97\" class=\"kad-wp-gallery kad-light-wp-gallery clearfix kt-gallery-column-3 rowtight\"><div class=\"tcol-lg-4 tcol-md-4 tcol-sm-4 tcol-xs-6 tcol-ss-12 g_item\"><div class=\"grid_item kad_gallery_fade_in gallery_item\"><a href=\"https:\/\/www.2muve.de\/wp-content\/uploads\/2018\/07\/SextnerDolomiten_2_13.jpg\" data-rel=\"lightbox\" class=\"lightboxhover\"><img loading=\"lazy\" decoding=\"async\" src=\"https:\/\/www.2muve.de\/wp-content\/uploads\/2018\/07\/SextnerDolomiten_2_13-400x400.jpg\" width=\"400\" height=\"400\" alt=\"Steinschlaggefahr ist aber trotzdem\" srcset=\"https:\/\/www.2muve.de\/wp-content\/uploads\/2018\/07\/SextnerDolomiten_2_13-400x400.jpg 400w, https:\/\/www.2muve.de\/wp-content\/uploads\/2018\/07\/SextnerDolomiten_2_13-150x150.jpg 150w\" sizes=\"auto, (max-width: 400px) 100vw, 400px\" class=\"light-dropshaddow\"\/><\/a><\/div><\/div><div class=\"tcol-lg-4 tcol-md-4 tcol-sm-4 tcol-xs-6 tcol-ss-12 g_item\"><div class=\"grid_item kad_gallery_fade_in gallery_item\"><a href=\"https:\/\/www.2muve.de\/wp-content\/uploads\/2018\/07\/SextnerDolomiten_2_15.jpg\" data-rel=\"lightbox\" class=\"lightboxhover\"><img loading=\"lazy\" decoding=\"async\" src=\"https:\/\/www.2muve.de\/wp-content\/uploads\/2018\/07\/SextnerDolomiten_2_15-400x400.jpg\" width=\"400\" height=\"400\" alt=\"Immer wieder unterbrochen durch normalen Weg\" srcset=\"https:\/\/www.2muve.de\/wp-content\/uploads\/2018\/07\/SextnerDolomiten_2_15-400x400.jpg 400w, https:\/\/www.2muve.de\/wp-content\/uploads\/2018\/07\/SextnerDolomiten_2_15-150x150.jpg 150w\" sizes=\"auto, (max-width: 400px) 100vw, 400px\" class=\"light-dropshaddow\"\/><\/a><\/div><\/div><div class=\"tcol-lg-4 tcol-md-4 tcol-sm-4 tcol-xs-6 tcol-ss-12 g_item\"><div class=\"grid_item kad_gallery_fade_in gallery_item\"><a href=\"https:\/\/www.2muve.de\/wp-content\/uploads\/2018\/07\/SextnerDolomiten_2_14.jpg\" data-rel=\"lightbox\" class=\"lightboxhover\"><img loading=\"lazy\" decoding=\"async\" src=\"https:\/\/www.2muve.de\/wp-content\/uploads\/2018\/07\/SextnerDolomiten_2_14.jpg\" width=\"600\" height=\"338\" alt=\"Und dann beginnt der Klettersteig\" srcset=\"https:\/\/www.2muve.de\/wp-content\/uploads\/2018\/07\/SextnerDolomiten_2_14.jpg 600w, https:\/\/www.2muve.de\/wp-content\/uploads\/2018\/07\/SextnerDolomiten_2_14-300x169.jpg 300w\" sizes=\"auto, (max-width: 600px) 100vw, 600px\" class=\"light-dropshaddow\"\/><\/a><\/div><\/div><\/div>\n<p>Wir hatten schon an der H\u00fctte Klettersteigset und Co. angelegt. Das ist nicht n\u00f6tig, die Klettersteigpassagen kommen erst viel sp\u00e4ter. Ein Steinschlaghelm ist zum Teil aber auch schon fr\u00fcher sinnvoll. Der Weg ist bis dahin relativ einfach. Durch einen kurzen Stolperer und wegen einem kaputten Drahtseil hatten sowohl Night Owl als auch ich aber trotzdem nach einer Weile jeweils ein Pflaster um den Finger.<\/p>\n<div id=\"kad-wp-gallery60\" class=\"kad-wp-gallery kad-light-wp-gallery clearfix kt-gallery-column-3 rowtight\"><div class=\"tcol-lg-4 tcol-md-4 tcol-sm-4 tcol-xs-6 tcol-ss-12 g_item\"><div class=\"grid_item kad_gallery_fade_in gallery_item\"><a href=\"https:\/\/www.2muve.de\/wp-content\/uploads\/2018\/07\/SextnerDolomiten_2_16.jpg\" data-rel=\"lightbox\" class=\"lightboxhover\"><img loading=\"lazy\" decoding=\"async\" src=\"https:\/\/www.2muve.de\/wp-content\/uploads\/2018\/07\/SextnerDolomiten_2_16-400x400.jpg\" width=\"400\" height=\"400\" alt=\"Die Leiter im Klettersteig\" srcset=\"https:\/\/www.2muve.de\/wp-content\/uploads\/2018\/07\/SextnerDolomiten_2_16-400x400.jpg 400w, https:\/\/www.2muve.de\/wp-content\/uploads\/2018\/07\/SextnerDolomiten_2_16-150x150.jpg 150w\" sizes=\"auto, (max-width: 400px) 100vw, 400px\" class=\"light-dropshaddow\"\/><\/a><\/div><\/div><div class=\"tcol-lg-4 tcol-md-4 tcol-sm-4 tcol-xs-6 tcol-ss-12 g_item\"><div class=\"grid_item kad_gallery_fade_in gallery_item\"><a href=\"https:\/\/www.2muve.de\/wp-content\/uploads\/2018\/07\/SextnerDolomiten_2_18.jpg\" data-rel=\"lightbox\" class=\"lightboxhover\"><img loading=\"lazy\" decoding=\"async\" src=\"https:\/\/www.2muve.de\/wp-content\/uploads\/2018\/07\/SextnerDolomiten_2_18-400x400.jpg\" width=\"400\" height=\"400\" alt=\"Und wieder ein bisschen seilversichert\" srcset=\"https:\/\/www.2muve.de\/wp-content\/uploads\/2018\/07\/SextnerDolomiten_2_18-400x400.jpg 400w, https:\/\/www.2muve.de\/wp-content\/uploads\/2018\/07\/SextnerDolomiten_2_18-150x150.jpg 150w\" sizes=\"auto, (max-width: 400px) 100vw, 400px\" class=\"light-dropshaddow\"\/><\/a><\/div><\/div><div class=\"tcol-lg-4 tcol-md-4 tcol-sm-4 tcol-xs-6 tcol-ss-12 g_item\"><div class=\"grid_item kad_gallery_fade_in gallery_item\"><a href=\"https:\/\/www.2muve.de\/wp-content\/uploads\/2018\/07\/SextnerDolomiten_2_17.jpg\" data-rel=\"lightbox\" class=\"lightboxhover\"><img loading=\"lazy\" decoding=\"async\" src=\"https:\/\/www.2muve.de\/wp-content\/uploads\/2018\/07\/SextnerDolomiten_2_17.jpg\" width=\"600\" height=\"338\" alt=\"Blick zur\u00fcck auf den Klettersteig\" srcset=\"https:\/\/www.2muve.de\/wp-content\/uploads\/2018\/07\/SextnerDolomiten_2_17.jpg 600w, https:\/\/www.2muve.de\/wp-content\/uploads\/2018\/07\/SextnerDolomiten_2_17-300x169.jpg 300w\" sizes=\"auto, (max-width: 600px) 100vw, 600px\" class=\"light-dropshaddow\"\/><\/a><\/div><\/div><\/div>\n<p>Es folgte abwechselnd mal Drahtseil mal nicht und nicht wirklich schwerer Weg. Als die einzige etwas typischere Klettersteigstelle kam, ging es \u00fcber eine Leiter nach oben. Aber auch das ist kein Problem und macht die Sache nur interessanter.<\/p>\n<div id=\"kad-wp-gallery62\" class=\"kad-wp-gallery kad-light-wp-gallery clearfix kt-gallery-column-3 rowtight\"><div class=\"tcol-lg-4 tcol-md-4 tcol-sm-4 tcol-xs-6 tcol-ss-12 g_item\"><div class=\"grid_item kad_gallery_fade_in gallery_item\"><a href=\"https:\/\/www.2muve.de\/wp-content\/uploads\/2018\/07\/SextnerDolomiten_2_19.jpg\" data-rel=\"lightbox\" class=\"lightboxhover\"><img loading=\"lazy\" decoding=\"async\" src=\"https:\/\/www.2muve.de\/wp-content\/uploads\/2018\/07\/SextnerDolomiten_2_19.jpg\" width=\"600\" height=\"338\" alt=\"Unser Adrenalin-Schneefeld\" srcset=\"https:\/\/www.2muve.de\/wp-content\/uploads\/2018\/07\/SextnerDolomiten_2_19.jpg 600w, https:\/\/www.2muve.de\/wp-content\/uploads\/2018\/07\/SextnerDolomiten_2_19-300x169.jpg 300w\" sizes=\"auto, (max-width: 600px) 100vw, 600px\" class=\"light-dropshaddow\"\/><\/a><\/div><\/div><div class=\"tcol-lg-4 tcol-md-4 tcol-sm-4 tcol-xs-6 tcol-ss-12 g_item\"><div class=\"grid_item kad_gallery_fade_in gallery_item\"><a href=\"https:\/\/www.2muve.de\/wp-content\/uploads\/2018\/07\/SextnerDolomiten_2_20.jpg\" data-rel=\"lightbox\" class=\"lightboxhover\"><img loading=\"lazy\" decoding=\"async\" src=\"https:\/\/www.2muve.de\/wp-content\/uploads\/2018\/07\/SextnerDolomiten_2_20.jpg\" width=\"600\" height=\"338\" alt=\"Schnell weiter\" srcset=\"https:\/\/www.2muve.de\/wp-content\/uploads\/2018\/07\/SextnerDolomiten_2_20.jpg 600w, https:\/\/www.2muve.de\/wp-content\/uploads\/2018\/07\/SextnerDolomiten_2_20-300x169.jpg 300w\" sizes=\"auto, (max-width: 600px) 100vw, 600px\" class=\"light-dropshaddow\"\/><\/a><\/div><\/div><div class=\"tcol-lg-4 tcol-md-4 tcol-sm-4 tcol-xs-6 tcol-ss-12 g_item\"><div class=\"grid_item kad_gallery_fade_in gallery_item\"><a href=\"https:\/\/www.2muve.de\/wp-content\/uploads\/2018\/07\/SextnerDolomiten_2_21.jpg\" data-rel=\"lightbox\" class=\"lightboxhover\"><img loading=\"lazy\" decoding=\"async\" src=\"https:\/\/www.2muve.de\/wp-content\/uploads\/2018\/07\/SextnerDolomiten_2_21.jpg\" width=\"600\" height=\"338\" alt=\"Auf zu den Drei Zinnen\" srcset=\"https:\/\/www.2muve.de\/wp-content\/uploads\/2018\/07\/SextnerDolomiten_2_21.jpg 600w, https:\/\/www.2muve.de\/wp-content\/uploads\/2018\/07\/SextnerDolomiten_2_21-300x169.jpg 300w\" sizes=\"auto, (max-width: 600px) 100vw, 600px\" class=\"light-dropshaddow\"\/><\/a><\/div><\/div><\/div>\n<p>Spannend wurde es f\u00fcr uns, als ein Schneefeld kam, das nicht ausgetreten war. Es waren alte Spuren zu sehen, die aber nicht aktuell aussahen. Das Schneefeld war sehr steil und dort abzurutschen h\u00e4tte b\u00f6se geendet. Wir entschieden uns aber trotzdem dr\u00fcber zu gehen &#8211; und das war dann nicht so einfach wie gedacht. Es war sehr rutschig, so dass ich vor den letzten zwei Tritten etwas warten musste bis ich mich traute. Warten hat meine Nervosit\u00e4t nat\u00fcrlich nicht besser gemacht. Dann brach auch noch am Ende der Schnee unter meinen F\u00fc\u00dfen weg. Night Owl folgte mir entsprechend angespannt. Als wir die Stelle passiert hatten, waren wir erst mal froh, das geschafft zu haben und einig, dass wir f\u00fcr den Tag keine solchen Situationen mehr brauchten.<\/p>\n<div id=\"kad-wp-gallery78\" class=\"kad-wp-gallery kad-light-wp-gallery clearfix kt-gallery-column-3 rowtight\"><div class=\"tcol-lg-4 tcol-md-4 tcol-sm-4 tcol-xs-6 tcol-ss-12 g_item\"><div class=\"grid_item kad_gallery_fade_in gallery_item\"><a href=\"https:\/\/www.2muve.de\/wp-content\/uploads\/2018\/07\/SextnerDolomiten_2_22.jpg\" data-rel=\"lightbox\" class=\"lightboxhover\"><img loading=\"lazy\" decoding=\"async\" src=\"https:\/\/www.2muve.de\/wp-content\/uploads\/2018\/07\/SextnerDolomiten_2_22.jpg\" width=\"600\" height=\"338\" alt=\"Jetzt ist es nicht mehr weit\" srcset=\"https:\/\/www.2muve.de\/wp-content\/uploads\/2018\/07\/SextnerDolomiten_2_22.jpg 600w, https:\/\/www.2muve.de\/wp-content\/uploads\/2018\/07\/SextnerDolomiten_2_22-300x169.jpg 300w\" sizes=\"auto, (max-width: 600px) 100vw, 600px\" class=\"light-dropshaddow\"\/><\/a><\/div><\/div><div class=\"tcol-lg-4 tcol-md-4 tcol-sm-4 tcol-xs-6 tcol-ss-12 g_item\"><div class=\"grid_item kad_gallery_fade_in gallery_item\"><a href=\"https:\/\/www.2muve.de\/wp-content\/uploads\/2018\/07\/SextnerDolomiten_2_23.jpg\" data-rel=\"lightbox\" class=\"lightboxhover\"><img loading=\"lazy\" decoding=\"async\" src=\"https:\/\/www.2muve.de\/wp-content\/uploads\/2018\/07\/SextnerDolomiten_2_23.jpg\" width=\"600\" height=\"338\" alt=\"Blick in die Dolomiten\" srcset=\"https:\/\/www.2muve.de\/wp-content\/uploads\/2018\/07\/SextnerDolomiten_2_23.jpg 600w, https:\/\/www.2muve.de\/wp-content\/uploads\/2018\/07\/SextnerDolomiten_2_23-300x169.jpg 300w\" sizes=\"auto, (max-width: 600px) 100vw, 600px\" class=\"light-dropshaddow\"\/><\/a><\/div><\/div><div class=\"tcol-lg-4 tcol-md-4 tcol-sm-4 tcol-xs-6 tcol-ss-12 g_item\"><div class=\"grid_item kad_gallery_fade_in gallery_item\"><a href=\"https:\/\/www.2muve.de\/wp-content\/uploads\/2018\/07\/SextnerDolomiten_2_24.jpg\" data-rel=\"lightbox\" class=\"lightboxhover\"><img loading=\"lazy\" decoding=\"async\" src=\"https:\/\/www.2muve.de\/wp-content\/uploads\/2018\/07\/SextnerDolomiten_2_24.jpg\" width=\"600\" height=\"338\" alt=\"Zu den Drei Zinnen\" srcset=\"https:\/\/www.2muve.de\/wp-content\/uploads\/2018\/07\/SextnerDolomiten_2_24.jpg 600w, https:\/\/www.2muve.de\/wp-content\/uploads\/2018\/07\/SextnerDolomiten_2_24-300x169.jpg 300w\" sizes=\"auto, (max-width: 600px) 100vw, 600px\" class=\"light-dropshaddow\"\/><\/a><\/div><\/div><\/div>\n<p>Der restliche Weg war dann zum Gl\u00fcck auch wieder sehr angenehm zu gehen und nach und nach kamen die Drei Zinnen und die Auronzoh\u00fctte auch n\u00e4her. Kurz vor der Auronzoh\u00fctte suchten wir uns ein windstilles Pausenpl\u00e4tzchen. \u00dcber uns waren dunkle Wolken, der Wind war k\u00fchl und unangenehm. Und als ich gerade den ersten Bissen von meinem Brot nahm, fing es an zu regnen. Also packten wir schnell zusammen, um zur Auronzoh\u00fctte zu laufen.<\/p>\n<div id=\"kad-wp-gallery87\" class=\"kad-wp-gallery kad-light-wp-gallery clearfix kt-gallery-column-3 rowtight\"><div class=\"tcol-lg-4 tcol-md-4 tcol-sm-4 tcol-xs-6 tcol-ss-12 g_item\"><div class=\"grid_item kad_gallery_fade_in gallery_item\"><a href=\"https:\/\/www.2muve.de\/wp-content\/uploads\/2018\/07\/SextnerDolomiten_2_25.jpg\" data-rel=\"lightbox\" class=\"lightboxhover\"><img loading=\"lazy\" decoding=\"async\" src=\"https:\/\/www.2muve.de\/wp-content\/uploads\/2018\/07\/SextnerDolomiten_2_25-400x400.jpg\" width=\"400\" height=\"400\" alt=\"Rifugio Lavaredo\" srcset=\"https:\/\/www.2muve.de\/wp-content\/uploads\/2018\/07\/SextnerDolomiten_2_25-400x400.jpg 400w, https:\/\/www.2muve.de\/wp-content\/uploads\/2018\/07\/SextnerDolomiten_2_25-150x150.jpg 150w\" sizes=\"auto, (max-width: 400px) 100vw, 400px\" class=\"light-dropshaddow\"\/><\/a><\/div><\/div><\/div>\n<p>An der Auronzoh\u00fctte hatte sich der Regen etwas beruhigt, also liefen wir weiter. Dann wurde der Regen wieder st\u00e4rker. Am Rifugio Lavaredo angekommen beratschlagten wir, was wir nun tun wollten. Wir fragten im Rifugio Lavaredo nach, ob sie noch einen Platz f\u00fcr uns h\u00e4tten &#8211; und dem war auch so. Da waren wir ganz froh, denn das Wetter war drau\u00dfen mittlerweile richtig ungem\u00fctlich geworden. In der B\u00fcllejochh\u00fctte hatten wir reserviert, allerdings nur zwei Notlagerpl\u00e4tze &#8211; die sagten wir daher ab.<\/p>\n<div id=\"kad-wp-gallery44\" class=\"kad-wp-gallery kad-light-wp-gallery clearfix kt-gallery-column-3 rowtight\"><div class=\"tcol-lg-4 tcol-md-4 tcol-sm-4 tcol-xs-6 tcol-ss-12 g_item\"><div class=\"grid_item kad_gallery_fade_in gallery_item\"><a href=\"https:\/\/www.2muve.de\/wp-content\/uploads\/2018\/07\/SextnerDolomiten_2_26.jpg\" data-rel=\"lightbox\" class=\"lightboxhover\"><img loading=\"lazy\" decoding=\"async\" src=\"https:\/\/www.2muve.de\/wp-content\/uploads\/2018\/07\/SextnerDolomiten_2_26.jpg\" width=\"600\" height=\"338\" alt=\"Sonnenuntergang am Abend\" srcset=\"https:\/\/www.2muve.de\/wp-content\/uploads\/2018\/07\/SextnerDolomiten_2_26.jpg 600w, https:\/\/www.2muve.de\/wp-content\/uploads\/2018\/07\/SextnerDolomiten_2_26-300x169.jpg 300w\" sizes=\"auto, (max-width: 600px) 100vw, 600px\" class=\"light-dropshaddow\"\/><\/a><\/div><\/div><\/div>\n<p>Am Abend bekamen wir dann extra Spaghetti mit Tomatenso\u00dfe, w\u00e4hrend es ansonsten nur Men\u00fc gab. Zum Sonnenuntergang war das Wetter wieder besser und wir trauten uns nach drau\u00dfen bei gem\u00fctlichen 1\u00b0C und machten ein paar Bilder. Neben uns die Drei Zinnen, hinter uns der Paternkofel, mitten in den Dolomiten &#8211; es war wundersch\u00f6n!<\/p>\n<p><strong>Fazit:<\/strong><br \/>\nDer Bonacossaweg war auch im zweiten Teil sehr sch\u00f6n und hat uns viele tolle Eindr\u00fccke geschenkt. Den Drei Zinnen auf diese Weise n\u00e4her zu kommen war sehr sch\u00f6n. Nicht zu untersch\u00e4tzen sind die Schneefelder, die Ende Juni noch liegen. Und im Nachhinein hatten wir uns auch etwas ge\u00e4rgert, dass wir unsere Gr\u00f6del daf\u00fcr nicht einfach rausgeholt hatten &#8211; im Rucksack waren sie schlie\u00dflich.<\/p>\n<p>Liebe Gr\u00fc\u00dfe,<br \/>\nEarly Bird \ud83d\ude42<\/p>\n","protected":false},"excerpt":{"rendered":"<p>Zusammenfassung: Nachdem wir ungeplant am zweiten Tag in Misurina starten mussten, ging es erst mal hoch zur Fonda-Savio-H\u00fctte. Von da aus folgten wir wieder dem Bonacossaweg bis zur Auronzoh\u00fctte. Ab da fing es an zu regnen, weshalb wir nicht zur &hellip; <a href=\"https:\/\/www.2muve.de\/index.php\/sextner-dolomiten-misurinasee-fonda-savio-huette-bonacossaweg-rifugio-lavaredo\/\">Weiter<\/a><\/p>\n","protected":false},"author":1,"featured_media":9509,"comment_status":"open","ping_status":"closed","sticky":false,"template":"","format":"standard","meta":{"kt_blocks_editor_width":"","footnotes":""},"categories":[23],"tags":[346,342,199,349,343,347,345,344,348,339],"class_list":["post-9498","post","type-post","status-publish","format-standard","has-post-thumbnail","hentry","category-muveup","tag-auronzohuette","tag-bonacossaweg","tag-dolomiten","tag-drei-zinnen","tag-fonda-savio-huette","tag-lavaredohuette","tag-rifugio-auronzo","tag-rifugio-fonda-savio","tag-rifugio-lavaredo","tag-sextner-dolomiten"],"_links":{"self":[{"href":"https:\/\/www.2muve.de\/index.php\/wp-json\/wp\/v2\/posts\/9498","targetHints":{"allow":["GET"]}}],"collection":[{"href":"https:\/\/www.2muve.de\/index.php\/wp-json\/wp\/v2\/posts"}],"about":[{"href":"https:\/\/www.2muve.de\/index.php\/wp-json\/wp\/v2\/types\/post"}],"author":[{"embeddable":true,"href":"https:\/\/www.2muve.de\/index.php\/wp-json\/wp\/v2\/users\/1"}],"replies":[{"embeddable":true,"href":"https:\/\/www.2muve.de\/index.php\/wp-json\/wp\/v2\/comments?post=9498"}],"version-history":[{"count":7,"href":"https:\/\/www.2muve.de\/index.php\/wp-json\/wp\/v2\/posts\/9498\/revisions"}],"predecessor-version":[{"id":9531,"href":"https:\/\/www.2muve.de\/index.php\/wp-json\/wp\/v2\/posts\/9498\/revisions\/9531"}],"wp:featuredmedia":[{"embeddable":true,"href":"https:\/\/www.2muve.de\/index.php\/wp-json\/wp\/v2\/media\/9509"}],"wp:attachment":[{"href":"https:\/\/www.2muve.de\/index.php\/wp-json\/wp\/v2\/media?parent=9498"}],"wp:term":[{"taxonomy":"category","embeddable":true,"href":"https:\/\/www.2muve.de\/index.php\/wp-json\/wp\/v2\/categories?post=9498"},{"taxonomy":"post_tag","embeddable":true,"href":"https:\/\/www.2muve.de\/index.php\/wp-json\/wp\/v2\/tags?post=9498"}],"curies":[{"name":"wp","href":"https:\/\/api.w.org\/{rel}","templated":true}]}}