{"id":9532,"date":"2018-07-24T06:23:54","date_gmt":"2018-07-24T05:23:54","guid":{"rendered":"https:\/\/www.2muve.de\/?p=9532"},"modified":"2018-07-24T06:23:54","modified_gmt":"2018-07-24T05:23:54","slug":"sextner-dolomiten-rifugio-lavaredo-drei-zinnen-huette-toblinger-knoten-zsigmondyhuette","status":"publish","type":"post","link":"https:\/\/www.2muve.de\/index.php\/sextner-dolomiten-rifugio-lavaredo-drei-zinnen-huette-toblinger-knoten-zsigmondyhuette\/","title":{"rendered":"Sextner Dolomiten: Rifugio Lavaredo &#8211; Drei-Zinnen-H\u00fctte &#8211; Toblinger Knoten &#8211; Zsigmondyh\u00fctte"},"content":{"rendered":"<div class=\"blockquote blockquote-full postclass clearfix\">\n<ul id=\"track_ov\">\n<li id=\"time\">8:00h<\/li>\n<li id=\"public\">Mit dem Bus zur Auronzoh\u00fctte, von dort zum Rifugio Lavaredo zu Fu\u00df<\/li>\n<li id=\"distance\">18,6 km<\/li>\n<li id=\"equipment\">Ausreichend zu trinken und Brotzeit, Klettersteigset mit Helm, H\u00fcttenschlafsack<\/li>\n<\/ul>\n<\/div><div class=\"clearfix\"><\/div>\n<p><strong>Zusammenfassung:<\/strong><br \/>\nAn diesem Tag wollten wir eigentlich zum Paternkofel und den Klettersteig dort machen. Das Wetter war allerdings alles andere als stabil. Daher entschieden wir uns schweren Herzens dagegen. An der Drei Zinnen H\u00fctte angekommen sah es dann aber doch besser aus als gedacht, daher entschieden wir uns daf\u00fcr den Toblinger Knoten zu machen. Das war f\u00fcr den Tag fordernd genug und wir wanderten danach entspannt \u00fcber die B\u00fcllejochh\u00fctte zur Zsigmondyh\u00fctte durch traumhaft sch\u00f6ne Landschaft.<\/p>\n<p><strong>Details:<\/strong><br \/>\nDie ganze Nacht hatte ich den Wind geh\u00f6rt, da ich direkt unter dem einzigen Fenster geschlafen hatte. Das wurde mal ge\u00f6ffnet und geschlossen, je nachdem ob gerade jemand fror oder schwitzte in unserem Zimmerlager. Die Nacht war also etwas unruhig und als wir am Morgen recht fr\u00fch schon aus dem Fenster schauten, war es leider nicht das, was wir sehen wollten. Es war wieder zugezogen, der Wind wehte kr\u00e4ftig und die Wetter-App k\u00fcndigte Gewitter an. Schon beim Fr\u00fchst\u00fcck hatten wir entschieden, unter diesen Umst\u00e4nden den Klettersteig auf den Paternkofel nicht zu machen.<\/p>\n<div id=\"kad-wp-gallery20\" class=\"kad-wp-gallery kad-light-wp-gallery clearfix kt-gallery-column-3 rowtight\"><div class=\"tcol-lg-4 tcol-md-4 tcol-sm-4 tcol-xs-6 tcol-ss-12 g_item\"><div class=\"grid_item kad_gallery_fade_in gallery_item\"><a href=\"https:\/\/www.2muve.de\/wp-content\/uploads\/2018\/07\/SextnerDolomiten_3_01.jpg\" data-rel=\"lightbox\" class=\"lightboxhover\"><img loading=\"lazy\" decoding=\"async\" src=\"https:\/\/www.2muve.de\/wp-content\/uploads\/2018\/07\/SextnerDolomiten_3_01.jpg\" width=\"600\" height=\"338\" alt=\"Kurzer Blick zur\u00fcck bevor es weiter geht\" srcset=\"https:\/\/www.2muve.de\/wp-content\/uploads\/2018\/07\/SextnerDolomiten_3_01.jpg 600w, https:\/\/www.2muve.de\/wp-content\/uploads\/2018\/07\/SextnerDolomiten_3_01-300x169.jpg 300w\" sizes=\"auto, (max-width: 600px) 100vw, 600px\" class=\"light-dropshaddow\"\/><\/a><\/div><\/div><div class=\"tcol-lg-4 tcol-md-4 tcol-sm-4 tcol-xs-6 tcol-ss-12 g_item\"><div class=\"grid_item kad_gallery_fade_in gallery_item\"><a href=\"https:\/\/www.2muve.de\/wp-content\/uploads\/2018\/07\/SextnerDolomiten_3_03.jpg\" data-rel=\"lightbox\" class=\"lightboxhover\"><img loading=\"lazy\" decoding=\"async\" src=\"https:\/\/www.2muve.de\/wp-content\/uploads\/2018\/07\/SextnerDolomiten_3_03.jpg\" width=\"600\" height=\"338\" alt=\"Auf zum Paternkofel\" srcset=\"https:\/\/www.2muve.de\/wp-content\/uploads\/2018\/07\/SextnerDolomiten_3_03.jpg 600w, https:\/\/www.2muve.de\/wp-content\/uploads\/2018\/07\/SextnerDolomiten_3_03-300x169.jpg 300w\" sizes=\"auto, (max-width: 600px) 100vw, 600px\" class=\"light-dropshaddow\"\/><\/a><\/div><\/div><div class=\"tcol-lg-4 tcol-md-4 tcol-sm-4 tcol-xs-6 tcol-ss-12 g_item\"><div class=\"grid_item kad_gallery_fade_in gallery_item\"><a href=\"https:\/\/www.2muve.de\/wp-content\/uploads\/2018\/07\/SextnerDolomiten_3_04.jpg\" data-rel=\"lightbox\" class=\"lightboxhover\"><img loading=\"lazy\" decoding=\"async\" src=\"https:\/\/www.2muve.de\/wp-content\/uploads\/2018\/07\/SextnerDolomiten_3_04.jpg\" width=\"600\" height=\"335\" alt=\"Und zu den Drei Zinnen\" srcset=\"https:\/\/www.2muve.de\/wp-content\/uploads\/2018\/07\/SextnerDolomiten_3_04.jpg 600w, https:\/\/www.2muve.de\/wp-content\/uploads\/2018\/07\/SextnerDolomiten_3_04-300x168.jpg 300w\" sizes=\"auto, (max-width: 600px) 100vw, 600px\" class=\"light-dropshaddow\"\/><\/a><\/div><\/div><\/div>\n<p>Den Einstieg wollten wir aber schon sehen &#8211; und wir hatten jetzt auch ausreichend Zeit daf\u00fcr. Wir wanderten los und machten uns auf den Weg zum Einstieg des Klettersteigs. Dieser ist ein \u00dcberbleibsel vom 1. Weltkrieg und f\u00fchrt durch Tunnel und geschlagene Wege auf den Gipfel. Als wir am Eingang angekommen waren, erkannten wir ihn erst gar nicht, weil es doch recht geb\u00fcckt tiefer reinging. Dann kam aber eine andere Gruppe, die auf den Klettersteig ging &#8211; es musste also der Start sein.<\/p>\n<div id=\"kad-wp-gallery18\" class=\"kad-wp-gallery kad-light-wp-gallery clearfix kt-gallery-column-1 rowtight\"><div class=\"tcol-lg-12 tcol-md-12 tcol-sm-12 tcol-xs-12 tcol-ss-12 g_item\"><div class=\"grid_item kad_gallery_fade_in gallery_item\"><a href=\"https:\/\/www.2muve.de\/wp-content\/uploads\/2018\/07\/SextnerDolomiten_3_02.jpg\" data-rel=\"lightbox\" class=\"lightboxhover\"><img loading=\"lazy\" decoding=\"async\" src=\"https:\/\/www.2muve.de\/wp-content\/uploads\/2018\/07\/SextnerDolomiten_3_02.jpg\" width=\"1000\" height=\"410\" alt=\"Blick zur\u00fcck zur Lavaredoh\u00fctte\" srcset=\"https:\/\/www.2muve.de\/wp-content\/uploads\/2018\/07\/SextnerDolomiten_3_02.jpg 1000w, https:\/\/www.2muve.de\/wp-content\/uploads\/2018\/07\/SextnerDolomiten_3_02-300x123.jpg 300w, https:\/\/www.2muve.de\/wp-content\/uploads\/2018\/07\/SextnerDolomiten_3_02-768x315.jpg 768w\" sizes=\"auto, (max-width: 1000px) 100vw, 1000px\" class=\"light-dropshaddow\"\/><\/a><\/div><\/div><\/div>\n<p>Eine ganze Weile standen wir da oben und \u00fcberlegten, ob wir den Klettersteig nicht doch machen sollten. Dass die Gruppe drinnen verschwunden war, machte die Sache nat\u00fcrlich nicht besser. Aber man muss eben schon Zeit f\u00fcr den Klettersteig einplanen und die Schwierigkeit war schwer abzusch\u00e4tzen &#8211; sollte es wirklich zu gewittern anfangen, wollten wir da nicht drin sein.<\/p>\n<div id=\"kad-wp-gallery94\" class=\"kad-wp-gallery kad-light-wp-gallery clearfix kt-gallery-column-4 rowtight\"><div class=\"tcol-lg-3 tcol-md-3 tcol-sm-4 tcol-xs-6 tcol-ss-12 g_item\"><div class=\"grid_item kad_gallery_fade_in gallery_item\"><a href=\"https:\/\/www.2muve.de\/wp-content\/uploads\/2018\/07\/SextnerDolomiten_3_05.jpg\" data-rel=\"lightbox\" class=\"lightboxhover\"><img loading=\"lazy\" decoding=\"async\" src=\"https:\/\/www.2muve.de\/wp-content\/uploads\/2018\/07\/SextnerDolomiten_3_05-300x300.jpg\" width=\"300\" height=\"300\" alt=\"Eingang zum Paternkofel Klettersteig\" srcset=\"https:\/\/www.2muve.de\/wp-content\/uploads\/2018\/07\/SextnerDolomiten_3_05-300x300.jpg 300w, https:\/\/www.2muve.de\/wp-content\/uploads\/2018\/07\/SextnerDolomiten_3_05-150x150.jpg 150w\" sizes=\"auto, (max-width: 300px) 100vw, 300px\" class=\"light-dropshaddow\"\/><\/a><\/div><\/div><div class=\"tcol-lg-3 tcol-md-3 tcol-sm-4 tcol-xs-6 tcol-ss-12 g_item\"><div class=\"grid_item kad_gallery_fade_in gallery_item\"><a href=\"https:\/\/www.2muve.de\/wp-content\/uploads\/2018\/07\/SextnerDolomiten_3_06.jpg\" data-rel=\"lightbox\" class=\"lightboxhover\"><img loading=\"lazy\" decoding=\"async\" src=\"https:\/\/www.2muve.de\/wp-content\/uploads\/2018\/07\/SextnerDolomiten_3_06-300x300.jpg\" width=\"300\" height=\"300\" alt=\"Weiter Blick\" srcset=\"https:\/\/www.2muve.de\/wp-content\/uploads\/2018\/07\/SextnerDolomiten_3_06-300x300.jpg 300w, https:\/\/www.2muve.de\/wp-content\/uploads\/2018\/07\/SextnerDolomiten_3_06-150x150.jpg 150w, https:\/\/www.2muve.de\/wp-content\/uploads\/2018\/07\/SextnerDolomiten_3_06-400x400.jpg 400w\" sizes=\"auto, (max-width: 300px) 100vw, 300px\" class=\"light-dropshaddow\"\/><\/a><\/div><\/div><div class=\"tcol-lg-3 tcol-md-3 tcol-sm-4 tcol-xs-6 tcol-ss-12 g_item\"><div class=\"grid_item kad_gallery_fade_in gallery_item\"><a href=\"https:\/\/www.2muve.de\/wp-content\/uploads\/2018\/07\/SextnerDolomiten_3_07.jpg\" data-rel=\"lightbox\" class=\"lightboxhover\"><img loading=\"lazy\" decoding=\"async\" src=\"https:\/\/www.2muve.de\/wp-content\/uploads\/2018\/07\/SextnerDolomiten_3_07-300x300.jpg\" width=\"300\" height=\"300\" alt=\"Die Drei Zinnen\" srcset=\"https:\/\/www.2muve.de\/wp-content\/uploads\/2018\/07\/SextnerDolomiten_3_07-300x300.jpg 300w, https:\/\/www.2muve.de\/wp-content\/uploads\/2018\/07\/SextnerDolomiten_3_07-150x150.jpg 150w, https:\/\/www.2muve.de\/wp-content\/uploads\/2018\/07\/SextnerDolomiten_3_07-400x400.jpg 400w\" sizes=\"auto, (max-width: 300px) 100vw, 300px\" class=\"light-dropshaddow\"\/><\/a><\/div><\/div><\/div>\n<p>Schweren Herzens entschieden wir uns also dazu zur\u00fcck auf den Hauptweg zu gehen und \u00fcber normalen Weg zur Drei Zinnen H\u00fctte zu laufen. Dieser ist wirklich gem\u00fctlich und absolut unschwierig und trotzdem konnten wir uns nicht satt sehen. Ein Schritt nach dem anderen bietet grandiose Ausblicke und es ist ein wahrer Genuss dort entlang zu wandern.<\/p>\n<div id=\"kad-wp-gallery86\" class=\"kad-wp-gallery kad-light-wp-gallery clearfix kt-gallery-column-3 rowtight\"><div class=\"tcol-lg-4 tcol-md-4 tcol-sm-4 tcol-xs-6 tcol-ss-12 g_item\"><div class=\"grid_item kad_gallery_fade_in gallery_item\"><a href=\"https:\/\/www.2muve.de\/wp-content\/uploads\/2018\/07\/SextnerDolomiten_3_08.jpg\" data-rel=\"lightbox\" class=\"lightboxhover\"><img loading=\"lazy\" decoding=\"async\" src=\"https:\/\/www.2muve.de\/wp-content\/uploads\/2018\/07\/SextnerDolomiten_3_08-400x400.jpg\" width=\"400\" height=\"400\" alt=\"Drei Zinnen H\u00fctte\" srcset=\"https:\/\/www.2muve.de\/wp-content\/uploads\/2018\/07\/SextnerDolomiten_3_08-400x400.jpg 400w, https:\/\/www.2muve.de\/wp-content\/uploads\/2018\/07\/SextnerDolomiten_3_08-150x150.jpg 150w\" sizes=\"auto, (max-width: 400px) 100vw, 400px\" class=\"light-dropshaddow\"\/><\/a><\/div><\/div><div class=\"tcol-lg-4 tcol-md-4 tcol-sm-4 tcol-xs-6 tcol-ss-12 g_item\"><div class=\"grid_item kad_gallery_fade_in gallery_item\"><a href=\"https:\/\/www.2muve.de\/wp-content\/uploads\/2018\/07\/SextnerDolomiten_3_09.jpg\" data-rel=\"lightbox\" class=\"lightboxhover\"><img loading=\"lazy\" decoding=\"async\" src=\"https:\/\/www.2muve.de\/wp-content\/uploads\/2018\/07\/SextnerDolomiten_3_09-400x400.jpg\" width=\"400\" height=\"400\" alt=\"Und somit der beste Blick auf die Drei Zinnen\" srcset=\"https:\/\/www.2muve.de\/wp-content\/uploads\/2018\/07\/SextnerDolomiten_3_09-400x400.jpg 400w, https:\/\/www.2muve.de\/wp-content\/uploads\/2018\/07\/SextnerDolomiten_3_09-150x150.jpg 150w\" sizes=\"auto, (max-width: 400px) 100vw, 400px\" class=\"light-dropshaddow\"\/><\/a><\/div><\/div><div class=\"tcol-lg-4 tcol-md-4 tcol-sm-4 tcol-xs-6 tcol-ss-12 g_item\"><div class=\"grid_item kad_gallery_fade_in gallery_item\"><a href=\"https:\/\/www.2muve.de\/wp-content\/uploads\/2018\/07\/SextnerDolomiten_3_10.jpg\" data-rel=\"lightbox\" class=\"lightboxhover\"><img loading=\"lazy\" decoding=\"async\" src=\"https:\/\/www.2muve.de\/wp-content\/uploads\/2018\/07\/SextnerDolomiten_3_10-400x400.jpg\" width=\"400\" height=\"400\" alt=\"Weg zum Toblinger Knoten und Sextner Stein\" srcset=\"https:\/\/www.2muve.de\/wp-content\/uploads\/2018\/07\/SextnerDolomiten_3_10-400x400.jpg 400w, https:\/\/www.2muve.de\/wp-content\/uploads\/2018\/07\/SextnerDolomiten_3_10-150x150.jpg 150w\" sizes=\"auto, (max-width: 400px) 100vw, 400px\" class=\"light-dropshaddow\"\/><\/a><\/div><\/div><\/div>\n<p>An der Drei Zinnen H\u00fctte angekommen machten wir Pause. Der fehlende Klettersteig \u00e4rgerte uns immer noch ein bisschen und nachdem das Wetter nun doch wieder besser aussah, musste ein Ersatzplan her: Der Toblinger Knoten. Wir lasen kurz die Beschreibung und das klang nicht schwer und auch relativ kurz. Daher suchten wir den Weg zum Klettersteig.<\/p>\n<div id=\"kad-wp-gallery60\" class=\"kad-wp-gallery kad-light-wp-gallery clearfix kt-gallery-column-1 rowtight\"><div class=\"tcol-lg-12 tcol-md-12 tcol-sm-12 tcol-xs-12 tcol-ss-12 g_item\"><div class=\"grid_item kad_gallery_fade_in gallery_item\"><a href=\"https:\/\/www.2muve.de\/wp-content\/uploads\/2018\/07\/SextnerDolomiten_3_11.jpg\" data-rel=\"lightbox\" class=\"lightboxhover\"><img loading=\"lazy\" decoding=\"async\" src=\"https:\/\/www.2muve.de\/wp-content\/uploads\/2018\/07\/SextnerDolomiten_3_11.jpg\" width=\"1000\" height=\"247\" alt=\"Wundersch\u00f6ner weiter Blick mit dem Toblinger Knoten rechts\" srcset=\"https:\/\/www.2muve.de\/wp-content\/uploads\/2018\/07\/SextnerDolomiten_3_11.jpg 1000w, https:\/\/www.2muve.de\/wp-content\/uploads\/2018\/07\/SextnerDolomiten_3_11-300x74.jpg 300w, https:\/\/www.2muve.de\/wp-content\/uploads\/2018\/07\/SextnerDolomiten_3_11-768x190.jpg 768w\" sizes=\"auto, (max-width: 1000px) 100vw, 1000px\" class=\"light-dropshaddow\"\/><\/a><\/div><\/div><\/div>\n<p>Zuvor bogen wir aber noch ab auf den Sextner Stein. Und das ist wirklich sehr empfehlenswert. Von dort hatten wir nochmal einen tollen Ausblick auf die Drei Zinnen und auch auf den Toblinger Knoten, der so ganz exponiert dasteht. Dass viele Leute zur Auronzoh\u00fctte mit dem Bus fahren, um dann die Drei Zinnen Umrundung zu machen, ist absolut nachvollziehbar.<\/p>\n<div id=\"kad-wp-gallery47\" class=\"kad-wp-gallery kad-light-wp-gallery clearfix kt-gallery-column-4 rowtight\"><div class=\"tcol-lg-3 tcol-md-3 tcol-sm-4 tcol-xs-6 tcol-ss-12 g_item\"><div class=\"grid_item kad_gallery_fade_in gallery_item\"><a href=\"https:\/\/www.2muve.de\/wp-content\/uploads\/2018\/07\/SextnerDolomiten_3_12.jpg\" data-rel=\"lightbox\" class=\"lightboxhover\"><img loading=\"lazy\" decoding=\"async\" src=\"https:\/\/www.2muve.de\/wp-content\/uploads\/2018\/07\/SextnerDolomiten_3_12-300x300.jpg\" width=\"300\" height=\"300\" alt=\"Was f\u00fcr eine Weite!\" srcset=\"https:\/\/www.2muve.de\/wp-content\/uploads\/2018\/07\/SextnerDolomiten_3_12-300x300.jpg 300w, https:\/\/www.2muve.de\/wp-content\/uploads\/2018\/07\/SextnerDolomiten_3_12-150x150.jpg 150w\" sizes=\"auto, (max-width: 300px) 100vw, 300px\" class=\"light-dropshaddow\"\/><\/a><\/div><\/div><div class=\"tcol-lg-3 tcol-md-3 tcol-sm-4 tcol-xs-6 tcol-ss-12 g_item\"><div class=\"grid_item kad_gallery_fade_in gallery_item\"><a href=\"https:\/\/www.2muve.de\/wp-content\/uploads\/2018\/07\/SextnerDolomiten_3_13.jpg\" data-rel=\"lightbox\" class=\"lightboxhover\"><img loading=\"lazy\" decoding=\"async\" src=\"https:\/\/www.2muve.de\/wp-content\/uploads\/2018\/07\/SextnerDolomiten_3_13-300x300.jpg\" width=\"300\" height=\"300\" alt=\"Das wollten wir sehen!\" srcset=\"https:\/\/www.2muve.de\/wp-content\/uploads\/2018\/07\/SextnerDolomiten_3_13-300x300.jpg 300w, https:\/\/www.2muve.de\/wp-content\/uploads\/2018\/07\/SextnerDolomiten_3_13-150x150.jpg 150w, https:\/\/www.2muve.de\/wp-content\/uploads\/2018\/07\/SextnerDolomiten_3_13-270x270.jpg 270w\" sizes=\"auto, (max-width: 300px) 100vw, 300px\" class=\"light-dropshaddow\"\/><\/a><\/div><\/div><div class=\"tcol-lg-3 tcol-md-3 tcol-sm-4 tcol-xs-6 tcol-ss-12 g_item\"><div class=\"grid_item kad_gallery_fade_in gallery_item\"><a href=\"https:\/\/www.2muve.de\/wp-content\/uploads\/2018\/07\/SextnerDolomiten_3_14.jpg\" data-rel=\"lightbox\" class=\"lightboxhover\"><img loading=\"lazy\" decoding=\"async\" src=\"https:\/\/www.2muve.de\/wp-content\/uploads\/2018\/07\/SextnerDolomiten_3_14-300x300.jpg\" width=\"300\" height=\"300\" alt=\"Sextner Stein\" srcset=\"https:\/\/www.2muve.de\/wp-content\/uploads\/2018\/07\/SextnerDolomiten_3_14-300x300.jpg 300w, https:\/\/www.2muve.de\/wp-content\/uploads\/2018\/07\/SextnerDolomiten_3_14-150x150.jpg 150w, https:\/\/www.2muve.de\/wp-content\/uploads\/2018\/07\/SextnerDolomiten_3_14-400x400.jpg 400w\" sizes=\"auto, (max-width: 300px) 100vw, 300px\" class=\"light-dropshaddow\"\/><\/a><\/div><\/div><\/div>\n<p>An diesem Tag hatten wir sehr viele sch\u00f6ne Fotomomente, um das festzuhalten, was man nicht festhalten kann. Denn die Tiefe und das Variantenreichtum, das wir dort sahen, ist nur schwer auf Bildern wiederzugeben. Wir waren jedenfalls sehr gl\u00fccklich, in dieser Region unterwegs zu sein.<\/p>\n<div id=\"kad-wp-gallery92\" class=\"kad-wp-gallery kad-light-wp-gallery clearfix kt-gallery-column-1 rowtight\"><div class=\"tcol-lg-12 tcol-md-12 tcol-sm-12 tcol-xs-12 tcol-ss-12 g_item\"><div class=\"grid_item kad_gallery_fade_in gallery_item\"><a href=\"https:\/\/www.2muve.de\/wp-content\/uploads\/2018\/07\/SextnerDolomiten_3_15.jpg\" data-rel=\"lightbox\" class=\"lightboxhover\"><img loading=\"lazy\" decoding=\"async\" src=\"https:\/\/www.2muve.de\/wp-content\/uploads\/2018\/07\/SextnerDolomiten_3_15.jpg\" width=\"1000\" height=\"203\" alt=\"Unglaublich sch\u00f6n!\" srcset=\"https:\/\/www.2muve.de\/wp-content\/uploads\/2018\/07\/SextnerDolomiten_3_15.jpg 1000w, https:\/\/www.2muve.de\/wp-content\/uploads\/2018\/07\/SextnerDolomiten_3_15-300x61.jpg 300w, https:\/\/www.2muve.de\/wp-content\/uploads\/2018\/07\/SextnerDolomiten_3_15-768x156.jpg 768w\" sizes=\"auto, (max-width: 1000px) 100vw, 1000px\" class=\"light-dropshaddow\"\/><\/a><\/div><\/div><\/div>\n<p>Der Weg zum Klettersteig bietet auch nochmal sch\u00f6ne Ausblicke. Ein kurzes St\u00fcck Drahtseil hilft dahin und wir dachten schon, das sei schon der Start des Klettersteigs. Aber das stimmt nicht, denn der Start zeigt schon mal, auf was wir uns gefasst machen m\u00fcssen. Eine richtige Kletterpassage f\u00fchrt die ersten paar Meter hoch. Und wenn das Probleme macht, dann ist Umdrehen eine gute Option.<\/p>\n<div id=\"kad-wp-gallery54\" class=\"kad-wp-gallery kad-light-wp-gallery clearfix kt-gallery-column-4 rowtight\"><div class=\"tcol-lg-3 tcol-md-3 tcol-sm-4 tcol-xs-6 tcol-ss-12 g_item\"><div class=\"grid_item kad_gallery_fade_in gallery_item\"><a href=\"https:\/\/www.2muve.de\/wp-content\/uploads\/2018\/07\/SextnerDolomiten_3_16.jpg\" data-rel=\"lightbox\" class=\"lightboxhover\"><img loading=\"lazy\" decoding=\"async\" src=\"https:\/\/www.2muve.de\/wp-content\/uploads\/2018\/07\/SextnerDolomiten_3_16-300x300.jpg\" width=\"300\" height=\"300\" alt=\"Auf dem Weg zum Klettersteig\" srcset=\"https:\/\/www.2muve.de\/wp-content\/uploads\/2018\/07\/SextnerDolomiten_3_16-300x300.jpg 300w, https:\/\/www.2muve.de\/wp-content\/uploads\/2018\/07\/SextnerDolomiten_3_16-150x150.jpg 150w\" sizes=\"auto, (max-width: 300px) 100vw, 300px\" class=\"light-dropshaddow\"\/><\/a><\/div><\/div><div class=\"tcol-lg-3 tcol-md-3 tcol-sm-4 tcol-xs-6 tcol-ss-12 g_item\"><div class=\"grid_item kad_gallery_fade_in gallery_item\"><a href=\"https:\/\/www.2muve.de\/wp-content\/uploads\/2018\/07\/SextnerDolomiten_3_17.jpg\" data-rel=\"lightbox\" class=\"lightboxhover\"><img loading=\"lazy\" decoding=\"async\" src=\"https:\/\/www.2muve.de\/wp-content\/uploads\/2018\/07\/SextnerDolomiten_3_17-300x300.jpg\" width=\"300\" height=\"300\" alt=\"Wir h\u00e4ngen uns ein\" srcset=\"https:\/\/www.2muve.de\/wp-content\/uploads\/2018\/07\/SextnerDolomiten_3_17-300x300.jpg 300w, https:\/\/www.2muve.de\/wp-content\/uploads\/2018\/07\/SextnerDolomiten_3_17-150x150.jpg 150w\" sizes=\"auto, (max-width: 300px) 100vw, 300px\" class=\"light-dropshaddow\"\/><\/a><\/div><\/div><div class=\"tcol-lg-3 tcol-md-3 tcol-sm-4 tcol-xs-6 tcol-ss-12 g_item\"><div class=\"grid_item kad_gallery_fade_in gallery_item\"><a href=\"https:\/\/www.2muve.de\/wp-content\/uploads\/2018\/07\/SextnerDolomiten_3_18.jpg\" data-rel=\"lightbox\" class=\"lightboxhover\"><img loading=\"lazy\" decoding=\"async\" src=\"https:\/\/www.2muve.de\/wp-content\/uploads\/2018\/07\/SextnerDolomiten_3_18-300x300.jpg\" width=\"300\" height=\"300\" alt=\"Und ab hier geht&#039;s richtig los - anspruchsvoller Start!\" srcset=\"https:\/\/www.2muve.de\/wp-content\/uploads\/2018\/07\/SextnerDolomiten_3_18-300x300.jpg 300w, https:\/\/www.2muve.de\/wp-content\/uploads\/2018\/07\/SextnerDolomiten_3_18-150x150.jpg 150w, https:\/\/www.2muve.de\/wp-content\/uploads\/2018\/07\/SextnerDolomiten_3_18-400x400.jpg 400w\" sizes=\"auto, (max-width: 300px) 100vw, 300px\" class=\"light-dropshaddow\"\/><\/a><\/div><\/div><div class=\"tcol-lg-3 tcol-md-3 tcol-sm-4 tcol-xs-6 tcol-ss-12 g_item\"><div class=\"grid_item kad_gallery_fade_in gallery_item\"><a href=\"https:\/\/www.2muve.de\/wp-content\/uploads\/2018\/07\/SextnerDolomiten_3_19.jpg\" data-rel=\"lightbox\" class=\"lightboxhover\"><img loading=\"lazy\" decoding=\"async\" src=\"https:\/\/www.2muve.de\/wp-content\/uploads\/2018\/07\/SextnerDolomiten_3_19-300x300.jpg\" width=\"300\" height=\"300\" alt=\"Einige Kletterstellen sind dabei\" srcset=\"https:\/\/www.2muve.de\/wp-content\/uploads\/2018\/07\/SextnerDolomiten_3_19-300x300.jpg 300w, https:\/\/www.2muve.de\/wp-content\/uploads\/2018\/07\/SextnerDolomiten_3_19-150x150.jpg 150w, https:\/\/www.2muve.de\/wp-content\/uploads\/2018\/07\/SextnerDolomiten_3_19-400x400.jpg 400w\" sizes=\"auto, (max-width: 300px) 100vw, 300px\" class=\"light-dropshaddow\"\/><\/a><\/div><\/div><\/div>\n<p>Ich klettere unheimlich gern, daher waren die Bewegungen f\u00fcr mich gewohnt, \u00fcberrascht war ich trotzdem, dass es so gleich losging. Night Owl war sich dann unsicher, entschied sich aber mir zu folgen. Zugegeben &#8211; wir h\u00e4tten uns genauer informieren sollen. Mit kaum Klettersteigerfahrung ist der Toblinger Knoten nicht der richtige Klettersteig. <\/p>\n<div id=\"kad-wp-gallery100\" class=\"kad-wp-gallery kad-light-wp-gallery clearfix kt-gallery-column-4 rowtight\"><div class=\"tcol-lg-3 tcol-md-3 tcol-sm-4 tcol-xs-6 tcol-ss-12 g_item\"><div class=\"grid_item kad_gallery_fade_in gallery_item\"><a href=\"https:\/\/www.2muve.de\/wp-content\/uploads\/2018\/07\/SextnerDolomiten_3_20.jpg\" data-rel=\"lightbox\" class=\"lightboxhover\"><img loading=\"lazy\" decoding=\"async\" src=\"https:\/\/www.2muve.de\/wp-content\/uploads\/2018\/07\/SextnerDolomiten_3_20-300x300.jpg\" width=\"300\" height=\"300\" alt=\"Manchmal auch gem\u00fctlich mit Leitern und Sprossen\" srcset=\"https:\/\/www.2muve.de\/wp-content\/uploads\/2018\/07\/SextnerDolomiten_3_20-300x300.jpg 300w, https:\/\/www.2muve.de\/wp-content\/uploads\/2018\/07\/SextnerDolomiten_3_20-150x150.jpg 150w, https:\/\/www.2muve.de\/wp-content\/uploads\/2018\/07\/SextnerDolomiten_3_20-400x400.jpg 400w\" sizes=\"auto, (max-width: 300px) 100vw, 300px\" class=\"light-dropshaddow\"\/><\/a><\/div><\/div><div class=\"tcol-lg-3 tcol-md-3 tcol-sm-4 tcol-xs-6 tcol-ss-12 g_item\"><div class=\"grid_item kad_gallery_fade_in gallery_item\"><a href=\"https:\/\/www.2muve.de\/wp-content\/uploads\/2018\/07\/SextnerDolomiten_3_21.jpg\" data-rel=\"lightbox\" class=\"lightboxhover\"><img loading=\"lazy\" decoding=\"async\" src=\"https:\/\/www.2muve.de\/wp-content\/uploads\/2018\/07\/SextnerDolomiten_3_21-300x300.jpg\" width=\"300\" height=\"300\" alt=\"Sehr viele Leitern hat man zu bew\u00e4ltigen\" srcset=\"https:\/\/www.2muve.de\/wp-content\/uploads\/2018\/07\/SextnerDolomiten_3_21-300x300.jpg 300w, https:\/\/www.2muve.de\/wp-content\/uploads\/2018\/07\/SextnerDolomiten_3_21-150x150.jpg 150w\" sizes=\"auto, (max-width: 300px) 100vw, 300px\" class=\"light-dropshaddow\"\/><\/a><\/div><\/div><div class=\"tcol-lg-3 tcol-md-3 tcol-sm-4 tcol-xs-6 tcol-ss-12 g_item\"><div class=\"grid_item kad_gallery_fade_in gallery_item\"><a href=\"https:\/\/www.2muve.de\/wp-content\/uploads\/2018\/07\/SextnerDolomiten_3_22.jpg\" data-rel=\"lightbox\" class=\"lightboxhover\"><img loading=\"lazy\" decoding=\"async\" src=\"https:\/\/www.2muve.de\/wp-content\/uploads\/2018\/07\/SextnerDolomiten_3_22-300x300.jpg\" width=\"300\" height=\"300\" alt=\"Gipfelkreuz auf dem Toblinger Knoten\" srcset=\"https:\/\/www.2muve.de\/wp-content\/uploads\/2018\/07\/SextnerDolomiten_3_22-300x300.jpg 300w, https:\/\/www.2muve.de\/wp-content\/uploads\/2018\/07\/SextnerDolomiten_3_22-150x150.jpg 150w\" sizes=\"auto, (max-width: 300px) 100vw, 300px\" class=\"light-dropshaddow\"\/><\/a><\/div><\/div><div class=\"tcol-lg-3 tcol-md-3 tcol-sm-4 tcol-xs-6 tcol-ss-12 g_item\"><div class=\"grid_item kad_gallery_fade_in gallery_item\"><a href=\"https:\/\/www.2muve.de\/wp-content\/uploads\/2018\/07\/SextnerDolomiten_3_23.jpg\" data-rel=\"lightbox\" class=\"lightboxhover\"><img loading=\"lazy\" decoding=\"async\" src=\"https:\/\/www.2muve.de\/wp-content\/uploads\/2018\/07\/SextnerDolomiten_3_23-300x300.jpg\" width=\"300\" height=\"300\" alt=\"Und \u00fcber den leichten Klettersteig geht es wieder runter\" srcset=\"https:\/\/www.2muve.de\/wp-content\/uploads\/2018\/07\/SextnerDolomiten_3_23-300x300.jpg 300w, https:\/\/www.2muve.de\/wp-content\/uploads\/2018\/07\/SextnerDolomiten_3_23-150x150.jpg 150w, https:\/\/www.2muve.de\/wp-content\/uploads\/2018\/07\/SextnerDolomiten_3_23-400x400.jpg 400w\" sizes=\"auto, (max-width: 300px) 100vw, 300px\" class=\"light-dropshaddow\"\/><\/a><\/div><\/div><\/div>\n<p>Wir kletterten aber weiter. Siebzehn Leitern gilt es beim Leitersteig zu bezwingen, wodurch man sehr schnell an H\u00f6he gewinnt. Das ist auch nicht das Schwierige an dem Steig, es sind die Zwischenstellen. Entweder weil die Leitern beim \u00dcbergang doch etwas schwerer zu erreichen sind, oder weil der ganze Steig sehr ausgesetzt ist, oder eine Stelle, an der man entweder sehr weit spreizt oder &#8211; wie ich &#8211; mit den F\u00fc\u00dfen gegen die Wand treten muss. Am Gipfel angekommen waren wir jedenfalls etwas \u00fcberrascht, dass der Klettersteig als leicht angegeben wird. Bei der Abendrecherche hat sich dann auch rausgestellt, dass nicht jeder der Meinung ist \ud83d\ude09 .<\/p>\n<div id=\"kad-wp-gallery55\" class=\"kad-wp-gallery kad-light-wp-gallery clearfix kt-gallery-column-4 rowtight\"><div class=\"tcol-lg-3 tcol-md-3 tcol-sm-4 tcol-xs-6 tcol-ss-12 g_item\"><div class=\"grid_item kad_gallery_fade_in gallery_item\"><a href=\"https:\/\/www.2muve.de\/wp-content\/uploads\/2018\/07\/SextnerDolomiten_3_24.jpg\" data-rel=\"lightbox\" class=\"lightboxhover\"><img loading=\"lazy\" decoding=\"async\" src=\"https:\/\/www.2muve.de\/wp-content\/uploads\/2018\/07\/SextnerDolomiten_3_24-300x300.jpg\" width=\"300\" height=\"300\" alt=\"Enzian auf dem R\u00fcckweg zur Drei Zinnen H\u00fctte\" srcset=\"https:\/\/www.2muve.de\/wp-content\/uploads\/2018\/07\/SextnerDolomiten_3_24-300x300.jpg 300w, https:\/\/www.2muve.de\/wp-content\/uploads\/2018\/07\/SextnerDolomiten_3_24-150x150.jpg 150w, https:\/\/www.2muve.de\/wp-content\/uploads\/2018\/07\/SextnerDolomiten_3_24-400x400.jpg 400w\" sizes=\"auto, (max-width: 300px) 100vw, 300px\" class=\"light-dropshaddow\"\/><\/a><\/div><\/div><div class=\"tcol-lg-3 tcol-md-3 tcol-sm-4 tcol-xs-6 tcol-ss-12 g_item\"><div class=\"grid_item kad_gallery_fade_in gallery_item\"><a href=\"https:\/\/www.2muve.de\/wp-content\/uploads\/2018\/07\/SextnerDolomiten_3_25.jpg\" data-rel=\"lightbox\" class=\"lightboxhover\"><img loading=\"lazy\" decoding=\"async\" src=\"https:\/\/www.2muve.de\/wp-content\/uploads\/2018\/07\/SextnerDolomiten_3_25-300x300.jpg\" width=\"300\" height=\"300\" alt=\"Auf dem Weg 101 geht es nun zur B\u00fcllejochh\u00fctte\" srcset=\"https:\/\/www.2muve.de\/wp-content\/uploads\/2018\/07\/SextnerDolomiten_3_25-300x300.jpg 300w, https:\/\/www.2muve.de\/wp-content\/uploads\/2018\/07\/SextnerDolomiten_3_25-150x150.jpg 150w\" sizes=\"auto, (max-width: 300px) 100vw, 300px\" class=\"light-dropshaddow\"\/><\/a><\/div><\/div><div class=\"tcol-lg-3 tcol-md-3 tcol-sm-4 tcol-xs-6 tcol-ss-12 g_item\"><div class=\"grid_item kad_gallery_fade_in gallery_item\"><a href=\"https:\/\/www.2muve.de\/wp-content\/uploads\/2018\/07\/SextnerDolomiten_3_27.jpg\" data-rel=\"lightbox\" class=\"lightboxhover\"><img loading=\"lazy\" decoding=\"async\" src=\"https:\/\/www.2muve.de\/wp-content\/uploads\/2018\/07\/SextnerDolomiten_3_27-300x300.jpg\" width=\"300\" height=\"300\" alt=\"Sch\u00f6ne Ausblicke\" srcset=\"https:\/\/www.2muve.de\/wp-content\/uploads\/2018\/07\/SextnerDolomiten_3_27-300x300.jpg 300w, https:\/\/www.2muve.de\/wp-content\/uploads\/2018\/07\/SextnerDolomiten_3_27-150x150.jpg 150w, https:\/\/www.2muve.de\/wp-content\/uploads\/2018\/07\/SextnerDolomiten_3_27-400x400.jpg 400w\" sizes=\"auto, (max-width: 300px) 100vw, 300px\" class=\"light-dropshaddow\"\/><\/a><\/div><\/div><div class=\"tcol-lg-3 tcol-md-3 tcol-sm-4 tcol-xs-6 tcol-ss-12 g_item\"><div class=\"grid_item kad_gallery_fade_in gallery_item\"><a href=\"https:\/\/www.2muve.de\/wp-content\/uploads\/2018\/07\/SextnerDolomiten_3_29.jpg\" data-rel=\"lightbox\" class=\"lightboxhover\"><img loading=\"lazy\" decoding=\"async\" src=\"https:\/\/www.2muve.de\/wp-content\/uploads\/2018\/07\/SextnerDolomiten_3_29-300x300.jpg\" width=\"300\" height=\"300\" alt=\"Auf dem Weg 101\" srcset=\"https:\/\/www.2muve.de\/wp-content\/uploads\/2018\/07\/SextnerDolomiten_3_29-300x300.jpg 300w, https:\/\/www.2muve.de\/wp-content\/uploads\/2018\/07\/SextnerDolomiten_3_29-150x150.jpg 150w\" sizes=\"auto, (max-width: 300px) 100vw, 300px\" class=\"light-dropshaddow\"\/><\/a><\/div><\/div><\/div>\n<p>Hinunter geht es den gem\u00fctlichen Feldkurat Hosp-Steig, der keinerlei Schwierigkeiten brachte. Das einzige, das uns schnell absteigen lie\u00df, war die Tatsache, dass es im letzten Drittel vom Leiternsteig zu tr\u00f6pfeln angefangen hatte. Zum Gl\u00fcck blieb es aber beim Tr\u00f6pfeln und erst als wir schon unten waren, wurde der Regen etwas st\u00e4rker.<\/p>\n<div id=\"kad-wp-gallery44\" class=\"kad-wp-gallery kad-light-wp-gallery clearfix kt-gallery-column-1 rowtight\"><div class=\"tcol-lg-12 tcol-md-12 tcol-sm-12 tcol-xs-12 tcol-ss-12 g_item\"><div class=\"grid_item kad_gallery_fade_in gallery_item\"><a href=\"https:\/\/www.2muve.de\/wp-content\/uploads\/2018\/07\/SextnerDolomiten_3_26.jpg\" data-rel=\"lightbox\" class=\"lightboxhover\"><img loading=\"lazy\" decoding=\"async\" src=\"https:\/\/www.2muve.de\/wp-content\/uploads\/2018\/07\/SextnerDolomiten_3_26.jpg\" width=\"1000\" height=\"355\" alt=\"Immer wieder unglaublich sch\u00f6ne Eindr\u00fccke\" srcset=\"https:\/\/www.2muve.de\/wp-content\/uploads\/2018\/07\/SextnerDolomiten_3_26.jpg 1000w, https:\/\/www.2muve.de\/wp-content\/uploads\/2018\/07\/SextnerDolomiten_3_26-300x107.jpg 300w, https:\/\/www.2muve.de\/wp-content\/uploads\/2018\/07\/SextnerDolomiten_3_26-768x273.jpg 768w\" sizes=\"auto, (max-width: 1000px) 100vw, 1000px\" class=\"light-dropshaddow\"\/><\/a><\/div><\/div><\/div>\n<p>Nun hatten wir nur noch gem\u00fctlichen Weg vor uns. Zuerst liefen wir wieder zur noch geschlossenen Drei Zinnen H\u00fctte und machten auf einer Bank davor Pause. Und da trafen wir die Schweizerinnen vom Tag zuvor wieder. Beim Gespr\u00e4ch stellte sich dann raus, dass sie am Tag zuvor erst auf halben Weg zum Bonacossaweg gekommen waren und daher die Klettersteigstellen und das Schneefeld gar nicht kannten. Nach dem sch\u00f6nen Wiedersehen ging es f\u00fcr uns weiter den Weg 101 entlang in Richtung B\u00fcllejochh\u00fctte und Zsigmondyh\u00fctte.<\/p>\n<div id=\"kad-wp-gallery25\" class=\"kad-wp-gallery kad-light-wp-gallery clearfix kt-gallery-column-4 rowtight\"><div class=\"tcol-lg-3 tcol-md-3 tcol-sm-4 tcol-xs-6 tcol-ss-12 g_item\"><div class=\"grid_item kad_gallery_fade_in gallery_item\"><a href=\"https:\/\/www.2muve.de\/wp-content\/uploads\/2018\/07\/SextnerDolomiten_3_30.jpg\" data-rel=\"lightbox\" class=\"lightboxhover\"><img loading=\"lazy\" decoding=\"async\" src=\"https:\/\/www.2muve.de\/wp-content\/uploads\/2018\/07\/SextnerDolomiten_3_30-300x300.jpg\" width=\"300\" height=\"300\" alt=\"Was f\u00fcr eine Landschaft!\" srcset=\"https:\/\/www.2muve.de\/wp-content\/uploads\/2018\/07\/SextnerDolomiten_3_30-300x300.jpg 300w, https:\/\/www.2muve.de\/wp-content\/uploads\/2018\/07\/SextnerDolomiten_3_30-150x150.jpg 150w\" sizes=\"auto, (max-width: 300px) 100vw, 300px\" class=\"light-dropshaddow\"\/><\/a><\/div><\/div><div class=\"tcol-lg-3 tcol-md-3 tcol-sm-4 tcol-xs-6 tcol-ss-12 g_item\"><div class=\"grid_item kad_gallery_fade_in gallery_item\"><a href=\"https:\/\/www.2muve.de\/wp-content\/uploads\/2018\/07\/SextnerDolomiten_3_31.jpg\" data-rel=\"lightbox\" class=\"lightboxhover\"><img loading=\"lazy\" decoding=\"async\" src=\"https:\/\/www.2muve.de\/wp-content\/uploads\/2018\/07\/SextnerDolomiten_3_31-300x300.jpg\" width=\"300\" height=\"300\" alt=\"Die B\u00fcllejochh\u00fctte\" srcset=\"https:\/\/www.2muve.de\/wp-content\/uploads\/2018\/07\/SextnerDolomiten_3_31-300x300.jpg 300w, https:\/\/www.2muve.de\/wp-content\/uploads\/2018\/07\/SextnerDolomiten_3_31-150x150.jpg 150w\" sizes=\"auto, (max-width: 300px) 100vw, 300px\" class=\"light-dropshaddow\"\/><\/a><\/div><\/div><div class=\"tcol-lg-3 tcol-md-3 tcol-sm-4 tcol-xs-6 tcol-ss-12 g_item\"><div class=\"grid_item kad_gallery_fade_in gallery_item\"><a href=\"https:\/\/www.2muve.de\/wp-content\/uploads\/2018\/07\/SextnerDolomiten_3_32.jpg\" data-rel=\"lightbox\" class=\"lightboxhover\"><img loading=\"lazy\" decoding=\"async\" src=\"https:\/\/www.2muve.de\/wp-content\/uploads\/2018\/07\/SextnerDolomiten_3_32-300x300.jpg\" width=\"300\" height=\"300\" alt=\"Wir k\u00f6nnen uns nicht sattsehen\" srcset=\"https:\/\/www.2muve.de\/wp-content\/uploads\/2018\/07\/SextnerDolomiten_3_32-300x300.jpg 300w, https:\/\/www.2muve.de\/wp-content\/uploads\/2018\/07\/SextnerDolomiten_3_32-150x150.jpg 150w\" sizes=\"auto, (max-width: 300px) 100vw, 300px\" class=\"light-dropshaddow\"\/><\/a><\/div><\/div><div class=\"tcol-lg-3 tcol-md-3 tcol-sm-4 tcol-xs-6 tcol-ss-12 g_item\"><div class=\"grid_item kad_gallery_fade_in gallery_item\"><a href=\"https:\/\/www.2muve.de\/wp-content\/uploads\/2018\/07\/SextnerDolomiten_3_33.jpg\" data-rel=\"lightbox\" class=\"lightboxhover\"><img loading=\"lazy\" decoding=\"async\" src=\"https:\/\/www.2muve.de\/wp-content\/uploads\/2018\/07\/SextnerDolomiten_3_33-300x300.jpg\" width=\"300\" height=\"300\" alt=\"Der Weg ist gem\u00fctlich und wenig anspruchsvoll\" srcset=\"https:\/\/www.2muve.de\/wp-content\/uploads\/2018\/07\/SextnerDolomiten_3_33-300x300.jpg 300w, https:\/\/www.2muve.de\/wp-content\/uploads\/2018\/07\/SextnerDolomiten_3_33-150x150.jpg 150w\" sizes=\"auto, (max-width: 300px) 100vw, 300px\" class=\"light-dropshaddow\"\/><\/a><\/div><\/div><\/div>\n<p>Und auch dieser Weg ist sehr empfehlenswert. Es gibt auch die umgekehrte Variante vom Fischleintal \u00fcber den Weg 101 zu den Drei Zinnen zu wandern &#8211; wir verstehen warum. Der Weg ist nicht schwer und die Ausblicke atemberaubend. Nach dem Toblinger Adrenalinkick ging es nun super entspannt weiter. Trotzdem ging es einige H\u00f6henmeter hoch, bei denen wir auch merkten, dass wir schon den dritten Tag unterwegs waren. Daher gab es an der B\u00fcllejochh\u00fctte auch eine kleine Spezipause.<\/p>\n<div id=\"kad-wp-gallery24\" class=\"kad-wp-gallery kad-light-wp-gallery clearfix kt-gallery-column-4 rowtight\"><div class=\"tcol-lg-3 tcol-md-3 tcol-sm-4 tcol-xs-6 tcol-ss-12 g_item\"><div class=\"grid_item kad_gallery_fade_in gallery_item\"><a href=\"https:\/\/www.2muve.de\/wp-content\/uploads\/2018\/07\/SextnerDolomiten_3_34.jpg\" data-rel=\"lightbox\" class=\"lightboxhover\"><img loading=\"lazy\" decoding=\"async\" src=\"https:\/\/www.2muve.de\/wp-content\/uploads\/2018\/07\/SextnerDolomiten_3_34-300x300.jpg\" width=\"300\" height=\"300\" alt=\"Das Wetter k\u00f6nnte besser sein\" srcset=\"https:\/\/www.2muve.de\/wp-content\/uploads\/2018\/07\/SextnerDolomiten_3_34-300x300.jpg 300w, https:\/\/www.2muve.de\/wp-content\/uploads\/2018\/07\/SextnerDolomiten_3_34-150x150.jpg 150w\" sizes=\"auto, (max-width: 300px) 100vw, 300px\" class=\"light-dropshaddow\"\/><\/a><\/div><\/div><div class=\"tcol-lg-3 tcol-md-3 tcol-sm-4 tcol-xs-6 tcol-ss-12 g_item\"><div class=\"grid_item kad_gallery_fade_in gallery_item\"><a href=\"https:\/\/www.2muve.de\/wp-content\/uploads\/2018\/07\/SextnerDolomiten_3_35.jpg\" data-rel=\"lightbox\" class=\"lightboxhover\"><img loading=\"lazy\" decoding=\"async\" src=\"https:\/\/www.2muve.de\/wp-content\/uploads\/2018\/07\/SextnerDolomiten_3_35-300x300.jpg\" width=\"300\" height=\"300\" alt=\"Die letzten Meter\" srcset=\"https:\/\/www.2muve.de\/wp-content\/uploads\/2018\/07\/SextnerDolomiten_3_35-300x300.jpg 300w, https:\/\/www.2muve.de\/wp-content\/uploads\/2018\/07\/SextnerDolomiten_3_35-150x150.jpg 150w\" sizes=\"auto, (max-width: 300px) 100vw, 300px\" class=\"light-dropshaddow\"\/><\/a><\/div><\/div><div class=\"tcol-lg-3 tcol-md-3 tcol-sm-4 tcol-xs-6 tcol-ss-12 g_item\"><div class=\"grid_item kad_gallery_fade_in gallery_item\"><a href=\"https:\/\/www.2muve.de\/wp-content\/uploads\/2018\/07\/SextnerDolomiten_3_36.jpg\" data-rel=\"lightbox\" class=\"lightboxhover\"><img loading=\"lazy\" decoding=\"async\" src=\"https:\/\/www.2muve.de\/wp-content\/uploads\/2018\/07\/SextnerDolomiten_3_36-300x300.jpg\" width=\"300\" height=\"300\" alt=\"Und schon kommt die Zsigmondyh\u00fctte\" srcset=\"https:\/\/www.2muve.de\/wp-content\/uploads\/2018\/07\/SextnerDolomiten_3_36-300x300.jpg 300w, https:\/\/www.2muve.de\/wp-content\/uploads\/2018\/07\/SextnerDolomiten_3_36-150x150.jpg 150w\" sizes=\"auto, (max-width: 300px) 100vw, 300px\" class=\"light-dropshaddow\"\/><\/a><\/div><\/div><div class=\"tcol-lg-3 tcol-md-3 tcol-sm-4 tcol-xs-6 tcol-ss-12 g_item\"><div class=\"grid_item kad_gallery_fade_in gallery_item\"><a href=\"https:\/\/www.2muve.de\/wp-content\/uploads\/2018\/07\/SextnerDolomiten_3_37.jpg\" data-rel=\"lightbox\" class=\"lightboxhover\"><img loading=\"lazy\" decoding=\"async\" src=\"https:\/\/www.2muve.de\/wp-content\/uploads\/2018\/07\/SextnerDolomiten_3_37-300x300.jpg\" width=\"300\" height=\"300\" alt=\"Mit Blick auf den Zw\u00f6lferkofel\" srcset=\"https:\/\/www.2muve.de\/wp-content\/uploads\/2018\/07\/SextnerDolomiten_3_37-300x300.jpg 300w, https:\/\/www.2muve.de\/wp-content\/uploads\/2018\/07\/SextnerDolomiten_3_37-150x150.jpg 150w\" sizes=\"auto, (max-width: 300px) 100vw, 300px\" class=\"light-dropshaddow\"\/><\/a><\/div><\/div><\/div>\n<p>Richtig gem\u00fctlich war es aber nicht, da es nach wie vor recht k\u00fchl und windig war. Ab der B\u00fcllejochh\u00fctte ging es dann laut Schild vierzig Minuten bergab zur Zsigmondyh\u00fctte. Diese ist wirklich sch\u00f6n und gem\u00fctlich. Wir konnten warm duschen, bekamen k\u00f6stliche Spaghetti Aglio Olio und hatten dann einen entspannten Abend auf der H\u00fctte. Nach einem kurzen Spaziergang drau\u00dfen, um den Zw\u00f6lferkofel bei nun wieder ganz sch\u00f6nem Wetter zu betrachten, fielen wir schon recht fr\u00fch ins Bett.<\/p>\n<p><strong>Fazit:<\/strong><br \/>\nAuch der dritte Tag war spannend und wundersch\u00f6n zugleich. Wir hatten traumhafte Ausblicke, den Toblinger Knoten als zumindest kurzen Klettersteig zwischendurch und waren da, wo wir hinwollten: Bei den Drei Zinnen. Wir verstehen, warum so viele dort ihren Wanderurlaub verbringen.<\/p>\n<p>Liebe Gr\u00fc\u00dfe,<br \/>\nEarly Bird \ud83d\ude42<\/p>\n","protected":false},"excerpt":{"rendered":"<p>Zusammenfassung: An diesem Tag wollten wir eigentlich zum Paternkofel und den Klettersteig dort machen. Das Wetter war allerdings alles andere als stabil. Daher entschieden wir uns schweren Herzens dagegen. An der Drei Zinnen H\u00fctte angekommen sah es dann aber doch &hellip; <a href=\"https:\/\/www.2muve.de\/index.php\/sextner-dolomiten-rifugio-lavaredo-drei-zinnen-huette-toblinger-knoten-zsigmondyhuette\/\">Weiter<\/a><\/p>\n","protected":false},"author":1,"featured_media":9546,"comment_status":"open","ping_status":"closed","sticky":false,"template":"","format":"standard","meta":{"kt_blocks_editor_width":"","footnotes":""},"categories":[23],"tags":[351,349,356,357,347,354,355,348,339,353,352,350],"class_list":["post-9532","post","type-post","status-publish","format-standard","has-post-thumbnail","hentry","category-muveup","tag-buellejochhuette","tag-drei-zinnen","tag-drei-zinnen-huette","tag-feldkurat-hosp-steig","tag-lavaredohuette","tag-paternkofel","tag-rifugio-comici","tag-rifugio-lavaredo","tag-sextner-dolomiten","tag-sextner-stein","tag-toblinger-knoten","tag-zsigmondyhuette"],"_links":{"self":[{"href":"https:\/\/www.2muve.de\/index.php\/wp-json\/wp\/v2\/posts\/9532","targetHints":{"allow":["GET"]}}],"collection":[{"href":"https:\/\/www.2muve.de\/index.php\/wp-json\/wp\/v2\/posts"}],"about":[{"href":"https:\/\/www.2muve.de\/index.php\/wp-json\/wp\/v2\/types\/post"}],"author":[{"embeddable":true,"href":"https:\/\/www.2muve.de\/index.php\/wp-json\/wp\/v2\/users\/1"}],"replies":[{"embeddable":true,"href":"https:\/\/www.2muve.de\/index.php\/wp-json\/wp\/v2\/comments?post=9532"}],"version-history":[{"count":8,"href":"https:\/\/www.2muve.de\/index.php\/wp-json\/wp\/v2\/posts\/9532\/revisions"}],"predecessor-version":[{"id":9576,"href":"https:\/\/www.2muve.de\/index.php\/wp-json\/wp\/v2\/posts\/9532\/revisions\/9576"}],"wp:featuredmedia":[{"embeddable":true,"href":"https:\/\/www.2muve.de\/index.php\/wp-json\/wp\/v2\/media\/9546"}],"wp:attachment":[{"href":"https:\/\/www.2muve.de\/index.php\/wp-json\/wp\/v2\/media?parent=9532"}],"wp:term":[{"taxonomy":"category","embeddable":true,"href":"https:\/\/www.2muve.de\/index.php\/wp-json\/wp\/v2\/categories?post=9532"},{"taxonomy":"post_tag","embeddable":true,"href":"https:\/\/www.2muve.de\/index.php\/wp-json\/wp\/v2\/tags?post=9532"}],"curies":[{"name":"wp","href":"https:\/\/api.w.org\/{rel}","templated":true}]}}