{"id":9608,"date":"2018-07-31T21:15:03","date_gmt":"2018-07-31T20:15:03","guid":{"rendered":"https:\/\/www.2muve.de\/?p=9608"},"modified":"2018-07-31T21:15:03","modified_gmt":"2018-07-31T20:15:03","slug":"sextner-dolomiten-rotwandwiesenhuette-moos-muenchen","status":"publish","type":"post","link":"https:\/\/www.2muve.de\/index.php\/sextner-dolomiten-rotwandwiesenhuette-moos-muenchen\/","title":{"rendered":"Sextner Dolomiten: Rotwandwiesenh\u00fctte &#8211; Moos &#8211; M\u00fcnchen"},"content":{"rendered":"<p><strong>Zusammenfassung:<\/strong><br \/>\nAm letzten Tag passierte nicht mehr viel &#8211; wir wanderten ins Tal, fuhren mit dem Bus nach Innichen und dann mit dem Zug nach Hause.<\/p>\n<p><strong>Details:<\/strong><br \/>\nFr\u00fch am Morgen weckte uns die Sonne und versprach f\u00fcr den Heimfahrtag perfektes Wetter. Zuerst gab es aber noch ein leckeres Fr\u00fchst\u00fcck vom Buffet. Danach packten wir die letzten Sachen und wanderten ein letztes Mal los, dieses Mal mit dem Ziel Moos.<\/p>\n<div id=\"kad-wp-gallery69\" class=\"kad-wp-gallery kad-light-wp-gallery clearfix kt-gallery-column-4 rowtight\"><div class=\"tcol-lg-3 tcol-md-3 tcol-sm-4 tcol-xs-6 tcol-ss-12 g_item\"><div class=\"grid_item kad_gallery_fade_in gallery_item\"><a href=\"https:\/\/www.2muve.de\/wp-content\/uploads\/2018\/07\/SextnerDolomiten_5_01.jpg\" data-rel=\"lightbox\" class=\"lightboxhover\"><img loading=\"lazy\" decoding=\"async\" src=\"https:\/\/www.2muve.de\/wp-content\/uploads\/2018\/07\/SextnerDolomiten_5_01-300x300.jpg\" width=\"300\" height=\"300\" alt=\"Wir kommen von der Rotwandwiesenh\u00fctte\" srcset=\"https:\/\/www.2muve.de\/wp-content\/uploads\/2018\/07\/SextnerDolomiten_5_01-300x300.jpg 300w, https:\/\/www.2muve.de\/wp-content\/uploads\/2018\/07\/SextnerDolomiten_5_01-150x150.jpg 150w, https:\/\/www.2muve.de\/wp-content\/uploads\/2018\/07\/SextnerDolomiten_5_01-400x400.jpg 400w\" sizes=\"auto, (max-width: 300px) 100vw, 300px\" class=\"light-dropshaddow\"\/><\/a><\/div><\/div><div class=\"tcol-lg-3 tcol-md-3 tcol-sm-4 tcol-xs-6 tcol-ss-12 g_item\"><div class=\"grid_item kad_gallery_fade_in gallery_item\"><a href=\"https:\/\/www.2muve.de\/wp-content\/uploads\/2018\/07\/SextnerDolomiten_5_02.jpg\" data-rel=\"lightbox\" class=\"lightboxhover\"><img loading=\"lazy\" decoding=\"async\" src=\"https:\/\/www.2muve.de\/wp-content\/uploads\/2018\/07\/SextnerDolomiten_5_02-300x300.jpg\" width=\"300\" height=\"300\" alt=\"Supersch\u00f6nes Wetter!\" srcset=\"https:\/\/www.2muve.de\/wp-content\/uploads\/2018\/07\/SextnerDolomiten_5_02-300x300.jpg 300w, https:\/\/www.2muve.de\/wp-content\/uploads\/2018\/07\/SextnerDolomiten_5_02-150x150.jpg 150w, https:\/\/www.2muve.de\/wp-content\/uploads\/2018\/07\/SextnerDolomiten_5_02-400x400.jpg 400w\" sizes=\"auto, (max-width: 300px) 100vw, 300px\" class=\"light-dropshaddow\"\/><\/a><\/div><\/div><div class=\"tcol-lg-3 tcol-md-3 tcol-sm-4 tcol-xs-6 tcol-ss-12 g_item\"><div class=\"grid_item kad_gallery_fade_in gallery_item\"><a href=\"https:\/\/www.2muve.de\/wp-content\/uploads\/2018\/07\/SextnerDolomiten_5_03.jpg\" data-rel=\"lightbox\" class=\"lightboxhover\"><img loading=\"lazy\" decoding=\"async\" src=\"https:\/\/www.2muve.de\/wp-content\/uploads\/2018\/07\/SextnerDolomiten_5_03-300x300.jpg\" width=\"300\" height=\"300\" alt=\"Blick zur Rotwand\" srcset=\"https:\/\/www.2muve.de\/wp-content\/uploads\/2018\/07\/SextnerDolomiten_5_03-300x300.jpg 300w, https:\/\/www.2muve.de\/wp-content\/uploads\/2018\/07\/SextnerDolomiten_5_03-150x150.jpg 150w\" sizes=\"auto, (max-width: 300px) 100vw, 300px\" class=\"light-dropshaddow\"\/><\/a><\/div><\/div><\/div>\n<p>Strahlend blauer Himmel, warmer Sonnenschein &#8211; perfektes Wetter erwartete uns. Jetzt heimzufahren machte uns fast etwas wehm\u00fctig &#8211; was k\u00f6nnten wir bei solchem Wetter noch alles tun! Aber wir hatten auch so wundersch\u00f6ne Tage erlebt: Den Bonacossasteig von <a href=\"https:\/\/www.2muve.de\/index.php\/sextner-dolomiten-misurinasee-rifugio-col-de-varda-bonacossaweg-misurinasee\/\" rel=\"noopener\" target=\"_blank\">Misurina bis fast zur Fonda-Savio-H\u00fctte<\/a>, dann von <a href=\"https:\/\/www.2muve.de\/index.php\/sextner-dolomiten-misurinasee-fonda-savio-huette-bonacossaweg-rifugio-lavaredo\/\" rel=\"noopener\" target=\"_blank\">dieser bis zur Auronzoh\u00fctte<\/a>, <a href=\"https:\/\/www.2muve.de\/index.php\/sextner-dolomiten-rifugio-lavaredo-drei-zinnen-huette-toblinger-knoten-zsigmondyhuette\/\" rel=\"noopener\" target=\"_blank\">Wandern um die Drei Zinnen und den Toblinger Knoten<\/a> und zum Abschluss ins <a href=\"https:\/\/www.2muve.de\/index.php\/sextner-dolomiten-zsigmondyhuette-fischleinboden-rotwandwiesenhuette\/\" rel=\"noopener\" target=\"_blank\">Fischleintal und unterhalb der Rotwand<\/a> entlang. Mit diesen sch\u00f6nen Gedanken ging es wieder nach Hause.<\/p>\n<div id=\"kad-wp-gallery94\" class=\"kad-wp-gallery kad-light-wp-gallery clearfix kt-gallery-column-3 rowtight\"><div class=\"tcol-lg-4 tcol-md-4 tcol-sm-4 tcol-xs-6 tcol-ss-12 g_item\"><div class=\"grid_item kad_gallery_fade_in gallery_item\"><a href=\"https:\/\/www.2muve.de\/wp-content\/uploads\/2018\/07\/SextnerDolomiten_5_04.jpg\" data-rel=\"lightbox\" class=\"lightboxhover\"><img loading=\"lazy\" decoding=\"async\" src=\"https:\/\/www.2muve.de\/wp-content\/uploads\/2018\/07\/SextnerDolomiten_5_04-400x400.jpg\" width=\"400\" height=\"400\" alt=\"Sch\u00f6nste Blumenwiesen\" srcset=\"https:\/\/www.2muve.de\/wp-content\/uploads\/2018\/07\/SextnerDolomiten_5_04-400x400.jpg 400w, https:\/\/www.2muve.de\/wp-content\/uploads\/2018\/07\/SextnerDolomiten_5_04-150x150.jpg 150w\" sizes=\"auto, (max-width: 400px) 100vw, 400px\" class=\"light-dropshaddow\"\/><\/a><\/div><\/div><div class=\"tcol-lg-4 tcol-md-4 tcol-sm-4 tcol-xs-6 tcol-ss-12 g_item\"><div class=\"grid_item kad_gallery_fade_in gallery_item\"><a href=\"https:\/\/www.2muve.de\/wp-content\/uploads\/2018\/07\/SextnerDolomiten_5_05.jpg\" data-rel=\"lightbox\" class=\"lightboxhover\"><img loading=\"lazy\" decoding=\"async\" src=\"https:\/\/www.2muve.de\/wp-content\/uploads\/2018\/07\/SextnerDolomiten_5_05-400x400.jpg\" width=\"400\" height=\"400\" alt=\"Auf dem Weg ins Tal\" srcset=\"https:\/\/www.2muve.de\/wp-content\/uploads\/2018\/07\/SextnerDolomiten_5_05-400x400.jpg 400w, https:\/\/www.2muve.de\/wp-content\/uploads\/2018\/07\/SextnerDolomiten_5_05-150x150.jpg 150w, https:\/\/www.2muve.de\/wp-content\/uploads\/2018\/07\/SextnerDolomiten_5_05-270x270.jpg 270w, https:\/\/www.2muve.de\/wp-content\/uploads\/2018\/07\/SextnerDolomiten_5_05-365x365.jpg 365w\" sizes=\"auto, (max-width: 400px) 100vw, 400px\" class=\"light-dropshaddow\"\/><\/a><\/div><\/div><\/div>\n<p>Nun kam der Abstieg \u00fcber die Forststra\u00dfe nach Moos, einem Ortsteil von Sexten. Am Tag zuvor hatten wir auf dem Busplan schon gesehen, dass von dort ein Bus nach Innichen f\u00e4hrt. Der Abstieg verlief problemlos und wir genossen die sch\u00f6nen Ausblicke, das tolle Wetter und die Landschaft.<\/p>\n<div id=\"kad-wp-gallery25\" class=\"kad-wp-gallery kad-light-wp-gallery clearfix kt-gallery-column-3 rowtight\"><div class=\"tcol-lg-4 tcol-md-4 tcol-sm-4 tcol-xs-6 tcol-ss-12 g_item\"><div class=\"grid_item kad_gallery_fade_in gallery_item\"><a href=\"https:\/\/www.2muve.de\/wp-content\/uploads\/2018\/07\/SextnerDolomiten_5_06.jpg\" data-rel=\"lightbox\" class=\"lightboxhover\"><img loading=\"lazy\" decoding=\"async\" src=\"https:\/\/www.2muve.de\/wp-content\/uploads\/2018\/07\/SextnerDolomiten_5_06-400x400.jpg\" width=\"400\" height=\"400\" alt=\"Sch\u00f6nes Moos\" srcset=\"https:\/\/www.2muve.de\/wp-content\/uploads\/2018\/07\/SextnerDolomiten_5_06-400x400.jpg 400w, https:\/\/www.2muve.de\/wp-content\/uploads\/2018\/07\/SextnerDolomiten_5_06-150x150.jpg 150w\" sizes=\"auto, (max-width: 400px) 100vw, 400px\" class=\"light-dropshaddow\"\/><\/a><\/div><\/div><div class=\"tcol-lg-4 tcol-md-4 tcol-sm-4 tcol-xs-6 tcol-ss-12 g_item\"><div class=\"grid_item kad_gallery_fade_in gallery_item\"><a href=\"https:\/\/www.2muve.de\/wp-content\/uploads\/2018\/07\/SextnerDolomiten_5_07.jpg\" data-rel=\"lightbox\" class=\"lightboxhover\"><img loading=\"lazy\" decoding=\"async\" src=\"https:\/\/www.2muve.de\/wp-content\/uploads\/2018\/07\/SextnerDolomiten_5_07-400x400.jpg\" width=\"400\" height=\"400\" alt=\"Bahnhof zur\u00fcck\" srcset=\"https:\/\/www.2muve.de\/wp-content\/uploads\/2018\/07\/SextnerDolomiten_5_07-400x400.jpg 400w, https:\/\/www.2muve.de\/wp-content\/uploads\/2018\/07\/SextnerDolomiten_5_07-150x150.jpg 150w\" sizes=\"auto, (max-width: 400px) 100vw, 400px\" class=\"light-dropshaddow\"\/><\/a><\/div><\/div><\/div>\n<p>Und dann waren wir auch schon in Moos. Da wir Zeit hatten, liefen wir eine Bushaltestelle weiter zu Fu\u00df und warteten dann in Moos Kirche. Der Bus brachte uns rechtzeitig nach Innichen, so dass wir dort noch das Ticket bis Franzenfeste kaufen konnten. Ab da hatten wir ein Onlineticket und fuhren direkt zur\u00fcck nach M\u00fcnchen.<\/p>\n<p><strong>Fazit:<\/strong><br \/>\nVier wundersch\u00f6ne Tage hatten wir die Sextner Dolomiten durchquert, der letzte Tag hatte uns mit strahlendem Sonnenschein verabschiedet und somit Lust gemacht, noch viel mehr zu entdecken. Und wir waren sicher nicht das letzte Mal da &#8211; schlie\u00dflich gibt es noch einiges, das wir nachholen wollen \ud83d\ude42 .<\/p>\n<p>Liebe Gr\u00fc\u00dfe,<br \/>\nEarly Bird \ud83d\ude42<\/p>\n","protected":false},"excerpt":{"rendered":"<p>Zusammenfassung: Am letzten Tag passierte nicht mehr viel &#8211; wir wanderten ins Tal, fuhren mit dem Bus nach Innichen und dann mit dem Zug nach Hause. Details: Fr\u00fch am Morgen weckte uns die Sonne und versprach f\u00fcr den Heimfahrtag perfektes &hellip; <a href=\"https:\/\/www.2muve.de\/index.php\/sextner-dolomiten-rotwandwiesenhuette-moos-muenchen\/\">Weiter<\/a><\/p>\n","protected":false},"author":1,"featured_media":9613,"comment_status":"open","ping_status":"closed","sticky":false,"template":"","format":"standard","meta":{"kt_blocks_editor_width":"","footnotes":""},"categories":[23],"tags":[199,361,359,339],"class_list":["post-9608","post","type-post","status-publish","format-standard","has-post-thumbnail","hentry","category-muveup","tag-dolomiten","tag-moos","tag-rotwandwiesenhuette","tag-sextner-dolomiten"],"_links":{"self":[{"href":"https:\/\/www.2muve.de\/index.php\/wp-json\/wp\/v2\/posts\/9608","targetHints":{"allow":["GET"]}}],"collection":[{"href":"https:\/\/www.2muve.de\/index.php\/wp-json\/wp\/v2\/posts"}],"about":[{"href":"https:\/\/www.2muve.de\/index.php\/wp-json\/wp\/v2\/types\/post"}],"author":[{"embeddable":true,"href":"https:\/\/www.2muve.de\/index.php\/wp-json\/wp\/v2\/users\/1"}],"replies":[{"embeddable":true,"href":"https:\/\/www.2muve.de\/index.php\/wp-json\/wp\/v2\/comments?post=9608"}],"version-history":[{"count":8,"href":"https:\/\/www.2muve.de\/index.php\/wp-json\/wp\/v2\/posts\/9608\/revisions"}],"predecessor-version":[{"id":9637,"href":"https:\/\/www.2muve.de\/index.php\/wp-json\/wp\/v2\/posts\/9608\/revisions\/9637"}],"wp:featuredmedia":[{"embeddable":true,"href":"https:\/\/www.2muve.de\/index.php\/wp-json\/wp\/v2\/media\/9613"}],"wp:attachment":[{"href":"https:\/\/www.2muve.de\/index.php\/wp-json\/wp\/v2\/media?parent=9608"}],"wp:term":[{"taxonomy":"category","embeddable":true,"href":"https:\/\/www.2muve.de\/index.php\/wp-json\/wp\/v2\/categories?post=9608"},{"taxonomy":"post_tag","embeddable":true,"href":"https:\/\/www.2muve.de\/index.php\/wp-json\/wp\/v2\/tags?post=9608"}],"curies":[{"name":"wp","href":"https:\/\/api.w.org\/{rel}","templated":true}]}}