{"id":9656,"date":"2019-01-30T17:17:27","date_gmt":"2019-01-30T16:17:27","guid":{"rendered":"https:\/\/www.2muve.de\/?p=9656"},"modified":"2020-12-03T15:40:56","modified_gmt":"2020-12-03T14:40:56","slug":"winter-auf-dem-wallberg-1722m","status":"publish","type":"post","link":"https:\/\/www.2muve.de\/index.php\/winter-auf-dem-wallberg-1722m\/","title":{"rendered":"Winter auf dem Wallberg (1722m)"},"content":{"rendered":"<div class=\"blockquote blockquote-full postclass clearfix\">\n<ul id=\"track_ov\">\n<li id=\"time\">5:00h<\/li>\n<li id=\"public\">Mit dem Bus zur Wallbergbahn in Rottach-Egern<\/li>\n<li id=\"distance\">14,43 km<\/li>\n<li id=\"equipment\">Ausreichend zu trinken und Brotzeit, Handschuhe, Gr\u00f6del<\/li>\n<\/ul>\n<\/div><div class=\"clearfix\"><\/div>\n<p><strong>Zusammenfassung:<\/strong><br \/>\n\u00dcber den Winterweg nach oben und den Sommerweg nach unten besuchten wir den Gipfel des Wallberges. Dabei fanden wir auch den Winter, der sich zu diesem Zeitpunkt noch oben auf den Bergen versteckt hielt.<\/p>\n<p><strong>Details:<\/strong><br \/>\nBevor es zum Jahreswechsel so richtig Schnee gab, waren wir noch in den Bergen und sind auf den Wallberg gewandert. Ausgangspunkt ist die Wallbergbahn, von wo aus ein Wanderweg auf den Berg f\u00fchrt. Wir sind den Winterweg aufgestiegen und \u00fcber den Sommerweg abgestiegen.<\/p>\n<div id=\"kad-wp-gallery29\" class=\"kad-wp-gallery kad-light-wp-gallery clearfix kt-gallery-column-3 rowtight\"><div class=\"tcol-lg-4 tcol-md-4 tcol-sm-4 tcol-xs-6 tcol-ss-12 g_item\"><div class=\"grid_item kad_gallery_fade_in gallery_item\"><a href=\"https:\/\/www.2muve.de\/wp-content\/uploads\/2019\/01\/Wallberg_01.jpg\" data-rel=\"lightbox\" class=\"lightboxhover\"><img loading=\"lazy\" decoding=\"async\" src=\"https:\/\/www.2muve.de\/wp-content\/uploads\/2019\/01\/Wallberg_01-400x400.jpg\" width=\"400\" height=\"400\" alt=\"Eisig geht es hinauf\" srcset=\"https:\/\/www.2muve.de\/wp-content\/uploads\/2019\/01\/Wallberg_01-400x400.jpg 400w, https:\/\/www.2muve.de\/wp-content\/uploads\/2019\/01\/Wallberg_01-150x150.jpg 150w\" sizes=\"auto, (max-width: 400px) 100vw, 400px\" class=\"light-dropshaddow\"\/><\/a><\/div><\/div><div class=\"tcol-lg-4 tcol-md-4 tcol-sm-4 tcol-xs-6 tcol-ss-12 g_item\"><div class=\"grid_item kad_gallery_fade_in gallery_item\"><a href=\"https:\/\/www.2muve.de\/wp-content\/uploads\/2019\/01\/Wallberg_02.jpg\" data-rel=\"lightbox\" class=\"lightboxhover\"><img loading=\"lazy\" decoding=\"async\" src=\"https:\/\/www.2muve.de\/wp-content\/uploads\/2019\/01\/Wallberg_02-400x400.jpg\" width=\"400\" height=\"400\" alt=\"Dann wird es schneeig\" srcset=\"https:\/\/www.2muve.de\/wp-content\/uploads\/2019\/01\/Wallberg_02-400x400.jpg 400w, https:\/\/www.2muve.de\/wp-content\/uploads\/2019\/01\/Wallberg_02-150x150.jpg 150w\" sizes=\"auto, (max-width: 400px) 100vw, 400px\" class=\"light-dropshaddow\"\/><\/a><\/div><\/div><div class=\"tcol-lg-4 tcol-md-4 tcol-sm-4 tcol-xs-6 tcol-ss-12 g_item\"><div class=\"grid_item kad_gallery_fade_in gallery_item\"><a href=\"https:\/\/www.2muve.de\/wp-content\/uploads\/2019\/01\/Wallberg_03.jpg\" data-rel=\"lightbox\" class=\"lightboxhover\"><img loading=\"lazy\" decoding=\"async\" src=\"https:\/\/www.2muve.de\/wp-content\/uploads\/2019\/01\/Wallberg_03-400x400.jpg\" width=\"400\" height=\"400\" alt=\"Und wir sind im Winterwunderland\" srcset=\"https:\/\/www.2muve.de\/wp-content\/uploads\/2019\/01\/Wallberg_03-400x400.jpg 400w, https:\/\/www.2muve.de\/wp-content\/uploads\/2019\/01\/Wallberg_03-150x150.jpg 150w\" sizes=\"auto, (max-width: 400px) 100vw, 400px\" class=\"light-dropshaddow\"\/><\/a><\/div><\/div><\/div>\n<p>Anfangs war der Winter noch weit entfernt. Im Tal war keine einzige Schneeflocke und wir mussten eine ganze Weile laufen, bis wir endlich den ersten Schnee gefunden hatten. Zuerst war das mehr eine Eisschicht, die den Aufstieg etwas erschwerte.<\/p>\n<div id=\"kad-wp-gallery72\" class=\"kad-wp-gallery kad-light-wp-gallery clearfix kt-gallery-column-3 rowtight\"><div class=\"tcol-lg-4 tcol-md-4 tcol-sm-4 tcol-xs-6 tcol-ss-12 g_item\"><div class=\"grid_item kad_gallery_fade_in gallery_item\"><a href=\"https:\/\/www.2muve.de\/wp-content\/uploads\/2019\/01\/Wallberg_04.jpg\" data-rel=\"lightbox\" class=\"lightboxhover\"><img loading=\"lazy\" decoding=\"async\" src=\"https:\/\/www.2muve.de\/wp-content\/uploads\/2019\/01\/Wallberg_04-400x400.jpg\" width=\"400\" height=\"400\" alt=\"Wei\u00dfer Blick in die Berge\" srcset=\"https:\/\/www.2muve.de\/wp-content\/uploads\/2019\/01\/Wallberg_04-400x400.jpg 400w, https:\/\/www.2muve.de\/wp-content\/uploads\/2019\/01\/Wallberg_04-150x150.jpg 150w\" sizes=\"auto, (max-width: 400px) 100vw, 400px\" class=\"light-dropshaddow\"\/><\/a><\/div><\/div><div class=\"tcol-lg-4 tcol-md-4 tcol-sm-4 tcol-xs-6 tcol-ss-12 g_item\"><div class=\"grid_item kad_gallery_fade_in gallery_item\"><a href=\"https:\/\/www.2muve.de\/wp-content\/uploads\/2019\/01\/Wallberg_05.jpg\" data-rel=\"lightbox\" class=\"lightboxhover\"><img loading=\"lazy\" decoding=\"async\" src=\"https:\/\/www.2muve.de\/wp-content\/uploads\/2019\/01\/Wallberg_05-400x400.jpg\" width=\"400\" height=\"400\" alt=\"Wallbergkapelle \" srcset=\"https:\/\/www.2muve.de\/wp-content\/uploads\/2019\/01\/Wallberg_05-400x400.jpg 400w, https:\/\/www.2muve.de\/wp-content\/uploads\/2019\/01\/Wallberg_05-150x150.jpg 150w\" sizes=\"auto, (max-width: 400px) 100vw, 400px\" class=\"light-dropshaddow\"\/><\/a><\/div><\/div><div class=\"tcol-lg-4 tcol-md-4 tcol-sm-4 tcol-xs-6 tcol-ss-12 g_item\"><div class=\"grid_item kad_gallery_fade_in gallery_item\"><a href=\"https:\/\/www.2muve.de\/wp-content\/uploads\/2019\/01\/Wallberg_06.jpg\" data-rel=\"lightbox\" class=\"lightboxhover\"><img loading=\"lazy\" decoding=\"async\" src=\"https:\/\/www.2muve.de\/wp-content\/uploads\/2019\/01\/Wallberg_06-400x400.jpg\" width=\"400\" height=\"400\" alt=\"Winterliche Weite\" srcset=\"https:\/\/www.2muve.de\/wp-content\/uploads\/2019\/01\/Wallberg_06-400x400.jpg 400w, https:\/\/www.2muve.de\/wp-content\/uploads\/2019\/01\/Wallberg_06-150x150.jpg 150w\" sizes=\"auto, (max-width: 400px) 100vw, 400px\" class=\"light-dropshaddow\"\/><\/a><\/div><\/div><\/div>\n<p>Der Weg f\u00fchrt lange Zeit durch den Wald, als wir diesen dann endlich hinter uns lie\u00dfen, kamen wir gleichzeitig im Winter an. Endlich hatten wir richtig Schnee unter den F\u00fc\u00dfen und sahen um uns herum schneebedeckte Gipfel.<\/p>\n<p>Nun waren auch mehr Leute unterwegs, was sicher daran lag, dass wir auf dem Plateau waren, auf dem die Wallbergbahn ankommt. W\u00e4hrend die meisten Liftfahrer hier sicher das Panoramarestaurant zum Pause machen w\u00e4hlen, suchten wir uns eine Bank und packten die Brotzeit aus. Zum Gl\u00fcck hatte ich warmen Tee dabei, der tat jetzt richtig gut.<\/p>\n<div id=\"kad-wp-gallery99\" class=\"kad-wp-gallery kad-light-wp-gallery clearfix kt-gallery-column-3 rowtight\"><div class=\"tcol-lg-4 tcol-md-4 tcol-sm-4 tcol-xs-6 tcol-ss-12 g_item\"><div class=\"grid_item kad_gallery_fade_in gallery_item\"><a href=\"https:\/\/www.2muve.de\/wp-content\/uploads\/2019\/01\/Wallberg_07.jpg\" data-rel=\"lightbox\" class=\"lightboxhover\"><img loading=\"lazy\" decoding=\"async\" src=\"https:\/\/www.2muve.de\/wp-content\/uploads\/2019\/01\/Wallberg_07-400x400.jpg\" width=\"400\" height=\"400\" alt=\"Weg zum Gipfel\" srcset=\"https:\/\/www.2muve.de\/wp-content\/uploads\/2019\/01\/Wallberg_07-400x400.jpg 400w, https:\/\/www.2muve.de\/wp-content\/uploads\/2019\/01\/Wallberg_07-150x150.jpg 150w\" sizes=\"auto, (max-width: 400px) 100vw, 400px\" class=\"light-dropshaddow\"\/><\/a><\/div><\/div><div class=\"tcol-lg-4 tcol-md-4 tcol-sm-4 tcol-xs-6 tcol-ss-12 g_item\"><div class=\"grid_item kad_gallery_fade_in gallery_item\"><a href=\"https:\/\/www.2muve.de\/wp-content\/uploads\/2019\/01\/Wallberg_08.jpg\" data-rel=\"lightbox\" class=\"lightboxhover\"><img loading=\"lazy\" decoding=\"async\" src=\"https:\/\/www.2muve.de\/wp-content\/uploads\/2019\/01\/Wallberg_08-400x400.jpg\" width=\"400\" height=\"400\" alt=\"Gipfelkreuz\" srcset=\"https:\/\/www.2muve.de\/wp-content\/uploads\/2019\/01\/Wallberg_08-400x400.jpg 400w, https:\/\/www.2muve.de\/wp-content\/uploads\/2019\/01\/Wallberg_08-150x150.jpg 150w\" sizes=\"auto, (max-width: 400px) 100vw, 400px\" class=\"light-dropshaddow\"\/><\/a><\/div><\/div><div class=\"tcol-lg-4 tcol-md-4 tcol-sm-4 tcol-xs-6 tcol-ss-12 g_item\"><div class=\"grid_item kad_gallery_fade_in gallery_item\"><a href=\"https:\/\/www.2muve.de\/wp-content\/uploads\/2019\/01\/Wallberg_09.jpg\" data-rel=\"lightbox\" class=\"lightboxhover\"><img loading=\"lazy\" decoding=\"async\" src=\"https:\/\/www.2muve.de\/wp-content\/uploads\/2019\/01\/Wallberg_09-400x400.jpg\" width=\"400\" height=\"400\" alt=\"Ausblick\" srcset=\"https:\/\/www.2muve.de\/wp-content\/uploads\/2019\/01\/Wallberg_09-400x400.jpg 400w, https:\/\/www.2muve.de\/wp-content\/uploads\/2019\/01\/Wallberg_09-150x150.jpg 150w\" sizes=\"auto, (max-width: 400px) 100vw, 400px\" class=\"light-dropshaddow\"\/><\/a><\/div><\/div><\/div>\n<p>Aber schon nach kurzer Zeit sa\u00dfen wir lange genug, so dass wir wieder aufbrechen mussten, um nicht zu frieren. Ein Blick zur Wallbergkapelle, ein Blick zum Tegernsee und dann ging es zum finalen Gipfelaufstieg.<\/p>\n<p>Dieser war dann nochmal ordentlich rutschig. Wir freuten uns nur bedingt auf den Abstieg, der folgen w\u00fcrde. Wir hatten aber das Gipfelkreuz als Ziel vor uns und wollten dort hin.<\/p>\n<div id=\"kad-wp-gallery80\" class=\"kad-wp-gallery kad-light-wp-gallery clearfix kt-gallery-column-3 rowtight\"><div class=\"tcol-lg-4 tcol-md-4 tcol-sm-4 tcol-xs-6 tcol-ss-12 g_item\"><div class=\"grid_item kad_gallery_fade_in gallery_item\"><a href=\"https:\/\/www.2muve.de\/wp-content\/uploads\/2019\/01\/Wallberg_10.jpg\" data-rel=\"lightbox\" class=\"lightboxhover\"><img loading=\"lazy\" decoding=\"async\" src=\"https:\/\/www.2muve.de\/wp-content\/uploads\/2019\/01\/Wallberg_10-400x400.jpg\" width=\"400\" height=\"400\" alt=\"Wir genie\u00dfen den Ausblick\" srcset=\"https:\/\/www.2muve.de\/wp-content\/uploads\/2019\/01\/Wallberg_10-400x400.jpg 400w, https:\/\/www.2muve.de\/wp-content\/uploads\/2019\/01\/Wallberg_10-150x150.jpg 150w\" sizes=\"auto, (max-width: 400px) 100vw, 400px\" class=\"light-dropshaddow\"\/><\/a><\/div><\/div><div class=\"tcol-lg-4 tcol-md-4 tcol-sm-4 tcol-xs-6 tcol-ss-12 g_item\"><div class=\"grid_item kad_gallery_fade_in gallery_item\"><a href=\"https:\/\/www.2muve.de\/wp-content\/uploads\/2019\/01\/Wallberg_12.jpg\" data-rel=\"lightbox\" class=\"lightboxhover\"><img loading=\"lazy\" decoding=\"async\" src=\"https:\/\/www.2muve.de\/wp-content\/uploads\/2019\/01\/Wallberg_12-400x400.jpg\" width=\"400\" height=\"400\" alt=\"Etwas windig\" srcset=\"https:\/\/www.2muve.de\/wp-content\/uploads\/2019\/01\/Wallberg_12-400x400.jpg 400w, https:\/\/www.2muve.de\/wp-content\/uploads\/2019\/01\/Wallberg_12-150x150.jpg 150w\" sizes=\"auto, (max-width: 400px) 100vw, 400px\" class=\"light-dropshaddow\"\/><\/a><\/div><\/div><div class=\"tcol-lg-4 tcol-md-4 tcol-sm-4 tcol-xs-6 tcol-ss-12 g_item\"><div class=\"grid_item kad_gallery_fade_in gallery_item\"><a href=\"https:\/\/www.2muve.de\/wp-content\/uploads\/2019\/01\/Wallberg_11.jpg\" data-rel=\"lightbox\" class=\"lightboxhover\"><img loading=\"lazy\" decoding=\"async\" src=\"https:\/\/www.2muve.de\/wp-content\/uploads\/2019\/01\/Wallberg_11.jpg\" width=\"600\" height=\"338\" alt=\"Sch\u00f6n winterlich\" srcset=\"https:\/\/www.2muve.de\/wp-content\/uploads\/2019\/01\/Wallberg_11.jpg 600w, https:\/\/www.2muve.de\/wp-content\/uploads\/2019\/01\/Wallberg_11-300x169.jpg 300w\" sizes=\"auto, (max-width: 600px) 100vw, 600px\" class=\"light-dropshaddow\"\/><\/a><\/div><\/div><\/div>\n<p>Nachdem der letzte Aufstieg geschafft war, machten wir erneut Pause und genossen die Aussicht. Es war wieder diese wundersch\u00f6ne klare Sicht, die der Winter bietet und die mich immer wieder begeistert. Puderzucker \u00fcber den Bergen und ein gr\u00fcnes Tal \u2013 welch ein Kontrast! Leider war es etwas windig und entsprechend wurde uns auch hier schnell kalt.<\/p>\n<div id=\"kad-wp-gallery85\" class=\"kad-wp-gallery kad-light-wp-gallery clearfix kt-gallery-column-3 rowtight\"><div class=\"tcol-lg-4 tcol-md-4 tcol-sm-4 tcol-xs-6 tcol-ss-12 g_item\"><div class=\"grid_item kad_gallery_fade_in gallery_item\"><a href=\"https:\/\/www.2muve.de\/wp-content\/uploads\/2019\/01\/Wallberg_13.jpg\" data-rel=\"lightbox\" class=\"lightboxhover\"><img loading=\"lazy\" decoding=\"async\" src=\"https:\/\/www.2muve.de\/wp-content\/uploads\/2019\/01\/Wallberg_13-400x400.jpg\" width=\"400\" height=\"400\" alt=\"Ausblick zum Tegernsee\" srcset=\"https:\/\/www.2muve.de\/wp-content\/uploads\/2019\/01\/Wallberg_13-400x400.jpg 400w, https:\/\/www.2muve.de\/wp-content\/uploads\/2019\/01\/Wallberg_13-150x150.jpg 150w\" sizes=\"auto, (max-width: 400px) 100vw, 400px\" class=\"light-dropshaddow\"\/><\/a><\/div><\/div><div class=\"tcol-lg-4 tcol-md-4 tcol-sm-4 tcol-xs-6 tcol-ss-12 g_item\"><div class=\"grid_item kad_gallery_fade_in gallery_item\"><a href=\"https:\/\/www.2muve.de\/wp-content\/uploads\/2019\/01\/Wallberg_14.jpg\" data-rel=\"lightbox\" class=\"lightboxhover\"><img loading=\"lazy\" decoding=\"async\" src=\"https:\/\/www.2muve.de\/wp-content\/uploads\/2019\/01\/Wallberg_14-400x400.jpg\" width=\"400\" height=\"400\" alt=\"Wir genie\u00dfen die Aussicht\" srcset=\"https:\/\/www.2muve.de\/wp-content\/uploads\/2019\/01\/Wallberg_14-400x400.jpg 400w, https:\/\/www.2muve.de\/wp-content\/uploads\/2019\/01\/Wallberg_14-150x150.jpg 150w, https:\/\/www.2muve.de\/wp-content\/uploads\/2019\/01\/Wallberg_14-270x270.jpg 270w, https:\/\/www.2muve.de\/wp-content\/uploads\/2019\/01\/Wallberg_14-365x365.jpg 365w\" sizes=\"auto, (max-width: 400px) 100vw, 400px\" class=\"light-dropshaddow\"\/><\/a><\/div><\/div><div class=\"tcol-lg-4 tcol-md-4 tcol-sm-4 tcol-xs-6 tcol-ss-12 g_item\"><div class=\"grid_item kad_gallery_fade_in gallery_item\"><a href=\"https:\/\/www.2muve.de\/wp-content\/uploads\/2019\/01\/Wallberg_15.jpg\" data-rel=\"lightbox\" class=\"lightboxhover\"><img loading=\"lazy\" decoding=\"async\" src=\"https:\/\/www.2muve.de\/wp-content\/uploads\/2019\/01\/Wallberg_15-400x400.jpg\" width=\"400\" height=\"400\" alt=\"Es geht wieder nach unten\" srcset=\"https:\/\/www.2muve.de\/wp-content\/uploads\/2019\/01\/Wallberg_15-400x400.jpg 400w, https:\/\/www.2muve.de\/wp-content\/uploads\/2019\/01\/Wallberg_15-150x150.jpg 150w\" sizes=\"auto, (max-width: 400px) 100vw, 400px\" class=\"light-dropshaddow\"\/><\/a><\/div><\/div><\/div>\n<p>Ein letzter Blick in alle Richtungen, ein paar Bilder und dann packten wir zusammen. Nun ging es an den Abstieg. Wir hatten Gr\u00f6del dabei, also zogen wir die auch an. Das half schon gut beim Abstieg und wie sich sp\u00e4ter noch herausstellen sollte, waren sie eine gro\u00dfe Hilfe bei den eisigen Fl\u00e4chen des Forstweges. Beim R\u00fcckweg kamen wir an einem Schneemann vorbei und freuten uns \u00fcber die winterliche Landschaft. Nun w\u00fcrden wir wieder ins gr\u00fcne Tal zur\u00fcckwandern.<\/p>\n<div id=\"kad-wp-gallery21\" class=\"kad-wp-gallery kad-light-wp-gallery clearfix kt-gallery-column-3 rowtight\"><div class=\"tcol-lg-4 tcol-md-4 tcol-sm-4 tcol-xs-6 tcol-ss-12 g_item\"><div class=\"grid_item kad_gallery_fade_in gallery_item\"><a href=\"https:\/\/www.2muve.de\/wp-content\/uploads\/2019\/01\/Wallberg_16.jpg\" data-rel=\"lightbox\" class=\"lightboxhover\"><img loading=\"lazy\" decoding=\"async\" src=\"https:\/\/www.2muve.de\/wp-content\/uploads\/2019\/01\/Wallberg_16-400x400.jpg\" width=\"400\" height=\"400\" alt=\"Weg nach unten\" srcset=\"https:\/\/www.2muve.de\/wp-content\/uploads\/2019\/01\/Wallberg_16-400x400.jpg 400w, https:\/\/www.2muve.de\/wp-content\/uploads\/2019\/01\/Wallberg_16-150x150.jpg 150w\" sizes=\"auto, (max-width: 400px) 100vw, 400px\" class=\"light-dropshaddow\"\/><\/a><\/div><\/div><div class=\"tcol-lg-4 tcol-md-4 tcol-sm-4 tcol-xs-6 tcol-ss-12 g_item\"><div class=\"grid_item kad_gallery_fade_in gallery_item\"><a href=\"https:\/\/www.2muve.de\/wp-content\/uploads\/2019\/01\/Wallberg_17.jpg\" data-rel=\"lightbox\" class=\"lightboxhover\"><img loading=\"lazy\" decoding=\"async\" src=\"https:\/\/www.2muve.de\/wp-content\/uploads\/2019\/01\/Wallberg_17-400x400.jpg\" width=\"400\" height=\"400\" alt=\"Schneemann auf dem Weg\" srcset=\"https:\/\/www.2muve.de\/wp-content\/uploads\/2019\/01\/Wallberg_17-400x400.jpg 400w, https:\/\/www.2muve.de\/wp-content\/uploads\/2019\/01\/Wallberg_17-150x150.jpg 150w\" sizes=\"auto, (max-width: 400px) 100vw, 400px\" class=\"light-dropshaddow\"\/><\/a><\/div><\/div><\/div>\n<p>Der Sommerweg war nicht besser oder schlechter als der Winterweg, es waren einige eisige Stellen dabei, bei denen die Gr\u00f6del uns Halt gaben. Zum Schluss war aber wieder kein Schnee mehr zu sehen und wir verabschiedeten uns vom Winter \u2013 der ein paar Tage sp\u00e4ter in voller Wucht auch das Tal erreichen sollte.<\/p>\n<p><strong>Fazit:<\/strong><br \/>\nSch\u00f6ne Wanderung mit grandioser Aussicht und leichtem Weg &#8211; sofern man Gr\u00f6del dabei hat \ud83d\ude09 .<\/p>\n<p>Liebe Gr\u00fc\u00dfe,<br \/>\nEarly Bird \ud83d\ude42<\/p>\n","protected":false},"excerpt":{"rendered":"<p>Zusammenfassung: \u00dcber den Winterweg nach oben und den Sommerweg nach unten besuchten wir den Gipfel des Wallberges. Dabei fanden wir auch den Winter, der sich zu diesem Zeitpunkt noch oben auf den Bergen versteckt hielt. Details: Bevor es zum Jahreswechsel &hellip; <a href=\"https:\/\/www.2muve.de\/index.php\/winter-auf-dem-wallberg-1722m\/\">Weiter<\/a><\/p>\n","protected":false},"author":1,"featured_media":9670,"comment_status":"closed","ping_status":"closed","sticky":false,"template":"","format":"standard","meta":{"kt_blocks_editor_width":"","footnotes":""},"categories":[23],"tags":[365,22,366],"class_list":["post-9656","post","type-post","status-publish","format-standard","has-post-thumbnail","hentry","category-muveup","tag-rottach-egern","tag-tegernsee","tag-wallberg"],"_links":{"self":[{"href":"https:\/\/www.2muve.de\/index.php\/wp-json\/wp\/v2\/posts\/9656","targetHints":{"allow":["GET"]}}],"collection":[{"href":"https:\/\/www.2muve.de\/index.php\/wp-json\/wp\/v2\/posts"}],"about":[{"href":"https:\/\/www.2muve.de\/index.php\/wp-json\/wp\/v2\/types\/post"}],"author":[{"embeddable":true,"href":"https:\/\/www.2muve.de\/index.php\/wp-json\/wp\/v2\/users\/1"}],"replies":[{"embeddable":true,"href":"https:\/\/www.2muve.de\/index.php\/wp-json\/wp\/v2\/comments?post=9656"}],"version-history":[{"count":3,"href":"https:\/\/www.2muve.de\/index.php\/wp-json\/wp\/v2\/posts\/9656\/revisions"}],"predecessor-version":[{"id":9676,"href":"https:\/\/www.2muve.de\/index.php\/wp-json\/wp\/v2\/posts\/9656\/revisions\/9676"}],"wp:featuredmedia":[{"embeddable":true,"href":"https:\/\/www.2muve.de\/index.php\/wp-json\/wp\/v2\/media\/9670"}],"wp:attachment":[{"href":"https:\/\/www.2muve.de\/index.php\/wp-json\/wp\/v2\/media?parent=9656"}],"wp:term":[{"taxonomy":"category","embeddable":true,"href":"https:\/\/www.2muve.de\/index.php\/wp-json\/wp\/v2\/categories?post=9656"},{"taxonomy":"post_tag","embeddable":true,"href":"https:\/\/www.2muve.de\/index.php\/wp-json\/wp\/v2\/tags?post=9656"}],"curies":[{"name":"wp","href":"https:\/\/api.w.org\/{rel}","templated":true}]}}